{"id":432705,"date":"2022-11-25T20:52:54","date_gmt":"2022-11-25T20:52:54","guid":{"rendered":"https:\/\/dimensionturistica.com\/es\/?p=432705"},"modified":"2022-11-25T20:52:54","modified_gmt":"2022-11-25T20:52:54","slug":"excel-foods-colabora-con-la-consultoria-empresarial-cedec-con-el-objetivo-de-consolidar-su-crecimiento","status":"publish","type":"post","link":"https:\/\/dimensionturistica.com\/es\/excel-foods-colabora-con-la-consultoria-empresarial-cedec-con-el-objetivo-de-consolidar-su-crecimiento\/","title":{"rendered":"EXCEL FOODS colabora con la consultor\u00eda empresarial CEDEC con el objetivo de consolidar su crecimiento"},"content":{"rendered":"<p> <br \/>\n<\/p>\n<div>\/COMUNICAE\/ <\/p>\n<p><a target=\"_blank\" href=\"https:\/\/profesionaleshoy.es\/wp-content\/multimedia\/2022\/11\/Comunicado_CEDEC_EXCEL_FOODS.jpg\" class=\"fotonota\" rel=\"noopener\"> <img decoding=\"async\" src=\"https:\/\/profesionaleshoy.es\/wp-content\/multimedia\/2022\/11\/Comunicado_CEDEC_EXCEL_FOODS.jpg\" style=\"max-width:600px;\" border=\"0\" class=\"postImage\" alt=\"\"\/><\/a><\/p>\n<p>EXCEL FOODS, S.L. es una empresa que nace con el objetivo de cubrir la creciente demanda de fruta congelada entre aquellas empresas con dif\u00edcil acceso a este producto. As\u00ed, con una trayectoria acumulada de m\u00e1s de 20 a\u00f1os, nace en Valencia como proveedor world para la industria alimentaria<\/p>\n<p>En la actualidad, la empresa <strong>importa y distribuye productos congelados, as\u00e9pticos y deshidratados<\/strong>, ya sean zumos, pur\u00e9s, fruta, vegetales, setas, concentrados o clarificados, de uso tanto para el sector industrial como para el de <strong>Meals Service y Restauraci\u00f3n<\/strong>, con soluciones personalizadas a las necesidades concretas de cada cliente, al que asesoran durante todo el proceso para ofrecer la mejor soluci\u00f3n para cada negocio.<\/p>\n<p>La empresa cuenta con un equipo de profesionales expertos altamente cualificados, comprometidos en ofrecer productos de elevada calidad, 100% trazables y manteniendo en todo momento los <strong>m\u00e1ximos est\u00e1ndares de seguridad alimentaria<\/strong>. Cuenta para ello con una amplia purple de alianzas estrat\u00e9gicas con los principales fabricantes a nivel mundial, as\u00ed como acuerdos con companions log\u00edsticos y de almacenaje.<\/p>\n<p>Con el objetivo de <strong>consolidar su crecimiento<\/strong>, EXCEL FOODS, S.L.<strong> <\/strong>colabora con <a target=\"_blank\" href=\"https:\/\/www.cedec-group.com\/es\" rel=\"nofollow noopener\"><strong>CEDEC<\/strong><\/a>, <strong>Consultor\u00eda de Organizaci\u00f3n Estrat\u00e9gica<\/strong> l\u00edder en Europa en <strong>gesti\u00f3n, direcci\u00f3n y organizaci\u00f3n de <\/strong>empresas desde 1965, especializada en<strong> empresas familiares y pymes<\/strong>. La colaboraci\u00f3n entre ambas empresas centra su actuaci\u00f3n en la implementaci\u00f3n de herramientas y procesos para la mejora de su rentabilidad, junto con un an\u00e1lisis del plan comercial de la empresa con el objetivo de crear unas s\u00f3lidas bases para su crecimiento y alcanzar las m\u00e1s altas cotas de Excelencia Empresarial en un futuro pr\u00f3ximo.<\/p>\n<p><strong>CEDEC<\/strong> pone al alcance de las empresas los<strong> sistemas de organizaci\u00f3n <\/strong>que resulten m\u00e1s eficientes con el objetivo de afianzar sus resultados empresariales y trabajar hacia la consecuci\u00f3n de la <strong>Excelencia Empresarial<\/strong>. Gracias a su contrastada metodolog\u00eda, trabaja con y para los empresarios con el objetivo de implementar de forma efectiva, en empresas de cualquier tama\u00f1o, una gesti\u00f3n profesional y actualizada a trav\u00e9s de la aplicaci\u00f3n de t\u00e9cnicas y sistemas de trabajo propios.\u00a0<\/p>\n<p>Implantada en Espa\u00f1a desde 1971, <strong>CEDEC<\/strong> ha participado en proyectos de m\u00e1s de 46.000 empresas, m\u00e1s de 13.000 en Espa\u00f1a, ocupando una plantilla de m\u00e1s de 300 profesionales altamente cualificados en todas sus sedes, 150 de los cuales en Espa\u00f1a. CEDEC es miembro de la <a target=\"_blank\" href=\"https:\/\/aecconsultoras.com\/\" rel=\"nofollow noopener\"><strong>AEC<\/strong><\/a>, la <strong>Asociaci\u00f3n Espa\u00f1ola de Empresas de Consultor\u00eda<\/strong>.<\/p>\n<p>Con oficinas en Espa\u00f1a en Madrid y Barcelona, la <strong>Consultor\u00eda de Organizaci\u00f3n Estrat\u00e9gica para empresas familiares y pymes<\/strong> <strong>CEDEC<\/strong>, est\u00e1 presente en Francia, B\u00e9lgica, Luxemburgo, Suiza e Italia.<\/p>\n<p>El trabajo de CEDEC como<strong> <\/strong>consultor\u00eda especialista en la organizaci\u00f3n estrat\u00e9gica empresarial,\u00a0 se ve reflejado en numerosas opiniones y casos de \u00e9xito de empresas que ofrecen de forma desinteresada su <strong>opini\u00f3n de<\/strong> <strong>CEDEC <\/strong>y que pueden consultarse en las diferentes webs de los pa\u00edses donde est\u00e1 implantada la empresa <a target=\"_blank\" href=\"https:\/\/www.cedec-group.com\/es\/opiniones\" rel=\"nofollow noopener\">https:\/\/www.cedec-group.com\/es\/opiniones<\/a>, con <strong>comentarios <\/strong>en su canal youtube <a target=\"_blank\" href=\"https:\/\/www.youtube.com\/channel\/UCg86SZfSTgWFsRWz27OfW_g\" rel=\"nofollow noopener\">https:\/\/www.youtube.com\/channel\/UCg86SZfSTgWFsRWz27OfW_g<\/a><\/p>\n<p class=\"mediakit\"> Fuente <a target=\"_blank\" href=\"https:\/\/www.comunicae.es\/notas-de-prensa\/excel-foods-colabora-con-la-consultoria\/\" rel=\"noopener\">Comunicae<\/a><\/p>\n<\/div>\n<p>Esta noticia ha sido publicada a trav\u00e9s del servicio de informaci\u00f3n que Comunicae presta a Profesionales Hoy. Si usted representa a una empresa y desea beneficiarse de las ventajas de este servicio acceda al servicio de <a target=\"_blank\" href=\"https:\/\/www.comunicae.es\/servicios\/notas-de-prensa\/\" rel=\"noopener\">Notas de prensa de Comunicae<\/a>.<\/p>\n\n<p><em> \u2018 The preceding article may include information circulated by third parties \u2019 <\/em><\/p>\n<p><em> \u2018 Some details of this article were extracted from the following source news.google.com \u2019 <\/em><\/p>\n","protected":false},"excerpt":{"rendered":"<p>\/COMUNICAE\/ EXCEL FOODS, S.L. es una empresa que nace con el objetivo de cubrir la creciente demanda de fruta congelada entre aquellas empresas con dif\u00edcil acceso a este producto. As\u00ed, con una trayectoria acumulada de m\u00e1s de 20 a\u00f1os, nace en Valencia como proveedor world para la industria alimentaria En la actualidad, la empresa importa [&hellip;]<\/p>\n","protected":false},"author":2,"featured_media":432706,"comment_status":"open","ping_status":"closed","sticky":false,"template":"","format":"standard","meta":{"om_disable_all_campaigns":false,"jnews-multi-image_gallery":[],"jnews_single_post":[],"jnews_primary_category":[],"jnews_social_meta":[],"footnotes":""},"categories":[43],"tags":[634,57850],"class_list":["post-432705","post","type-post","status-publish","format-standard","has-post-thumbnail","hentry","category-gourmet","tag-empresas","tag-referido"],"_links":{"self":[{"href":"https:\/\/dimensionturistica.com\/es\/wp-json\/wp\/v2\/posts\/432705","targetHints":{"allow":["GET"]}}],"collection":[{"href":"https:\/\/dimensionturistica.com\/es\/wp-json\/wp\/v2\/posts"}],"about":[{"href":"https:\/\/dimensionturistica.com\/es\/wp-json\/wp\/v2\/types\/post"}],"author":[{"embeddable":true,"href":"https:\/\/dimensionturistica.com\/es\/wp-json\/wp\/v2\/users\/2"}],"replies":[{"embeddable":true,"href":"https:\/\/dimensionturistica.com\/es\/wp-json\/wp\/v2\/comments?post=432705"}],"version-history":[{"count":0,"href":"https:\/\/dimensionturistica.com\/es\/wp-json\/wp\/v2\/posts\/432705\/revisions"}],"wp:featuredmedia":[{"embeddable":true,"href":"https:\/\/dimensionturistica.com\/es\/wp-json\/wp\/v2\/media\/432706"}],"wp:attachment":[{"href":"https:\/\/dimensionturistica.com\/es\/wp-json\/wp\/v2\/media?parent=432705"}],"wp:term":[{"taxonomy":"category","embeddable":true,"href":"https:\/\/dimensionturistica.com\/es\/wp-json\/wp\/v2\/categories?post=432705"},{"taxonomy":"post_tag","embeddable":true,"href":"https:\/\/dimensionturistica.com\/es\/wp-json\/wp\/v2\/tags?post=432705"}],"curies":[{"name":"wp","href":"https:\/\/api.w.org\/{rel}","templated":true}]}}