{"id":432498,"date":"2022-11-25T14:53:42","date_gmt":"2022-11-25T14:53:42","guid":{"rendered":"https:\/\/dimensionturistica.com\/es\/?p=432498"},"modified":"2022-11-25T14:53:43","modified_gmt":"2022-11-25T14:53:43","slug":"punta-arenas-recibio-el-mayor-crucero-de-su-historia","status":"publish","type":"post","link":"https:\/\/dimensionturistica.com\/es\/punta-arenas-recibio-el-mayor-crucero-de-su-historia\/","title":{"rendered":"Punta Arenas recibi\u00f3 el mayor crucero de su historia"},"content":{"rendered":"<p> <br \/>\n<\/p>\n<div>\n    <!-- Incluir libreria justo antes de <\/head> --><\/p>\n<p class=\"parao_u10fcb\"><span class=\"charo_ub701\" id=\"txsr_a:1:{s:4:&quot;trak&quot;;s:4:&quot;D_20&quot;;}\">E<\/span><span class=\"charo_u6b\" id=\"txsr_a:1:{s:4:&quot;trak&quot;;s:4:&quot;D_20&quot;;}\">l Muelle Arturo Prat de Punta Arenas recibi\u00f3 esta semana a la nave m\u00e1s grande de su historia. <\/span><\/p>\n<p class=\"parao_u10f01\"><span class=\"charo_u6b\" id=\"txsr_a:1:{s:4:&quot;trak&quot;;s:4:&quot;D_20&quot;;}\">Se trat\u00f3 del crucero internacional AIDAmar de 254 metros de eslora.<\/span><\/p>\n<p class=\"parao_u10f01\"><span class=\"charo_u6b\" id=\"txsr_a:1:{s:4:&quot;trak&quot;;s:4:&quot;D_20&quot;;}\">Si<br \/>\n bien en un principio se hab\u00eda confirmado el arribo de la nave AIDAsol,<br \/>\nde similares caracter\u00edsticas, finalmente fue el AIDAmar el que arrib\u00f3 a<br \/>\nPunta Arenas con 1.587 pasajeros.<\/span><\/p>\n<p class=\"parao_u10f01\"><span class=\"charo_u6b\" id=\"txsr_a:1:{s:4:&quot;trak&quot;;s:4:&quot;D_20&quot;;}\">Dado<br \/>\n que se trat\u00f3 de su primer arribo a este puerto, el gerente de la<br \/>\nEmpresa Portuaria Austral, Rodrigo Pommiez, junto a la gerenta de<br \/>\nServicios de la empresa, Marcela Mansilla, acudieron a saludar al<br \/>\ncapit\u00e1n de la nave, Felix Rothe, para realizar el tradicional<br \/>\nintercambio de presentes conmemorativos. Tambi\u00e9n estuvo presente el<br \/>\ngerente zonal de Inchcape, Cristi\u00e1n Mercegu\u00e9. <\/span><\/p>\n<p class=\"parao_u10f01\"><span class=\"charo_u6b\" id=\"txsr_a:1:{s:4:&quot;trak&quot;;s:4:&quot;D_20&quot;;}\">La nave continu\u00f3 viaje rumbo a Ushuaia a las 17:30 horas del martes.<\/span><\/p>\n<p class=\"parao_u10f01\"><span class=\"charo_u6b\" id=\"txsr_a:2:{s:4:&quot;infl&quot;;s:3:&quot;U_0&quot;;s:4:&quot;ptfs&quot;;s:6:&quot;c_Bold&quot;;}\"><strong>Intensa actividad<strong\/><\/strong><\/span><\/p>\n<p class=\"parao_u10f01\"><span class=\"charo_u6b\" id=\"txsr_a:1:{s:4:&quot;trak&quot;;s:4:&quot;D_40&quot;;}\">La temporada de cruceros est\u00e1 despleg\u00e1ndose con fuerza en Magallanes.<\/span><\/p>\n<p class=\"parao_u10f01\"><span class=\"charo_u6b\" id=\"txsr_a:1:{s:4:&quot;trak&quot;;s:4:&quot;D_40&quot;;}\">Es as\u00ed que el 14 de novie<\/span><span class=\"charo_u6b\" id=\"txsr_a:2:{s:4:&quot;phzs&quot;;s:5:&quot;D_105&quot;;s:4:&quot;trak&quot;;s:4:&quot;D_40&quot;;}\">mbre, al crucero Seabourn Enterprise lleg\u00f3 a Punta Arenas como parte de su viaje inaugural. <\/span><\/p>\n<p class=\"parao_u10f01\"><span class=\"charo_u6b\" id=\"txsr_a:2:{s:4:&quot;phzs&quot;;s:5:&quot;D_105&quot;;s:4:&quot;trak&quot;;s:4:&quot;D_40&quot;;}\">La<br \/>\n nave de 172 metros de eslora arrib\u00f3 con 192 pasajeros a bordo, gran<br \/>\nparte de los cuales desembarc\u00f3 siguiendo los protocolos sanitarios<br \/>\nestablecidos por las autoridades.<\/span><\/p>\n<p class=\"parao_u10f01\"><span class=\"charo_u6b\" id=\"txsr_a:2:{s:4:&quot;phzs&quot;;s:5:&quot;D_105&quot;;s:4:&quot;trak&quot;;s:4:&quot;D_40&quot;;}\">Tambi\u00e9n en esta ocasi\u00f3n, el directorio de EPAustral, encabezad<\/span><span class=\"charo_u6b\" id=\"txsr_a:2:{s:4:&quot;phzs&quot;;s:5:&quot;D_105&quot;;s:4:&quot;trak&quot;;s:4:&quot;D_40&quot;;}\">o<br \/>\n por su presidente, Gabriel Aldoney e integrado por los directores<br \/>\nJessica Saldivia, Jos\u00e9 Retamales y el representante de los trabajadores,<br \/>\n Mauricio Varas, acompa\u00f1ado por el gerente normal de la Empresa P<\/span><span class=\"charo_u6b\" id=\"txsr_a:2:{s:4:&quot;phzs&quot;;s:5:&quot;D_105&quot;;s:4:&quot;trak&quot;;s:4:&quot;D_10&quot;;}\">ortuaria Austral, <\/span><span class=\"charo_u6b\" id=\"txsr_a:2:{s:4:&quot;phzs&quot;;s:5:&quot;D_106&quot;;s:4:&quot;trak&quot;;s:4:&quot;D_10&quot;;}\">Rodrigo Pommiez, visitaron la nave junto al ge<\/span><span class=\"charo_u6b\" id=\"txsr_a:2:{s:4:&quot;phzs&quot;;s:5:&quot;D_106&quot;;s:4:&quot;trak&quot;;s:4:&quot;D_10&quot;;}\">rente zonal de la agencia Inchcape, Cristi\u00e1n Mercegu\u00e9, para entre<\/span><span class=\"charo_u6b\" id=\"txsr_a:2:{s:4:&quot;phzs&quot;;s:5:&quot;D_106&quot;;s:4:&quot;trak&quot;;s:4:&quot;D_10&quot;;}\">gar un saludo al capit\u00e1n Stig Betten, as\u00ed como un re<\/span><span class=\"charo_u6b\" id=\"txsr_a:2:{s:4:&quot;phzs&quot;;s:5:&quot;D_106&quot;;s:4:&quot;trak&quot;;s:4:&quot;D_40&quot;;}\">cuerdo de esta primera recalada. <\/span><\/p>\n<\/div>\n<p>\n    <strong>Ping\u00fcino Multimedia<\/strong> entrega este espacio a su p\u00fablico para la expresi\u00f3n private de opiniones y<br \/>\n    comentarios, apelando al respeto entre los usuarios y deslig\u00e1ndose por completo del contenido de los comentarios<br \/>\n    emitidos.\n<\/p>\n<p><script>\n    (function(d, s, id) {\n        var js, fjs = d.getElementsByTagName(s)[0];\n        if (d.getElementById(id)) return;\n        js = d.createElement(s);\n        js.id = id;\n        js.src = \"\/\/connect.facebook.net\/es_LA\/all.js#xfbml=1&appId=326707310733016\";\n        fjs.parentNode.insertBefore(js, fjs);\n    }(document, 'script', 'facebook-jssdk'));\n    <\/script><script async defer crossorigin=\"anonymous\"\n    src=\"https:\/\/connect.facebook.net\/es_LA\/sdk.js#xfbml=1&#038;version=v7.0&#038;appId=2981943065256750&#038;autoLogAppEvents=1\"\n    nonce=\"WHAxAL2H\"><\/script><br \/>\n<br \/><\/p>\n<p><em> &#8221; Fuentes news.google.com &#8221; <\/em><\/p>\n","protected":false},"excerpt":{"rendered":"<p>El Muelle Arturo Prat de Punta Arenas recibi\u00f3 esta semana a la nave m\u00e1s grande de su historia. Se trat\u00f3 del crucero internacional AIDAmar de 254 metros de eslora. Si bien en un principio se hab\u00eda confirmado el arribo de la nave AIDAsol, de similares caracter\u00edsticas, finalmente fue el AIDAmar el que arrib\u00f3 a Punta [&hellip;]<\/p>\n","protected":false},"author":4,"featured_media":432499,"comment_status":"open","ping_status":"closed","sticky":false,"template":"","format":"standard","meta":{"om_disable_all_campaigns":false,"jnews-multi-image_gallery":[],"jnews_single_post":[],"jnews_primary_category":[],"jnews_social_meta":[],"footnotes":""},"categories":[41],"tags":[1280],"class_list":["post-432498","post","type-post","status-publish","format-standard","has-post-thumbnail","hentry","category-cruceros","tag-crucero"],"_links":{"self":[{"href":"https:\/\/dimensionturistica.com\/es\/wp-json\/wp\/v2\/posts\/432498","targetHints":{"allow":["GET"]}}],"collection":[{"href":"https:\/\/dimensionturistica.com\/es\/wp-json\/wp\/v2\/posts"}],"about":[{"href":"https:\/\/dimensionturistica.com\/es\/wp-json\/wp\/v2\/types\/post"}],"author":[{"embeddable":true,"href":"https:\/\/dimensionturistica.com\/es\/wp-json\/wp\/v2\/users\/4"}],"replies":[{"embeddable":true,"href":"https:\/\/dimensionturistica.com\/es\/wp-json\/wp\/v2\/comments?post=432498"}],"version-history":[{"count":0,"href":"https:\/\/dimensionturistica.com\/es\/wp-json\/wp\/v2\/posts\/432498\/revisions"}],"wp:featuredmedia":[{"embeddable":true,"href":"https:\/\/dimensionturistica.com\/es\/wp-json\/wp\/v2\/media\/432499"}],"wp:attachment":[{"href":"https:\/\/dimensionturistica.com\/es\/wp-json\/wp\/v2\/media?parent=432498"}],"wp:term":[{"taxonomy":"category","embeddable":true,"href":"https:\/\/dimensionturistica.com\/es\/wp-json\/wp\/v2\/categories?post=432498"},{"taxonomy":"post_tag","embeddable":true,"href":"https:\/\/dimensionturistica.com\/es\/wp-json\/wp\/v2\/tags?post=432498"}],"curies":[{"name":"wp","href":"https:\/\/api.w.org\/{rel}","templated":true}]}}