{"id":431812,"date":"2022-11-24T14:58:05","date_gmt":"2022-11-24T14:58:05","guid":{"rendered":"https:\/\/dimensionturistica.com\/es\/?p=431812"},"modified":"2022-11-24T14:58:05","modified_gmt":"2022-11-24T14:58:05","slug":"promociones-2x1-y-viajes-al-sur-la-propuesta-veraniega-de-la-uncuyo","status":"publish","type":"post","link":"https:\/\/dimensionturistica.com\/es\/promociones-2x1-y-viajes-al-sur-la-propuesta-veraniega-de-la-uncuyo\/","title":{"rendered":"Promociones 2&#215;1 y viajes al sur, la propuesta veraniega de la UNCuyo"},"content":{"rendered":"<p> <br \/>\n<\/p>\n<div>\n<p>Este a\u00f1o los socios del <strong>membership <\/strong>de la Universidad Nacional de Cuyo (<a rel=\"nofollow noopener\" target=\"_blank\" href=\"https:\/\/www.mdzol.com\/temas\/uncuyo-492.html\"><strong>UNCuyo)<\/strong><\/a> podr\u00e1n optar por un talonario con promociones 2&#215;1. En complete, el beneficio incluye cinco\u00a0cupones\u00a0para visitar el\u00a0refugio ubicado en\u00a0Vallecitos;\u00a0cuatro\u00a0para ingresar al tenting Manquehue en El Carrizal (que cuenta con\u00a0pileta y\u00a0jornadas recreativas) y uno m\u00e1s para alojarse en el sector carpa del tenting Cullumche, en Villa La Angostura (Neuqu\u00e9n). Adem\u00e1s, se podr\u00e1 acceder a una promoci\u00f3n m\u00e1s para asistir a la\u00a0pileta ubicada en el campus universitario.\u00a0<\/p>\n<p>La cuponera\u00a0se podr\u00e1 adquirir en la\u00a0oficina Socios del membership universitario, a partir\u00a0del jueves 1 de diciembre,\u00a0de lunes a viernes, de 9 a 20. Las personas interesadas en acceder estas\u00a0<strong>promociones<\/strong>\u00a0deber\u00e1n\u00a0inscribirse previamente en las actividades. Para hacerlo, deber\u00e1n comunicarse al\u00a0tel\u00e9fono 2614494091, donde tambi\u00e9n podr\u00e1n\u00a0solicitar m\u00e1s informaci\u00f3n. Con esta iniciativa, la secretar\u00eda de Bienestar Universitario busca en este verano que se avecina, establecer una variada oferta de actividades destinadas tanto\u00a0a la comunidad acad\u00e9mica como a todas las personas que deseen sumarse a la propuesta.\u00a0<\/p>\n<aside class=\"htmlinline\"\/>\n<h2>Multiplicidad de propuestas<\/h2>\n<p>Un cl\u00e1sico del <strong>membership<\/strong> es la\u00a0temporada de pileta que este a\u00f1o\u00a0inicia el s\u00e1bado 10 de diciembre. Adem\u00e1s de la piscina, los quinchos, los espacios verdes y los playones deportivos, el\u00a0membership universitario\u00a0propone un programa integral de verano con entrenamiento funcional, zumba, nataci\u00f3n para adultos y ni\u00f1os, juegos para ni\u00f1os, aquaerobic, entrenamiento deportivo, aquazumba y recreaci\u00f3n. Los precios se pueden consultar en la p\u00e1gina <a rel=\"nofollow noopener\" target=\"_blank\" href=\"https:\/\/deportes.uncuyo.edu.ar\/\">web <\/a>de la direcci\u00f3n de Deportes.<\/p>\n<p>Estas propuestas son\u00a0sin costo adicional para todas las personas que compartan la temporada de pileta en la universidad.\u00a0Como todos los a\u00f1os, la\u00a0colonia de <strong>verano<\/strong> ofrece un espacio de recreaci\u00f3n para las\u00a0ni\u00f1as y los ni\u00f1os de 3 a 12 a\u00f1os y adolescentes de entre 13 a 17 a\u00f1os. Comenzar\u00e1 a funcionar el lunes 19 de diciembre y se extender\u00e1 hasta el viernes 17 de febrero del 2023.<\/p>\n<aside class=\"htmlinline\"\/>\n<h2>Recreaci\u00f3n para mayores de 50<\/h2>\n<p>Este a\u00f1o, el membership de la <strong>UNCuyo <\/strong>suma una novedosa actividad de recreaci\u00f3n, juegos, nataci\u00f3n y deporte, esta vez,\u00a0para personas mayores. Se trata de la colonia de <strong>verano<\/strong> para quienes tengan cincuenta a\u00f1os o m\u00e1s. Quedar\u00e1 habilitada\u00a0desde el martes 3 de enero hasta el viernes 24 de febrero y funcionar\u00e1 los martes, jueves y viernes, de 16.30 a 19.30.\u00a0Como es routine se har\u00e1n\u00a0campamentos\u00a0y est\u00e1 prevista la realizaci\u00f3n de las dos actividades m\u00e1s tradiciones\u00a0que son el\u00a0Natatl\u00f3n Solidario\u00a0y la\u00a0Cena Acquainted.<\/p>\n<aside class=\"relacionadas con-foto\">\n<h5>Noticias Relacionadas<\/h5>\n<\/aside>\n<figure class=\"image\"><img decoding=\"async\" alt=\"\" height=\"572\" src=\"https:\/\/news.google.com\/u\/fotografias\/m\/2022\/11\/24\/f768x1-1321775_1321902_30.jpg\" width=\"768\"\/><figcaption>La UNCuyo da la posibilidad de viajar a Villa La Angostura.<\/figcaption><\/figure>\n<p>Otro de los sitios que se podr\u00e1 disfrutar fuera del campus de la\u00a0<strong>UNCuyo<\/strong>, es\u00a0el tenting Manquehue de El Carrizal que\u00a0inicia su temporada el 3 de diciembre. En sus instalaciones se realizar\u00e1n\u00a0cuatro jornadas recreativas\u00a0destinadas a las familias, adem\u00e1s de juegos y clases de zumba y otras actividades. Para los amantes del sur argentino, el membership universitario\u00a0propone vacaciones en el\u00a0Tenting y Albergue Cullumche, en Villa La Angostura, hasta donde viajar\u00e1n\u00a0ocho contingentes. Para quienes opten por esta oferta\u00a0se han organizado\u00a0excursiones y diversas actividades recreativas grupales en medio de paisajes emblem\u00e1ticos como el Lago Nahuel Huapi, Lago Correntoso, Lago Espejo, Bosque de Arrayanes, entre otros destinos.\u00a0Quienes concurran tendr\u00e1n alojamiento en el albergue, parcelas en el tenting y la posibilidad de participar de las actividades recreativas que se organicen en el Complejo.<\/p>\n<\/div>\n<p><script>\n        !function (f, b, e, v, n, t, s) {\n            if (f.fbq) return; n = f.fbq = function () {\n                n.callMethod ?\n                n.callMethod.apply(n, arguments) : n.queue.push(arguments)\n            };\n            if (!f._fbq) f._fbq = n; n.push = n; n.loaded = !0; n.version = '2.0';\n            n.queue = []; t = b.createElement(e); t.async = !0;\n            t.src = v; s = b.getElementsByTagName(e)[0];\n            s.parentNode.insertBefore(t, s)\n        }(window, document, 'script',\n            'https:\/\/connect.facebook.net\/en_US\/fbevents.js');\n        fbq('init', '348054322043240');\n        fbq('track', 'PageView');\n    <\/script><br \/>\n<br \/><\/p>\n<p><em> &#8221; Fuentes news.google.com &#8221; <\/em><\/p>\n","protected":false},"excerpt":{"rendered":"<p>Este a\u00f1o los socios del membership de la Universidad Nacional de Cuyo (UNCuyo) podr\u00e1n optar por un talonario con promociones 2&#215;1. En complete, el beneficio incluye cinco\u00a0cupones\u00a0para visitar el\u00a0refugio ubicado en\u00a0Vallecitos;\u00a0cuatro\u00a0para ingresar al tenting Manquehue en El Carrizal (que cuenta con\u00a0pileta y\u00a0jornadas recreativas) y uno m\u00e1s para alojarse en el sector carpa del tenting Cullumche, [&hellip;]<\/p>\n","protected":false},"author":4,"featured_media":431813,"comment_status":"open","ping_status":"closed","sticky":false,"template":"","format":"standard","meta":{"om_disable_all_campaigns":false,"jnews-multi-image_gallery":[],"jnews_single_post":[],"jnews_primary_category":[],"jnews_social_meta":[],"footnotes":""},"categories":[39],"tags":[1373,57744,2873],"class_list":["post-431812","post","type-post","status-publish","format-standard","has-post-thumbnail","hentry","category-viajes","tag-promociones","tag-uncuyo","tag-verano"],"_links":{"self":[{"href":"https:\/\/dimensionturistica.com\/es\/wp-json\/wp\/v2\/posts\/431812","targetHints":{"allow":["GET"]}}],"collection":[{"href":"https:\/\/dimensionturistica.com\/es\/wp-json\/wp\/v2\/posts"}],"about":[{"href":"https:\/\/dimensionturistica.com\/es\/wp-json\/wp\/v2\/types\/post"}],"author":[{"embeddable":true,"href":"https:\/\/dimensionturistica.com\/es\/wp-json\/wp\/v2\/users\/4"}],"replies":[{"embeddable":true,"href":"https:\/\/dimensionturistica.com\/es\/wp-json\/wp\/v2\/comments?post=431812"}],"version-history":[{"count":0,"href":"https:\/\/dimensionturistica.com\/es\/wp-json\/wp\/v2\/posts\/431812\/revisions"}],"wp:featuredmedia":[{"embeddable":true,"href":"https:\/\/dimensionturistica.com\/es\/wp-json\/wp\/v2\/media\/431813"}],"wp:attachment":[{"href":"https:\/\/dimensionturistica.com\/es\/wp-json\/wp\/v2\/media?parent=431812"}],"wp:term":[{"taxonomy":"category","embeddable":true,"href":"https:\/\/dimensionturistica.com\/es\/wp-json\/wp\/v2\/categories?post=431812"},{"taxonomy":"post_tag","embeddable":true,"href":"https:\/\/dimensionturistica.com\/es\/wp-json\/wp\/v2\/tags?post=431812"}],"curies":[{"name":"wp","href":"https:\/\/api.w.org\/{rel}","templated":true}]}}