{"id":431758,"date":"2022-11-24T13:53:26","date_gmt":"2022-11-24T13:53:26","guid":{"rendered":"https:\/\/dimensionturistica.com\/es\/?p=431758"},"modified":"2022-11-24T13:53:26","modified_gmt":"2022-11-24T13:53:26","slug":"el-castillo-donde-fue-feliz-el-marques-de-sade","status":"publish","type":"post","link":"https:\/\/dimensionturistica.com\/es\/el-castillo-donde-fue-feliz-el-marques-de-sade\/","title":{"rendered":"El castillo donde fue feliz el Marqu\u00e9s de Sade"},"content":{"rendered":"<p> <br \/>\n<\/p>\n<div>\n<div id=\"involveds\" class=\"involveds wrap\">\n<div class=\"involved-authors only-author\">\n<div class=\"first-author\">\n<figure class=\"thumb col-xs-3\">&#13;<img loading=\"lazy\" decoding=\"async\" src=\"https:\/\/news.google.com\/medio\/2021\/12\/09\/foto-alex-newsletter_0d47dd82_600x600.jpg\" alt=\"Foto Alex Newsletter\" class=\"lazyload\" width=\"600\" height=\"600\" data-aspectratio=\"600\/600\"\/><noscript><img decoding=\"async\" src=\"https:\/\/news.google.com\/medio\/2021\/12\/09\/foto-alex-newsletter_0d47dd82_600x600.jpg\" alt=\"Foto Alex Newsletter\"\/><\/noscript>&#13;<\/figure>\n<\/div>\n<\/div>\n<\/div>\n<p class=\"date\"> <time itemprop=\"dateModified\" datetime=\"2022-11-24T07:00:00+01:00\" data-timestamp=\"1669273200\">&#13;24 de noviembre de 2022 \u00b7 07:00<\/time>&#13;<\/p>\n<\/div>\n<div id=\"article-text\">\n<div class=\"txt\">\n<aside class=\"subscription-highlighted\">\n<div class=\"subscription-container\">\n<div class=\"non-subscribed\">\n<p class=\"description\">Especial Black Friday. Suscr\u00edbete hoy al -50% a la revista Viajes Nationwide Geographic y explora nuevos destinos<\/p>\n<p><a rel=\"nofollow noopener\" target=\"_blank\" href=\"https:\/\/tienda.rba.es\/revistas\/landing-suscripcion-viajes-national-geographic-black-friday?rba_source=viajes.nationalgeographic.com.es&amp;rba_medium=referral&amp;rba_campaign=black-friday-ngmv&amp;rba_term=viajesnationalgeographic&amp;rba_content=frase-articulo\" class=\"more-link\">EMPIEZA YA<\/a><\/div>\n<\/div>\n<\/aside>\n<p style=\"display: none;\"><img decoding=\"async\" id=\"ctl01_ctl00_phMain_phMain_ctl00_ctl02_ctl17_ctl01_imgContent\" src=\"https:\/\/news.google.com\/medio\/2022\/11\/23\/lacoste_8f4c1188_800x800.jpg\" alt=\"Lacoste\" style=\"border-width:0px;\"\/><\/p>\n<aside class=\"add300x250 publi-interior-top ad-container-r1 ad-inline\"\/>\n<p dir=\"ltr\"><span id=\"docs-internal-guid-6ef582b6-7fff-7a1e-bad7-6c1815962d49\">Para San Juan los campos de lavanda dan lo mejor de s\u00ed con <a rel=\"nofollow noopener\" target=\"_blank\" href=\"https:\/\/viajes.nationalgeographic.com.es\/a\/provenza-flor-donde-disfrutar-campos-lavanda_18258\">una explosi\u00f3n de color en el paisaje de la Provenza<\/a>. Conoc\u00eda bien el efecto crom\u00e1tico de la lavanda el marqu\u00e9s de Sade, quien ten\u00eda en el Ch\u00e2teau de Lacoste su mejor refugio cuando las cosas no le iban demasiado bien en el convulso Par\u00eds de su \u00e9poca. El de Lacoste period el castillo acquainted, por el que ten\u00eda m\u00e1s apego. Hoy es propiedad de Pierre Cardin quien pidi\u00f3 consolidar las ruinas y restaurar dos plantas. De alg\u00fan modo, se trata de una arquitectura que expresa decadencia controlada. <\/span><\/p>\n<h2 dir=\"ltr\"><span>Olvido o memoria<\/span><\/h2>\n<p><span id=\"docs-internal-guid-6ef582b6-7fff-7a1e-bad7-6c1815962d49\">\u201cLa fosa, una vez recubierta, ser\u00e1 sembrada, para que despu\u00e9s, al encontrarse el terreno de la citada fosa guarnecido, de nuevo y el bosque cubierto como lo estaba antes, las huellas de mi tumba desaparezcan de encima de la superficie de la tierra cama [&#8230;]\u201d, esto es lo que dec\u00eda el testamento del Marqu\u00e9s de Sade. Pero la posteridad no le ha tratado bien: hoy una silueta suya enmarca la puerta de entrada como memoria imborrable sobre las piedras del castillo. <\/span><\/p>\n<figure class=\"thumb zoom\"><img loading=\"lazy\" decoding=\"async\" sizes=\"auto, 100vw\" srcset=\"https:\/\/news.google.com\/medio\/2022\/11\/23\/sade-en-lacoste_737b2a0d_720x959.jpg 720w,https:\/\/news.google.com\/medio\/2022\/11\/23\/sade-en-lacoste_1da8f0db_1200x1599.jpg 1200w\" src=\"https:\/\/news.google.com\/medio\/2022\/11\/23\/sade-en-lacoste_1da8f0db_1200x1599.jpg\" alt=\"Sade en lacoste\" class=\"lazyload\" width=\"1200\" height=\"1599\" data-aspectratio=\"1200\/1599\"\/><noscript><img decoding=\"async\" src=\"https:\/\/news.google.com\/medio\/2022\/11\/23\/sade-en-lacoste_1da8f0db_1200x1599.jpg\" alt=\"Sade en lacoste\"\/><\/noscript><\/p>\n<p>&#13;<figcaption class=\"by\">&#13;Foto: Jos\u00e9 Alejandro Adamuz<\/figcaption>&#13;<\/p>\n<\/figure>\n<p><span id=\"docs-internal-guid-6ef582b6-7fff-7a1e-bad7-6c1815962d49\">Su testamento segu\u00eda: \u201c[&#8230;] como espero que mi recuerdo se borre igualmente de la memoria de los hombres, excepto de los pocos que me han continuado amando hasta el \u00faltimo momento de mi existencia, de los cuales me llevar\u00e9 a la tumba un recuerdo muy dulce\u201d. Lo continu\u00f3 amando, aunque mucho despu\u00e9s de muerto, el te\u00f3rico George Bataille, para quien el Marqu\u00e9s de Sade representaba el mal en las letras. Para Apollinaire period el hombre m\u00e1s libre. El artista Man Ray tambi\u00e9n lo persigui\u00f3 y vino a Lacoste e hizo algunas fotograf\u00edas cuyos negativos se encuentran hoy en d\u00eda en el archivo del Centre Pompidou de Par\u00eds. <\/span><\/p>\n<p><span id=\"docs-internal-guid-6ef582b6-7fff-7a1e-bad7-6c1815962d49\">Se antoja extra\u00f1o vincular la oscuridad de Sade con la luz pict\u00f3rica de la lavanda, pero hasta un libertino excelso como \u00e9l debi\u00f3 necesitar descansar algunos momentos de tanta carnalidad. Situado entre Bonnieux y Gordes, el Ch\u00e2teau de Lacoste es una de las <a rel=\"nofollow noopener\" target=\"_blank\" href=\"https:\/\/viajes.nationalgeographic.com.es\/a\/ruta-por-provenza-francia-entre-campos-lavanda_8288\">joyas monumentales del Luberon<\/a>. <strong>Se puede visitar de junio a septiembre<\/strong> si se quiere rendir homenaje al c\u00e9lebre marqu\u00e9s, pero vale la pena pasarse igualmente aunque el viajero no sea de costumbres tan libertinas como las suyas solo por disfrutar de las vistas que brindan la explanada de acceso al castillo sobre el pueblo y los bellos campos de Lavanda de la Provence.<\/span><\/p>\n<aside class=\"add300x600 publi-interior-bot ad-inline ad-container-r2\"\/><\/div>\n<p><!-- START:toolbar --><!-- END:toolbar --><\/div>\n\n<p><em> &#8221; Fuentes news.google.com &#8221; <\/em><\/p>\n","protected":false},"excerpt":{"rendered":"<p>&#13;&#13; &#13;24 de noviembre de 2022 \u00b7 07:00&#13; Especial Black Friday. Suscr\u00edbete hoy al -50% a la revista Viajes Nationwide Geographic y explora nuevos destinos EMPIEZA YA Para San Juan los campos de lavanda dan lo mejor de s\u00ed con una explosi\u00f3n de color en el paisaje de la Provenza. Conoc\u00eda bien el efecto crom\u00e1tico [&hellip;]<\/p>\n","protected":false},"author":4,"featured_media":431759,"comment_status":"open","ping_status":"closed","sticky":false,"template":"","format":"standard","meta":{"om_disable_all_campaigns":false,"jnews-multi-image_gallery":[],"jnews_single_post":[],"jnews_primary_category":[],"jnews_social_meta":[],"footnotes":""},"categories":[39],"tags":[47258,47257],"class_list":["post-431758","post","type-post","status-publish","format-standard","has-post-thumbnail","hentry","category-viajes","tag-cargado-desde-el-fichero-de-recursos","tag-keywords-por-defecto"],"_links":{"self":[{"href":"https:\/\/dimensionturistica.com\/es\/wp-json\/wp\/v2\/posts\/431758","targetHints":{"allow":["GET"]}}],"collection":[{"href":"https:\/\/dimensionturistica.com\/es\/wp-json\/wp\/v2\/posts"}],"about":[{"href":"https:\/\/dimensionturistica.com\/es\/wp-json\/wp\/v2\/types\/post"}],"author":[{"embeddable":true,"href":"https:\/\/dimensionturistica.com\/es\/wp-json\/wp\/v2\/users\/4"}],"replies":[{"embeddable":true,"href":"https:\/\/dimensionturistica.com\/es\/wp-json\/wp\/v2\/comments?post=431758"}],"version-history":[{"count":0,"href":"https:\/\/dimensionturistica.com\/es\/wp-json\/wp\/v2\/posts\/431758\/revisions"}],"wp:featuredmedia":[{"embeddable":true,"href":"https:\/\/dimensionturistica.com\/es\/wp-json\/wp\/v2\/media\/431759"}],"wp:attachment":[{"href":"https:\/\/dimensionturistica.com\/es\/wp-json\/wp\/v2\/media?parent=431758"}],"wp:term":[{"taxonomy":"category","embeddable":true,"href":"https:\/\/dimensionturistica.com\/es\/wp-json\/wp\/v2\/categories?post=431758"},{"taxonomy":"post_tag","embeddable":true,"href":"https:\/\/dimensionturistica.com\/es\/wp-json\/wp\/v2\/tags?post=431758"}],"curies":[{"name":"wp","href":"https:\/\/api.w.org\/{rel}","templated":true}]}}