{"id":431622,"date":"2022-11-24T09:19:58","date_gmt":"2022-11-24T09:19:58","guid":{"rendered":"https:\/\/dimensionturistica.com\/es\/?p=431622"},"modified":"2022-11-24T09:19:59","modified_gmt":"2022-11-24T09:19:59","slug":"los-constructores-de-la-alhambra-un-viaje-a-las-raices-musulmanas-del-renacimiento","status":"publish","type":"post","link":"https:\/\/dimensionturistica.com\/es\/los-constructores-de-la-alhambra-un-viaje-a-las-raices-musulmanas-del-renacimiento\/","title":{"rendered":"&#8220;Los constructores de la Alhambra&#8221;, un viaje a las ra\u00edces musulmanas del Renacimiento"},"content":{"rendered":"<p> <br \/>\n<\/p>\n<div>\n<aside class=\"subscription-highlighted\">\n<div class=\"subscription-container\">\n<div class=\"non-subscribed\">\n<p class=\"description\">Especial Black Friday. Suscr\u00edbete hoy al -50% a la revista Viajes Nationwide Geographic y explora nuevos destinos<\/p>\n<p><a rel=\"nofollow noopener\" target=\"_blank\" href=\"https:\/\/tienda.rba.es\/revistas\/landing-suscripcion-viajes-national-geographic-black-friday?rba_source=viajes.nationalgeographic.com.es&amp;rba_medium=referral&amp;rba_campaign=black-friday-ngmv&amp;rba_term=viajesnationalgeographic&amp;rba_content=frase-articulo\" class=\"more-link\">EMPIEZA YA<\/a><\/div>\n<\/div>\n<\/aside>\n<p style=\"display: none;\"><img decoding=\"async\" id=\"ctl01_ctl00_phMain_phMain_ctl00_ctl02_ctl17_ctl01_imgContent\" src=\"https:\/\/news.google.com\/medio\/2022\/11\/22\/alhambra_a5a9b9bf_800x800.jpg\" alt=\"Alhambra\" style=\"border-width:0px;\"\/><\/p>\n<aside class=\"add300x250 publi-interior-top ad-container-r1 ad-inline\"\/>\n<p>\u201cEl rodaje ha implicado un trabajo largo de negociaci\u00f3n con la instituci\u00f3n, que ha estado a favor del proyecto todo el tiempo, para ver c\u00f3mo establec\u00edamos unos protocolos que no son habituales para un rodaje de ficci\u00f3n, que permitieran que ellos estuvieran c\u00f3modos, que el edificio estuviera protegido y que nosotros pudi\u00e9ramos trabajar\u201d, detalla a Viajes Nationwide Geographic detalla Isabel Fern\u00e1ndez, tambi\u00e9n productora y guionista de la pel\u00edcula junto a Margarita Melgar (seud\u00f3nimo de Montse Ganges y Ana Sanz-Magall\u00f3n). <strong>Se ha rodado con un equipo muy reducido de seis o siete personas autorizadas y dos actores<\/strong>, siempre en franjas de dos horas como m\u00e1ximo, lo que ha hecho m\u00e1s dura la producci\u00f3n. \u201cNo hab\u00eda otra manera de hacerlo y ha merecido la pena\u201d, concluye Isabel Fern\u00e1ndez. El guion ha contado con el apoyo cient\u00edfico de los mejores expertos del Patronato de la Alhambra, la Universidad de Granada y la Escuela de Estudios \u00c1rabes del CSIC, en una colaboraci\u00f3n art\u00edstico-cient\u00edfica sin precedentes.<\/p>\n<h2>Entre la ficci\u00f3n y el documental<\/h2>\n<p><em>Los constructores de la Alhambra <\/em>comienza con una poderosa secuencia que nos va descubriendo el edificio desde fuera, al tiempo que una voz en off va contandodice: \u201cCasi nadie lo recuerda, pero el Renacimiento empez\u00f3 mucho antes del Renacimiento. Cientos de a\u00f1os antes, en una civilizaci\u00f3n en el sur de Europa. Esa civilizaci\u00f3n es la Andalus\u00ed y esta fortaleza de La Alhambra, una de las mayores manifestaciones de nuestro genio. Tras estos muros han florecido el arte y la ciencia. Tambi\u00e9n hemos vivido el dolor y la traici\u00f3n. Nuestras obras son sublimes. Nuestras almas solo humanas. As\u00ed es como debemos juzgar esta historia\u201d, introduce el personaje de Ibn al-Jatib. Entonces arranca su historia.<\/p>\n<section class=\"related-article-content relacionado\">\n<p class=\"relatedTitle\">Art\u00edculo relacionado<\/p>\n<p><a rel=\"nofollow noopener\" target=\"_blank\" href=\"https:\/\/news.google.com\/a\/curiosidades-alhambra-que-hacen-todavia-mas-fascinante_15511\" class=\"rel\"><\/p>\n<article class=\"article\">&#13;<\/p>\n<figure class=\"thumb\">&#13;<img decoding=\"async\" src=\"https:\/\/news.google.com\/medio\/2022\/10\/30\/istock-1053101196_d492bdd2_1280x720.jpg\" alt=\"iStock-1053101196\" class=\"imagenRelacionado lazyload\"\/><noscript><img decoding=\"async\" src=\"https:\/\/news.google.com\/medio\/2022\/10\/30\/istock-1053101196_d492bdd2_1280x720.jpg\" alt=\"iStock-1053101196\"\/><\/noscript>&#13;<\/figure>\n<p>&#13;<\/p>\n<div class=\"relacionadoTxt\">\n<p>&#13;<\/p>\n<h4 class=\"supertitle\">&#13;En profundidad<\/h4>\n<h4 class=\"title\">&#13;Curiosidades de la Alhambra que la hacen todav\u00eda m\u00e1s fascinante<\/h4>\n<p>&#13;<\/p>\n<\/div>\n<\/article>\n<p><\/a><\/section>\n<p><em>Los constructores de la Alhambra<\/em> llega para llenar <strong>el hueco de la historia de Al-\u00c1ndalus<\/strong>. \u201cHay un agujero de no atenci\u00f3n al respecto de muchos siglos que est\u00e1n llenos de historias humanas muy potentes y de personajes muy fascinantes, que son trascendentes y que no se limitan a un impacto en ese periodo sino que lo tienen para lo que viene despu\u00e9s. Me gustar\u00eda que sirviese para reflexionar sobre una parte fundamental de qui\u00e9nes somos y para reivindicar el peso de Al-\u00c1ndalus en la creaci\u00f3n de la cultura europea\u201d, subraya la directora.<\/p>\n<figure class=\"thumb zoom\"><img loading=\"lazy\" decoding=\"async\" sizes=\"auto, 100vw\" srcset=\"https:\/\/news.google.com\/medio\/2022\/11\/22\/interior-torre-cautiva-alhambra_95d5b942_720x470.jpg 720w,https:\/\/news.google.com\/medio\/2022\/11\/22\/interior-torre-cautiva-alhambra_c54233ab_1200x784.jpg 1200w\" src=\"https:\/\/news.google.com\/medio\/2022\/11\/22\/interior-torre-cautiva-alhambra_c54233ab_1200x784.jpg\" class=\"lazyload\" width=\"1200\" height=\"784\" data-aspectratio=\"1200\/784\"\/><noscript><img decoding=\"async\" src=\"https:\/\/news.google.com\/medio\/2022\/11\/22\/interior-torre-cautiva-alhambra_c54233ab_1200x784.jpg\"\/><\/noscript><\/p>\n<div class=\"info\">\n<div class=\"credit\">\n<p>As\u00ed es la Torre de la Cautiva en su inside.<\/p>\n<\/div><figcaption class=\"by\">&#13;Foto: Alhambra-patronato<\/figcaption><\/div>\n<\/figure>\n<p><strong>La pel\u00edcula es una ficci\u00f3n con elementos de documental o una no-ficci\u00f3n con un gran peso dram\u00e1tico<\/strong>. Que cada cual elija. \u201cNo me gustan los documentales est\u00e1ticos sino humanos. Me gusta crear pel\u00edculas centradas en personajes. Yo trabajo mucho con el archivo y para esta pel\u00edcula he construido uno del siglo XIV. Tengo una herramienta que no tiene mucha gente: una persona que me ha escrito un mont\u00f3n de textos que llegan y que me est\u00e1n hablando de la cotidianeidad, de cosas que han pasado en este edificio. C\u00f3mo no hacerlo as\u00ed\u201d, matiza Isabel Fern\u00e1ndez.<\/p>\n<p>Esa persona a la que se refiere es Ibn al-Jatib, visir y poeta de los Reyes de Granada, un genio adelantado a su \u00e9poca. Y esos textos a los que alude son <strong>sus cr\u00f3nicas del siglo XIV, escritas en la que fue la \u00e9poca m\u00e1s esplendorosa de la ciudad palatina nazar\u00ed<\/strong>. En ellas se basa la pel\u00edcula. \u00c9l es el protagonista y narrador de la historia: el hombre que encarna el esp\u00edritu de La Alhambra.<\/p>\n<p>\u201cSiempre me ha fascinado el legado musulm\u00e1n en Europa y especialmente la Alhambra, que es su obra cumbre\u201d, cuenta la directora, quien se sumergi\u00f3 hace seis a\u00f1o en la historia de <a rel=\"nofollow noopener\" target=\"_blank\" href=\"https:\/\/viajes.nationalgeographic.com.es\/a\/arte-granada-alhambra-y-mucho-mas_10960\">Granada<\/a>. Quer\u00eda, cube, explorar la intimidad de un edificio que fascina a todo el mundo. Cuando comenz\u00f3 a hablar con historiadores que dominan el tema, les dijo que necesitaba <strong>una figura humana que le sirviera de hilo conductor y que permitiera humanizar el conjunto de la Alhambra<\/strong>. \u201cY de repente, un espacio tan relevante como ten\u00eda un cronista as\u00ed de potente que, adem\u00e1s, vivi\u00f3 en el periodo trascendente en el que se est\u00e1 ideando y construyendo La Alhambra. El personaje ya estaba ah\u00ed\u201d, cuenta la directora. En la ficci\u00f3n, es el afamado actor egipcio franc\u00e9s Amr Waked quien da vida al personaje.<\/p>\n<figure class=\"thumb zoom\"><img loading=\"lazy\" decoding=\"async\" sizes=\"auto, 100vw\" srcset=\"https:\/\/news.google.com\/medio\/2022\/11\/22\/en-familia-alhambra-de-granada_8e0d6f3c_720x540.jpg 720w,https:\/\/news.google.com\/medio\/2022\/11\/22\/en-familia-alhambra-de-granada_a1a70a47_1200x900.jpg 1200w\" src=\"https:\/\/news.google.com\/medio\/2022\/11\/22\/en-familia-alhambra-de-granada_a1a70a47_1200x900.jpg\" alt=\"En familia: Alhambra de Granada\" class=\"lazyload\" width=\"1200\" height=\"900\" data-aspectratio=\"1200\/900\"\/><noscript><img decoding=\"async\" src=\"https:\/\/news.google.com\/medio\/2022\/11\/22\/en-familia-alhambra-de-granada_a1a70a47_1200x900.jpg\" alt=\"En familia: Alhambra de Granada\"\/><\/noscript><\/figure>\n<h2>No hay ciencia sin esp\u00edritu<\/h2>\n<p>\u201cAl principio, cuando le\u00ed el guion, estaba en shock, porque nunca hab\u00eda escuchado su nombre. Entonces empec\u00e9 con una investigaci\u00f3n peque\u00f1a y descubr\u00ed a alguien que tiene mucho talento y que es astr\u00f3nomo, poeta, m\u00e9dico, fil\u00f3sofo, arquitecto\u2026 He le\u00eddo un poquito de sus libros y no estoy seguro de haberlo entendido todo, porque no puedo analizar la lengua antigua \u00e1rabe como debiera, pero lo que he visto es algo muy espec\u00edfico de esta \u00e9poca: alguien que es bueno en ciencia tiene que ser bueno en esp\u00edritu. Todo tiene que estar conectado\u201d, cuenta Amr Waked en el inside de la torre de la Cautiva al respecto del personaje hist\u00f3rico de Ibn al-Jatib. \u201c Tiene el Cor\u00e1n aqu\u00ed y aqu\u00ed y aqu\u00ed-prosigue mientras se\u00f1ala con el dedo un friso que recorre las paredes-]. No hay ciencia sin esp\u00edritu. No hay edificio sin palabras. Es algo muy rom\u00e1ntico. Este hombre ha dejado algo dentro de m\u00ed, ha tocado muy profundo en mi alma y me gusta mucho m\u00e1s la cultura \u00e1rabe despu\u00e9s de haber hecho esta pel\u00edcula\u201d, describe el int\u00e9rprete de <em>Syriana<\/em> o <em>La pesca del salm\u00f3n en Yemen<\/em>.<\/p>\n<figure class=\"thumb zoom\"><img loading=\"lazy\" decoding=\"async\" sizes=\"auto, 100vw\" srcset=\"https:\/\/news.google.com\/medio\/2022\/11\/22\/alhambra-vertical_d782d011_720x1143.jpg 720w,https:\/\/news.google.com\/medio\/2022\/11\/22\/alhambra-vertical_abcadd13_1200x1905.jpg 1200w\" src=\"https:\/\/news.google.com\/medio\/2022\/11\/22\/alhambra-vertical_abcadd13_1200x1905.jpg\" alt=\"Alhambra Vertical\" class=\"lazyload\" width=\"1200\" height=\"1905\" data-aspectratio=\"1200\/1905\"\/><noscript><img decoding=\"async\" src=\"https:\/\/news.google.com\/medio\/2022\/11\/22\/alhambra-vertical_abcadd13_1200x1905.jpg\" alt=\"Alhambra Vertical\"\/><\/noscript><\/figure>\n<h2>El ansia de trascendencia<\/h2>\n<p>Es el a\u00f1o 1340. Yusuf I (Hamid Krim), el Sult\u00e1n de Granada, sabe que su asediado Reino est\u00e1 condenado a desaparecer por el avance de los reinos vecinos. <strong>Es el canto del cisne de Al-\u00c1ndalus<\/strong>. Se embarca entonces en la construcci\u00f3n de <strong>un edificio que refleje el esplendor de su civilizaci\u00f3n y desaf\u00ede al olvido: los palacios de la Alhambra<\/strong>. Su visir, Ibn al-Jatib (Amr Waked), participa en este colosal desaf\u00edo. <strong>Es as\u00ed como nace el Palacio de Comares, que convierte la Alhambra el \u00fanico palacio-poema del mundo<\/strong>. Con sus paredes decoradas con caligraf\u00eda \u00e1rabe. Con su torre y su c\u00fapula: una mirada al cielo con m\u00e1s de 8.000 piezas acopladas siguiendo un patr\u00f3n geom\u00e9trico.<\/p>\n<section class=\"related-article-content relacionado\">\n<p class=\"relatedTitle\">Art\u00edculo relacionado<\/p>\n<p><a rel=\"nofollow noopener\" target=\"_blank\" href=\"https:\/\/news.google.com\/a\/unicas-15-ciudades-espanolas-que-son-patrimonio-humanidad_13772\" class=\"rel\"><\/p>\n<article class=\"article\">&#13;<\/p>\n<figure class=\"thumb\">&#13;<img decoding=\"async\" src=\"https:\/\/news.google.com\/medio\/2022\/11\/04\/shutterstock-1792004477_ed2265d1_1280x720.jpg\" alt=\"shutterstock 1792004477\" class=\"imagenRelacionado lazyload\"\/><noscript><img decoding=\"async\" src=\"https:\/\/news.google.com\/medio\/2022\/11\/04\/shutterstock-1792004477_ed2265d1_1280x720.jpg\" alt=\"shutterstock 1792004477\"\/><\/noscript>&#13;<\/figure>\n<p>&#13;<\/p>\n<div class=\"relacionadoTxt\">\n<p>&#13;<\/p>\n<h4 class=\"supertitle\">&#13;Escapada cultural<\/h4>\n<h4 class=\"title\">&#13;15 ciudades Patrimonio de la Humanidad<\/h4>\n<p>&#13;<\/p>\n<\/div>\n<\/article>\n<p><\/a><\/section>\n<p>\u201cPero si el padre ha pedido el cielo, el hijo quiere el para\u00edso\u201d, cube el personaje de Ibn al-Jatib en un momento de la pel\u00edcula. Cuando el sult\u00e1n muere asesinado, su hijo, Muhammad V (Adil Koukouh), lo hereda e involucra a Ibn al-Jatib en las nuevas pol\u00edticas de su reinado. Es entonces cuando el visir se debate entre las concepts de su antiguo mundo y el nuevo que est\u00e1 surgiendo. En este periodo, La Alhambra florece como nunca, ya que Muhammad V utiliza la arquitectura para reforzar su poder y crea obras innovadoras como el patio y la fuente del Palacio de los Leones.<\/p>\n<p>En esta aventura very important, <strong>acompa\u00f1an al protagonista otros personajes igual de reales<\/strong>: Ibn Zamrak, su alumno aventajado y el gran poeta de la Alhambra (la mayor\u00eda de sus poemas decoran las paredes, la fuente y las c\u00fapulas del Palacio de los Leones) y Umm al-Hasan, la \u00fanica mujer a la que Ibn al-Jatib hace referencia en sus cr\u00f3nicas, una experta en lecturas cor\u00e1nicas, estudiosa de medicina y poeta.<\/p>\n<figure class=\"thumb zoom\"><img loading=\"lazy\" decoding=\"async\" sizes=\"auto, 100vw\" srcset=\"https:\/\/news.google.com\/medio\/2022\/11\/22\/alhambra_eccb3f2c_720x478.jpg 720w,https:\/\/news.google.com\/medio\/2022\/11\/22\/alhambra_e7f2c8b5_1200x797.jpg 1200w\" src=\"https:\/\/news.google.com\/medio\/2022\/11\/22\/alhambra_e7f2c8b5_1200x797.jpg\" alt=\"Alhambra\" class=\"lazyload\" width=\"1200\" height=\"797\" data-aspectratio=\"1200\/797\"\/><noscript><img decoding=\"async\" src=\"https:\/\/news.google.com\/medio\/2022\/11\/22\/alhambra_e7f2c8b5_1200x797.jpg\" alt=\"Alhambra\"\/><\/noscript><\/figure>\n<h2>La est\u00e9tica chic<\/h2>\n<p>\u201cUno de los motores del proyecto ha sido descubrir cu\u00e1l es esa ecuaci\u00f3n de creaci\u00f3n art\u00edstica que hace que, cada vez que pisas un espacio de la Alhambra, esto te genere una emoci\u00f3n fuerte. Por muchas veces que vengas, es lo mismo. El objetivo ha sido intentar traducir, entender cu\u00e1l ha sido el proceso creativo de los constructores, de quienes han estado detr\u00e1s, para generar un espacio tan trascendente e impactante a nivel emocional\u201d, detalla la directora.<\/p>\n<p>Cube la voz en off de Ibn al-Jatib al ultimate de la pel\u00edcula: \u201cSiete siglos despu\u00e9s, veo reflejo de nuestra luz que sigue cautiva entre estos muros, como lo so\u00f1amos un d\u00eda. No es ese el verdadero sentido de todo. Gloria de las glorias. Maravilla de las maravillas. Fruto inmortal de nuestro gen. Nuestro legado\u201d. Ese que ha llegado hasta nuestros d\u00edas.<\/p>\n<p>Durante siglos, Al-\u00c1ndalus fue uno de los mayores centros de innovaci\u00f3n y conocimiento desde la Antigua Grecia. El mayor de Europa. Supuso avances en ciencia, agricultura, medicina, y produjo personajes fascinantes. La Alhambra contin\u00faa en pie como la mayor expresi\u00f3n de esa \u00e9poca de la historia. \u201cNuestra cultura y nuestra identidad est\u00e1n formadas por m\u00faltiples capas y lo que a menudo vemos como extra\u00f1o es un parte integral de nosotros mismos\u201d, afina la directora de Los constructores de la Alhambra.<\/p>\n<aside class=\"add300x600 publi-interior-bot ad-inline ad-container-r2\"\/><\/div>\n\n<p><em> &#8221; Fuentes news.google.com &#8221; <\/em><\/p>\n","protected":false},"excerpt":{"rendered":"<p>Especial Black Friday. Suscr\u00edbete hoy al -50% a la revista Viajes Nationwide Geographic y explora nuevos destinos EMPIEZA YA \u201cEl rodaje ha implicado un trabajo largo de negociaci\u00f3n con la instituci\u00f3n, que ha estado a favor del proyecto todo el tiempo, para ver c\u00f3mo establec\u00edamos unos protocolos que no son habituales para un rodaje de [&hellip;]<\/p>\n","protected":false},"author":4,"featured_media":431623,"comment_status":"open","ping_status":"closed","sticky":false,"template":"","format":"standard","meta":{"om_disable_all_campaigns":false,"jnews-multi-image_gallery":[],"jnews_single_post":[],"jnews_primary_category":[],"jnews_social_meta":[],"footnotes":""},"categories":[39],"tags":[47258,47257],"class_list":["post-431622","post","type-post","status-publish","format-standard","has-post-thumbnail","hentry","category-viajes","tag-cargado-desde-el-fichero-de-recursos","tag-keywords-por-defecto"],"_links":{"self":[{"href":"https:\/\/dimensionturistica.com\/es\/wp-json\/wp\/v2\/posts\/431622","targetHints":{"allow":["GET"]}}],"collection":[{"href":"https:\/\/dimensionturistica.com\/es\/wp-json\/wp\/v2\/posts"}],"about":[{"href":"https:\/\/dimensionturistica.com\/es\/wp-json\/wp\/v2\/types\/post"}],"author":[{"embeddable":true,"href":"https:\/\/dimensionturistica.com\/es\/wp-json\/wp\/v2\/users\/4"}],"replies":[{"embeddable":true,"href":"https:\/\/dimensionturistica.com\/es\/wp-json\/wp\/v2\/comments?post=431622"}],"version-history":[{"count":0,"href":"https:\/\/dimensionturistica.com\/es\/wp-json\/wp\/v2\/posts\/431622\/revisions"}],"wp:featuredmedia":[{"embeddable":true,"href":"https:\/\/dimensionturistica.com\/es\/wp-json\/wp\/v2\/media\/431623"}],"wp:attachment":[{"href":"https:\/\/dimensionturistica.com\/es\/wp-json\/wp\/v2\/media?parent=431622"}],"wp:term":[{"taxonomy":"category","embeddable":true,"href":"https:\/\/dimensionturistica.com\/es\/wp-json\/wp\/v2\/categories?post=431622"},{"taxonomy":"post_tag","embeddable":true,"href":"https:\/\/dimensionturistica.com\/es\/wp-json\/wp\/v2\/tags?post=431622"}],"curies":[{"name":"wp","href":"https:\/\/api.w.org\/{rel}","templated":true}]}}