{"id":431615,"date":"2022-11-24T09:09:46","date_gmt":"2022-11-24T09:09:46","guid":{"rendered":"https:\/\/dimensionturistica.com\/es\/?p=431615"},"modified":"2024-02-29T17:14:11","modified_gmt":"2024-02-29T17:14:11","slug":"alessandro-michele-dice-que-deja-gucci-por-diferencia-de-criterios-con-la-casa-de-moda-italiana","status":"publish","type":"post","link":"https:\/\/dimensionturistica.com\/es\/alessandro-michele-dice-que-deja-gucci-por-diferencia-de-criterios-con-la-casa-de-moda-italiana\/","title":{"rendered":"Alessandro Michele dice que deja Gucci por &#8220;diferencia&#8221; de criterios con la casa de moda italiana"},"content":{"rendered":"<p> <br \/>\n<\/p>\n<div>\n<p class=\"paragraph\">Par\u00eds, 24 nov. Alessandro Michele deja de ser el director creativo de Gucci, una responsabilidad que ejerc\u00eda desde enero de 2015, por los criterios &#8220;diferentes&#8221; que tienen \u00e9l y la casa de moda italiana.<\/p>\n<p class=\"paragraph\">Esa es la explicaci\u00f3n que el propio Michele da en el comunicado de anuncio de su partida publicado por Gucci y por su casa matriz, el gigante franc\u00e9s del lujo Kering.<\/p>\n<p class=\"paragraph\">&#8220;Hay momentos en que los caminos se separan a causa de perspectivas diferentes que cada uno de nosotros puede tener&#8221;, explica el dise\u00f1ador, que no escatima palabras para hablar de c\u00f3mo ha sido su experiencia en Gucci, que califica de &#8220;viaje extraordinario&#8221; en &#8220;una empresa a la que he consagrado infatigablemente mi amor y mi pasi\u00f3n creativa&#8221;.<\/p>\n<p class=\"paragraph\">&#8220;Gucci -subraya- ha sido mi casa, mi familia de adopci\u00f3n. A esta familia ampliada, a todas las personas que la han cuidado y que la han apoyado, dirijo mi m\u00e1s sincero agradecimiento y les abrazo desde lo m\u00e1s profundo de mi coraz\u00f3n&#8221;.<\/p>\n<p class=\"paragraph\">La empresa, por su parte, afirma que Alessandro Michele &#8220;ha contribuido mucho a hacer de Gucci lo que es hoy a aportarle su creatividad revolucionaria pero manteni\u00e9ndose fiel a sus c\u00f3digos bien conocidos&#8221;.<\/p>\n<p class=\"paragraph\">El consejero delegado de la marca, Marco Bizzarri, agradece al dise\u00f1ador los 20 a\u00f1os que ha pasado en whole en Gucci, as\u00ed como &#8220;su visi\u00f3n, su entrega y su amor incondicional por esta casa excepcional en tanto que director creativo&#8221;.<\/p>\n<p class=\"paragraph\">En una l\u00ednea comparable, el responsable ejecutivo de Kering, Fran\u00e7ois-Henri Pinault, asegura que el periodo que Michele ha pasado en Gucci es y ser\u00e1 &#8220;un momento extraordinario en la historia de la casa&#8221;.<\/p>\n<p class=\"paragraph\">Seg\u00fan la revista Ladies&#8217;s Put on Each day (WWD), que hab\u00eda revelado la salida del dise\u00f1ador de Gucci, la raz\u00f3n de esa decisi\u00f3n es que a Michele se le pidi\u00f3 que iniciara un fuerte cambio de dise\u00f1o para impulsar la marca, pero el dise\u00f1ador no cumpli\u00f3 con esa solicitud. EFE<\/p>\n<p class=\"paragraph\">ac\/jac<\/p>\n<\/div>\n<p><script defer=\"\">!function(f,b,e,v,n,t,s) {if(f.fbq)return;n=f.fbq=function(){n.callMethod? n.callMethod.apply(n,arguments):n.queue.push(arguments)}; if(!f._fbq)f._fbq=n;n.push=n;n.loaded=!0;n.version='2.0'; n.queue=[];t=b.createElement(e);t.async=!0; t.src=v;s=b.getElementsByTagName(e)[0]; s.parentNode.insertBefore(t,s)}(window, document,'script', 'https:\/\/connect.facebook.net\/en_US\/fbevents.js'); fbq('init', '336383993555320'); fbq('track', 'PageView'); fbq('track', 'ViewContent');<\/script><script src=\"https:\/\/connect.facebook.net\/en_US\/sdk.js\" async=\"\" defer=\"\" crossorigin=\"anonymous\"><\/script><br \/>\n<br \/><\/p>\n<p><em> &#8221; Fuentes news.google.com &#8221; <\/em><\/p>\n","protected":false},"excerpt":{"rendered":"<p>Par\u00eds, 24 nov. Alessandro Michele deja de ser el director creativo de Gucci, una responsabilidad que ejerc\u00eda desde enero de 2015, por los criterios &#8220;diferentes&#8221; que tienen \u00e9l y la casa de moda italiana. Esa es la explicaci\u00f3n que el propio Michele da en el comunicado de anuncio de su partida publicado por Gucci y [&hellip;]<\/p>\n","protected":false},"author":4,"featured_media":429036,"comment_status":"open","ping_status":"closed","sticky":false,"template":"","format":"standard","meta":{"om_disable_all_campaigns":false,"jnews-multi-image_gallery":[],"jnews_single_post":[],"jnews_primary_category":[],"jnews_social_meta":[],"footnotes":""},"categories":[144872],"tags":[],"class_list":["post-431615","post","type-post","status-publish","format-standard","has-post-thumbnail","hentry","category-fashion"],"_links":{"self":[{"href":"https:\/\/dimensionturistica.com\/es\/wp-json\/wp\/v2\/posts\/431615","targetHints":{"allow":["GET"]}}],"collection":[{"href":"https:\/\/dimensionturistica.com\/es\/wp-json\/wp\/v2\/posts"}],"about":[{"href":"https:\/\/dimensionturistica.com\/es\/wp-json\/wp\/v2\/types\/post"}],"author":[{"embeddable":true,"href":"https:\/\/dimensionturistica.com\/es\/wp-json\/wp\/v2\/users\/4"}],"replies":[{"embeddable":true,"href":"https:\/\/dimensionturistica.com\/es\/wp-json\/wp\/v2\/comments?post=431615"}],"version-history":[{"count":0,"href":"https:\/\/dimensionturistica.com\/es\/wp-json\/wp\/v2\/posts\/431615\/revisions"}],"wp:featuredmedia":[{"embeddable":true,"href":"https:\/\/dimensionturistica.com\/es\/wp-json\/wp\/v2\/media\/429036"}],"wp:attachment":[{"href":"https:\/\/dimensionturistica.com\/es\/wp-json\/wp\/v2\/media?parent=431615"}],"wp:term":[{"taxonomy":"category","embeddable":true,"href":"https:\/\/dimensionturistica.com\/es\/wp-json\/wp\/v2\/categories?post=431615"},{"taxonomy":"post_tag","embeddable":true,"href":"https:\/\/dimensionturistica.com\/es\/wp-json\/wp\/v2\/tags?post=431615"}],"curies":[{"name":"wp","href":"https:\/\/api.w.org\/{rel}","templated":true}]}}