{"id":431363,"date":"2022-11-23T21:03:13","date_gmt":"2022-11-23T21:03:13","guid":{"rendered":"https:\/\/dimensionturistica.com\/es\/?p=431363"},"modified":"2022-11-23T21:03:13","modified_gmt":"2022-11-23T21:03:13","slug":"aumentan-los-casos-de-virus-respiratorios-en-medio-de-viajes-por-festividades-telemundo-miami-51","status":"publish","type":"post","link":"https:\/\/dimensionturistica.com\/es\/aumentan-los-casos-de-virus-respiratorios-en-medio-de-viajes-por-festividades-telemundo-miami-51\/","title":{"rendered":"Aumentan los casos de virus respiratorios en medio de viajes por festividades \u2013 Telemundo Miami (51)"},"content":{"rendered":"<p> <br \/>\n<\/p>\n<div>\n<p>En momentos de viajes, previos a las celebraciones de Acci\u00f3n de Gracia y fin de a\u00f1o, adem\u00e1s del COVID-19, otros dos virus respiratorios complican el panorama en el pa\u00eds.<\/p>\n<p>El virus sincitial respiratorio y tambi\u00e9n la influenza, que este a\u00f1o sea caracterizado por presentarse de una manera mucho m\u00e1s temprana, pero tambi\u00e9n m\u00e1s agresiva, y ha llevado al ni\u00f1os y ancianos a terminar en hospitales o en cuidados intensivos.<\/p>\n<p>El aumento de los casos del flu se acelera en m\u00e1s de la mitad del pa\u00eds, especialmente en el sur y el sureste de Florida, es uno de los Estados m\u00e1s afectados.<\/p>\n<p>En el sur de Florida, existe actualmente un alto nivel de contagio de influenza, una situaci\u00f3n que puede llegar a ser a\u00fan m\u00e1s cr\u00edtica en las pr\u00f3ximas semanas<\/p>\n<p>Y por eso los expertos llaman a mitigar los riesgos de contagio por COVID19 e influenza en medio de viajes y celebraciones.<\/p>\n<p>La doctora Dadilia Garc\u00e9s, m\u00e9dico epidemi\u00f3loga y profesora del Miami Dade School, \u201cla primera recomendaci\u00f3n es tener las vacunas al d\u00eda, preferiblemente hab\u00e9rselas colocado dos semanas antes de estas festividades. Tratar de lavarse las manos de manera m\u00e1s frecuente\u201d.<\/p>\n<p>\u201cA pesar de que ya no es una medida obligatoria, usar las mascarillas, sobre todo si vas a estar en aeropuertos y aviones, para evitar la transmisi\u00f3n entre personas que no conoces. Si tienes alg\u00fan s\u00edntoma, por favor no viajar. Es preferible celebrar la festividad del d\u00eda de acci\u00f3n de gracias a trav\u00e9s de una video llamada y al a\u00f1o siguiente estar con tu familia\u201d, aconseja la doctora Dadilia Garc\u00e9s, m\u00e9dico epidemi\u00f3loga y profesora del Miami Dade School.<\/p>\n<p>En el Aeropuerto de Miami, no pocos han retomado el uso de las mascarillas, a pesar de que no son obligatorias.<\/p>\n<p>Olga Camacho, quien viaja para reunirse con su familia, cube: \u201ccomo yo soy de la tercera edad, puede ser que me pueda contagiar todav\u00eda, a pesar de que estoy vacunada y contra la influenza tambi\u00e9n me he vacunado\u201d.<\/p>\n<p>Y entre viajes y celebraciones pr\u00f3ximas, en el pa\u00eds y en nuestra \u00e1rea, se incrementan los casos del virus sincitial respiratorio, conocido como RSV (por sus siglas en ingl\u00e9s), que afecta mayormente a ni\u00f1os.<\/p>\n<p>El physician Otto Ramos, jefe de servicio de enfermedades infecciosas del Nicklaus Youngsters Hospital, explica que \u201chemos tenido bastantes casos, complicados con neumon\u00eda por virus sincitial respiratorio. No hay dudas de que la incidencia ha subido este a\u00f1o\u201d.<\/p>\n<\/p><\/div>\n\n<p><em> &#8221; Fuentes news.google.com &#8221; <\/em><\/p>\n","protected":false},"excerpt":{"rendered":"<p>En momentos de viajes, previos a las celebraciones de Acci\u00f3n de Gracia y fin de a\u00f1o, adem\u00e1s del COVID-19, otros dos virus respiratorios complican el panorama en el pa\u00eds. El virus sincitial respiratorio y tambi\u00e9n la influenza, que este a\u00f1o sea caracterizado por presentarse de una manera mucho m\u00e1s temprana, pero tambi\u00e9n m\u00e1s agresiva, y [&hellip;]<\/p>\n","protected":false},"author":4,"featured_media":431364,"comment_status":"open","ping_status":"closed","sticky":false,"template":"","format":"standard","meta":{"om_disable_all_campaigns":false,"jnews-multi-image_gallery":[],"jnews_single_post":[],"jnews_primary_category":[],"jnews_social_meta":[],"footnotes":""},"categories":[39],"tags":[510,57678,57679],"class_list":["post-431363","post","type-post","status-publish","format-standard","has-post-thumbnail","hentry","category-viajes","tag-covid-19","tag-rsv","tag-virus-del-rsv"],"_links":{"self":[{"href":"https:\/\/dimensionturistica.com\/es\/wp-json\/wp\/v2\/posts\/431363","targetHints":{"allow":["GET"]}}],"collection":[{"href":"https:\/\/dimensionturistica.com\/es\/wp-json\/wp\/v2\/posts"}],"about":[{"href":"https:\/\/dimensionturistica.com\/es\/wp-json\/wp\/v2\/types\/post"}],"author":[{"embeddable":true,"href":"https:\/\/dimensionturistica.com\/es\/wp-json\/wp\/v2\/users\/4"}],"replies":[{"embeddable":true,"href":"https:\/\/dimensionturistica.com\/es\/wp-json\/wp\/v2\/comments?post=431363"}],"version-history":[{"count":0,"href":"https:\/\/dimensionturistica.com\/es\/wp-json\/wp\/v2\/posts\/431363\/revisions"}],"wp:featuredmedia":[{"embeddable":true,"href":"https:\/\/dimensionturistica.com\/es\/wp-json\/wp\/v2\/media\/431364"}],"wp:attachment":[{"href":"https:\/\/dimensionturistica.com\/es\/wp-json\/wp\/v2\/media?parent=431363"}],"wp:term":[{"taxonomy":"category","embeddable":true,"href":"https:\/\/dimensionturistica.com\/es\/wp-json\/wp\/v2\/categories?post=431363"},{"taxonomy":"post_tag","embeddable":true,"href":"https:\/\/dimensionturistica.com\/es\/wp-json\/wp\/v2\/tags?post=431363"}],"curies":[{"name":"wp","href":"https:\/\/api.w.org\/{rel}","templated":true}]}}