{"id":431222,"date":"2022-11-23T17:12:59","date_gmt":"2022-11-23T17:12:59","guid":{"rendered":"https:\/\/dimensionturistica.com\/es\/?p=431222"},"modified":"2022-11-23T17:12:59","modified_gmt":"2022-11-23T17:12:59","slug":"costa-rica-en-siete-destinos-imprescindibles","status":"publish","type":"post","link":"https:\/\/dimensionturistica.com\/es\/costa-rica-en-siete-destinos-imprescindibles\/","title":{"rendered":"Costa Rica en siete destinos imprescindibles"},"content":{"rendered":"<p> <br \/>\n<\/p>\n<div>\n<div id=\"involveds\" class=\"involveds wrap\">\n<div class=\"involved-authors only-author\">\n<div class=\"first-author\">\n<figure class=\"thumb col-xs-3\">&#13;<img loading=\"lazy\" decoding=\"async\" src=\"https:\/\/news.google.com\/medio\/2021\/12\/09\/foto-alex-newsletter_0d47dd82_600x600.jpg\" alt=\"Foto Alex Newsletter\" class=\"lazyload\" width=\"600\" height=\"600\" data-aspectratio=\"600\/600\"\/><noscript><img decoding=\"async\" src=\"https:\/\/news.google.com\/medio\/2021\/12\/09\/foto-alex-newsletter_0d47dd82_600x600.jpg\" alt=\"Foto Alex Newsletter\"\/><\/noscript>&#13;<\/figure>\n<\/div>\n<\/div>\n<\/div>\n<p class=\"date\"> <time itemprop=\"dateModified\" datetime=\"2022-11-23T15:00:00+01:00\" data-timestamp=\"1669215600\">&#13;23 de noviembre de 2022 \u00b7 15:00<\/time>&#13;<\/p>\n<\/div>\n<div id=\"article-sumary\">\n<div class=\"article-txt ad-mobile-top\">\n<p dir=\"ltr\"><span id=\"docs-internal-guid-103a750f-7fff-d5ee-0f66-a0d963d07533\">Encajonado entre\u00a0dos mares, quien se lo proponga podr\u00e1 ver amanecer en una costa y atardecer en otra el mismo d\u00eda. Costa Rica es un pa\u00eds de superficie reducida; pero <strong>en la pr\u00e1ctica es todo un continente\u00a0debido a la biodiversidad que presenta<\/strong>. Playas tropicales, selvas, volcanes poderosos y ese toque cari\u00f1oso que tiene el tico con los extranjeros lo convierten en <strong>el pa\u00eds perfecto para una aventura en Am\u00e9rica Central<\/strong>.\u00a0<\/span><\/p>\n<p>Costa Rica es un pedacito de ed\u00e9n que ha estado libre de las historias convulsas de otros pa\u00edses de la regi\u00f3n. Tiene como bandera la sostenibilidad, promueve el turismo responsable, invierte en infraestructuras de calidad y defiende la conservaci\u00f3n de <strong>una flora y una fauna excepcionales que representa el 4 % de la biodiversidad mundial<\/strong>. Si algo es Costa Rica es pura naturaleza, y, claro, tambi\u00e9n pura vida.<\/p>\n<p>\u00a0<\/p>\n<p>\u00a0<\/p>\n<\/div>\n<\/div>\n\n<p><em> &#8221; Fuentes news.google.com &#8221; <\/em><\/p>\n","protected":false},"excerpt":{"rendered":"<p>&#13;&#13; &#13;23 de noviembre de 2022 \u00b7 15:00&#13; Encajonado entre\u00a0dos mares, quien se lo proponga podr\u00e1 ver amanecer en una costa y atardecer en otra el mismo d\u00eda. Costa Rica es un pa\u00eds de superficie reducida; pero en la pr\u00e1ctica es todo un continente\u00a0debido a la biodiversidad que presenta. Playas tropicales, selvas, volcanes poderosos y [&hellip;]<\/p>\n","protected":false},"author":4,"featured_media":431223,"comment_status":"open","ping_status":"closed","sticky":false,"template":"","format":"standard","meta":{"om_disable_all_campaigns":false,"jnews-multi-image_gallery":[],"jnews_single_post":[],"jnews_primary_category":[],"jnews_social_meta":[],"footnotes":""},"categories":[39],"tags":[47258,47257],"class_list":["post-431222","post","type-post","status-publish","format-standard","has-post-thumbnail","hentry","category-viajes","tag-cargado-desde-el-fichero-de-recursos","tag-keywords-por-defecto"],"_links":{"self":[{"href":"https:\/\/dimensionturistica.com\/es\/wp-json\/wp\/v2\/posts\/431222","targetHints":{"allow":["GET"]}}],"collection":[{"href":"https:\/\/dimensionturistica.com\/es\/wp-json\/wp\/v2\/posts"}],"about":[{"href":"https:\/\/dimensionturistica.com\/es\/wp-json\/wp\/v2\/types\/post"}],"author":[{"embeddable":true,"href":"https:\/\/dimensionturistica.com\/es\/wp-json\/wp\/v2\/users\/4"}],"replies":[{"embeddable":true,"href":"https:\/\/dimensionturistica.com\/es\/wp-json\/wp\/v2\/comments?post=431222"}],"version-history":[{"count":0,"href":"https:\/\/dimensionturistica.com\/es\/wp-json\/wp\/v2\/posts\/431222\/revisions"}],"wp:featuredmedia":[{"embeddable":true,"href":"https:\/\/dimensionturistica.com\/es\/wp-json\/wp\/v2\/media\/431223"}],"wp:attachment":[{"href":"https:\/\/dimensionturistica.com\/es\/wp-json\/wp\/v2\/media?parent=431222"}],"wp:term":[{"taxonomy":"category","embeddable":true,"href":"https:\/\/dimensionturistica.com\/es\/wp-json\/wp\/v2\/categories?post=431222"},{"taxonomy":"post_tag","embeddable":true,"href":"https:\/\/dimensionturistica.com\/es\/wp-json\/wp\/v2\/tags?post=431222"}],"curies":[{"name":"wp","href":"https:\/\/api.w.org\/{rel}","templated":true}]}}