{"id":431216,"date":"2022-11-23T17:08:50","date_gmt":"2022-11-23T17:08:50","guid":{"rendered":"https:\/\/dimensionturistica.com\/es\/?p=431216"},"modified":"2022-11-23T17:08:50","modified_gmt":"2022-11-23T17:08:50","slug":"marc-murtra-nuevo-consejero-independiente-de-ebro-foods","status":"publish","type":"post","link":"https:\/\/dimensionturistica.com\/es\/marc-murtra-nuevo-consejero-independiente-de-ebro-foods\/","title":{"rendered":"Marc Murtra, nuevo consejero independiente de Ebro Foods"},"content":{"rendered":"<p> <br \/>\n<\/p>\n<div>\n<p>El consejo de Administraci\u00f3n de la compa\u00f1\u00eda Ebro Meals ha nombrado por unanimidad a Marc  Murtra como presidente de la Comisi\u00f3n de Auditor\u00eda y Management en sustituci\u00f3n de Mercedes Costa Garc\u00eda, que llevaba cuatro a\u00f1os en el cargo.<\/p>\n<p>Seg\u00fan la informaci\u00f3n remitida a la Comisi\u00f3n Nacional del Mercado de Valores (CNMV), el nombramiento del presidente no ejecutivo de Indra se efect\u00faa previo informe favorable de la Comisi\u00f3n de Selecci\u00f3n y Retribuciones. Murtra entra en el \u00f3rgano de gobierno de la compa\u00f1\u00eda agroalimentaria con la categor\u00eda de consejero independiente y, en adelante, formar\u00e1 parte de la Comisi\u00f3n de Auditor\u00eda y Management a partir del pr\u00f3ximo 31 de enero de 2022.<\/p>\n<p>La configuraci\u00f3n precise del consejo queda configuraci\u00f3n precise queda conformada por Antonio Hern\u00e1ndez Callejas, presidente Ejecutivo; Demetrio Carceller, vicepresidente; Bel\u00e9n Barreiro P\u00e9rez-Pardo (Independiente): Mar\u00eda Carceller (dominical); Fernando Castell\u00f3 (Independiente); Jos\u00e9 Ignacio Comenge (dominical); Alejandra Olarra (Dominical); Mercedes Costa (Independiente); Javier G\u00f3mez-Trenor (dominical); Javier Fern\u00e1ndez Alonso (dominical), Blanca Hern\u00e1ndez Rodr\u00edguez (dominical); F\u00e9lix Hern\u00e1ndez Callejas (dominicial); Marc Murtra (Independiente) y Jordi Xucl\u00e0 (dominical).<\/p>\n<\/div>\n<p><script>\n  !function(f,b,e,v,n,t,s)\n  {if(f.fbq)return;n=f.fbq=function(){n.callMethod?\n  n.callMethod.apply(n,arguments):n.queue.push(arguments)};\n  if(!f._fbq)f._fbq=n;n.push=n;n.loaded=!0;n.version='2.0';\n  n.queue=[];t=b.createElement(e);t.async=!0;\n  t.src=v;s=b.getElementsByTagName(e)[0];\n  s.parentNode.insertBefore(t,s)}(window, document,'script',\n  'https:\/\/connect.facebook.net\/en_US\/fbevents.js');\n  fbq('init', '113015305983050');\n  fbq('track', 'PageView');\n<\/script><br \/>\n<br \/><\/p>\n<p><em> \u2018 The preceding article may include information circulated by third parties \u2019 <\/em><\/p>\n<p><em> \u2018 Some details of this article were extracted from the following source news.google.com \u2019 <\/em><\/p>\n","protected":false},"excerpt":{"rendered":"<p>El consejo de Administraci\u00f3n de la compa\u00f1\u00eda Ebro Meals ha nombrado por unanimidad a Marc Murtra como presidente de la Comisi\u00f3n de Auditor\u00eda y Management en sustituci\u00f3n de Mercedes Costa Garc\u00eda, que llevaba cuatro a\u00f1os en el cargo. Seg\u00fan la informaci\u00f3n remitida a la Comisi\u00f3n Nacional del Mercado de Valores (CNMV), el nombramiento del presidente [&hellip;]<\/p>\n","protected":false},"author":2,"featured_media":431217,"comment_status":"open","ping_status":"closed","sticky":false,"template":"","format":"standard","meta":{"om_disable_all_campaigns":false,"jnews-multi-image_gallery":[],"jnews_single_post":[],"jnews_primary_category":[],"jnews_social_meta":[],"footnotes":""},"categories":[43],"tags":[],"class_list":["post-431216","post","type-post","status-publish","format-standard","has-post-thumbnail","hentry","category-gourmet"],"_links":{"self":[{"href":"https:\/\/dimensionturistica.com\/es\/wp-json\/wp\/v2\/posts\/431216","targetHints":{"allow":["GET"]}}],"collection":[{"href":"https:\/\/dimensionturistica.com\/es\/wp-json\/wp\/v2\/posts"}],"about":[{"href":"https:\/\/dimensionturistica.com\/es\/wp-json\/wp\/v2\/types\/post"}],"author":[{"embeddable":true,"href":"https:\/\/dimensionturistica.com\/es\/wp-json\/wp\/v2\/users\/2"}],"replies":[{"embeddable":true,"href":"https:\/\/dimensionturistica.com\/es\/wp-json\/wp\/v2\/comments?post=431216"}],"version-history":[{"count":0,"href":"https:\/\/dimensionturistica.com\/es\/wp-json\/wp\/v2\/posts\/431216\/revisions"}],"wp:featuredmedia":[{"embeddable":true,"href":"https:\/\/dimensionturistica.com\/es\/wp-json\/wp\/v2\/media\/431217"}],"wp:attachment":[{"href":"https:\/\/dimensionturistica.com\/es\/wp-json\/wp\/v2\/media?parent=431216"}],"wp:term":[{"taxonomy":"category","embeddable":true,"href":"https:\/\/dimensionturistica.com\/es\/wp-json\/wp\/v2\/categories?post=431216"},{"taxonomy":"post_tag","embeddable":true,"href":"https:\/\/dimensionturistica.com\/es\/wp-json\/wp\/v2\/tags?post=431216"}],"curies":[{"name":"wp","href":"https:\/\/api.w.org\/{rel}","templated":true}]}}