{"id":431126,"date":"2022-11-23T15:10:51","date_gmt":"2022-11-23T15:10:51","guid":{"rendered":"https:\/\/dimensionturistica.com\/es\/?p=431126"},"modified":"2022-11-23T15:10:51","modified_gmt":"2022-11-23T15:10:51","slug":"ebro-foods-nombra-a-marc-thomas-murtra-como-presidente-de-comision-auditoria-por-efe","status":"publish","type":"post","link":"https:\/\/dimensionturistica.com\/es\/ebro-foods-nombra-a-marc-thomas-murtra-como-presidente-de-comision-auditoria-por-efe\/","title":{"rendered":"Ebro Foods nombra a Marc Thomas Murtra como presidente de Comisi\u00f3n Auditor\u00eda Por EFE"},"content":{"rendered":"<p> <br \/>\n<\/p>\n<div>\n<div id=\"imgCarousel\" class=\"imgCarousel\">\n<img decoding=\"async\" alt=\"Ebro Foods nombra a Marc Thomas Murtra como presidente de Comisi\u00f3n Auditor\u00eda\" id=\"carouselImage\" src=\"https:\/\/i-invdn-com.investing.com\/news\/LYNXMPEB2N09U_L.jpg\" style=\"visibility:hidden\"\/><br \/>\n<span class=\"text\">\u00a9 Reuters. Ebro Meals nombra a Marc Thomas Murtra como presidente de Comisi\u00f3n Auditor\u00eda<\/span><br \/>\n<i class=\"imgGrad\"\/>\n<\/div>\n<p>Madrid, 23 nov (.).- El consejo de Administraci\u00f3n de la compa\u00f1\u00eda <span itemscope=\"\" itemtype=\"http:\/\/schema.org\/Corporation\"><span itemprop=\"name\"> Ebro Meals <\/span><\/span> (BME:) ha nombrado por unanimidad a Marc Thomas Murtra Millar como presidente de la Comisi\u00f3n de Auditor\u00eda y Management en sustituci\u00f3n de Mercedes Costa Garc\u00eda, que llevaba cuatro a\u00f1os en el cargo.<\/p>\n<p>Seg\u00fan la informaci\u00f3n remitida a la Comisi\u00f3n Nacional del Mercado de Valores (CNMV), el nombramiento se efect\u00faa previo informe favorable de la Comisi\u00f3n de Selecci\u00f3n y Retribuciones.<\/p>\n<p>Murtra Millar est\u00e1 categorizado como consejero independiente y forma parte de la Comisi\u00f3n de Auditor\u00eda y Management desde el 31 de enero de 2022.<\/p>\n<\/div>\n\n<p><em> \u2018 The preceding article may include information circulated by third parties \u2019 <\/em><\/p>\n<p><em> \u2018 Some details of this article were extracted from the following source news.google.com \u2019 <\/em><\/p>\n","protected":false},"excerpt":{"rendered":"<p>\u00a9 Reuters. Ebro Meals nombra a Marc Thomas Murtra como presidente de Comisi\u00f3n Auditor\u00eda Madrid, 23 nov (.).- El consejo de Administraci\u00f3n de la compa\u00f1\u00eda Ebro Meals (BME:) ha nombrado por unanimidad a Marc Thomas Murtra Millar como presidente de la Comisi\u00f3n de Auditor\u00eda y Management en sustituci\u00f3n de Mercedes Costa Garc\u00eda, que llevaba cuatro [&hellip;]<\/p>\n","protected":false},"author":2,"featured_media":431127,"comment_status":"open","ping_status":"closed","sticky":false,"template":"","format":"standard","meta":{"om_disable_all_campaigns":false,"jnews-multi-image_gallery":[],"jnews_single_post":[],"jnews_primary_category":[],"jnews_social_meta":[],"footnotes":""},"categories":[43],"tags":[],"class_list":["post-431126","post","type-post","status-publish","format-standard","has-post-thumbnail","hentry","category-gourmet"],"_links":{"self":[{"href":"https:\/\/dimensionturistica.com\/es\/wp-json\/wp\/v2\/posts\/431126","targetHints":{"allow":["GET"]}}],"collection":[{"href":"https:\/\/dimensionturistica.com\/es\/wp-json\/wp\/v2\/posts"}],"about":[{"href":"https:\/\/dimensionturistica.com\/es\/wp-json\/wp\/v2\/types\/post"}],"author":[{"embeddable":true,"href":"https:\/\/dimensionturistica.com\/es\/wp-json\/wp\/v2\/users\/2"}],"replies":[{"embeddable":true,"href":"https:\/\/dimensionturistica.com\/es\/wp-json\/wp\/v2\/comments?post=431126"}],"version-history":[{"count":0,"href":"https:\/\/dimensionturistica.com\/es\/wp-json\/wp\/v2\/posts\/431126\/revisions"}],"wp:featuredmedia":[{"embeddable":true,"href":"https:\/\/dimensionturistica.com\/es\/wp-json\/wp\/v2\/media\/431127"}],"wp:attachment":[{"href":"https:\/\/dimensionturistica.com\/es\/wp-json\/wp\/v2\/media?parent=431126"}],"wp:term":[{"taxonomy":"category","embeddable":true,"href":"https:\/\/dimensionturistica.com\/es\/wp-json\/wp\/v2\/categories?post=431126"},{"taxonomy":"post_tag","embeddable":true,"href":"https:\/\/dimensionturistica.com\/es\/wp-json\/wp\/v2\/tags?post=431126"}],"curies":[{"name":"wp","href":"https:\/\/api.w.org\/{rel}","templated":true}]}}