{"id":431104,"date":"2022-11-23T14:50:30","date_gmt":"2022-11-23T14:50:30","guid":{"rendered":"https:\/\/dimensionturistica.com\/es\/?p=431104"},"modified":"2022-11-23T14:50:30","modified_gmt":"2022-11-23T14:50:30","slug":"viajes-por-dia-de-accion-de-gracias-vuelven-con-fuerza-despues-de-la-pandemia","status":"publish","type":"post","link":"https:\/\/dimensionturistica.com\/es\/viajes-por-dia-de-accion-de-gracias-vuelven-con-fuerza-despues-de-la-pandemia\/","title":{"rendered":"Viajes por D\u00eda de Acci\u00f3n de Gracias vuelven con fuerza despu\u00e9s de la pandemia"},"content":{"rendered":"<p> <br \/>\n<\/p>\n<div>\n<p>La fiebre de viajes por Thanksgiving o D\u00eda de Acci\u00f3n de Gracias regres\u00f3 este a\u00f1o a Estados Unidos cuando el p\u00fablico volvi\u00f3 a llenar los aeropuertos sin reparar en la inflaci\u00f3n para reunirse con sus familiares despu\u00e9s de dos a\u00f1os de restricciones por la pandemia del COVID-19.<\/p>\n<p>Sin embargo, cambios en los h\u00e1bitos de trabajo y descanso podr\u00edan repartir a las multitudes y reducir la tensi\u00f3n common de esta temporada.<\/p>\n<p>Seg\u00fan los expertos, muchas personas iniciar\u00e1n antes sus viajes o regresar\u00e1n a sus casas m\u00e1s tarde porque pasar\u00e1n unos d\u00edas trabajando remotamente, o al menos les dir\u00e1n a sus jefes que est\u00e1n trabajando remotamente.<\/p>\n<p>Los d\u00edas m\u00e1s atareados en la semana del D\u00eda de Acci\u00f3n de Gracias son usualmente el martes, el mi\u00e9rcoles, y el domingo despu\u00e9s del feriado. Este a\u00f1o, la Administraci\u00f3n Federal de Aviaci\u00f3n esperaba que el martes fuera el d\u00eda m\u00e1s complejo con unos 48.000 vuelos programados.<\/p>\n<p>Chris Williams, de Raleigh, Carolina del Norte, viaj\u00f3 el martes por la ma\u00f1ana con su esposa y dos ni\u00f1os hacia Atlanta, Georgia, para pasar el feriado con una extensa familia.<\/p>\n<p>&#8220;Por supuesto que es un momento muy estresante y costoso para volar\u201d, dijo, Williams, de 44 a\u00f1os, quien trabaja en finanzas. \u201cPero despu\u00e9s de dos a\u00f1os que no gastar nada para pasar el D\u00eda de Acci\u00f3n de Gracias con la familia, estamos agradecidos de que ahora es todo m\u00e1s seguro y podamos estar de nuevo con los seres queridos\u201d.<\/p>\n<p>La Administraci\u00f3n de Seguridad en el Transporte registr\u00f3 m\u00e1s de 2,6 millones de viajeros el lunes, en comparaci\u00f3n con 2,5 millones el lunes antes del D\u00eda de Acci\u00f3n de Gracias de 2019. La misma tendencia se observ\u00f3 el domingo, cuando el n\u00famero de pasajeros en los aeropuertos en la semana del feriado super\u00f3 los niveles de antes de la pandemia.<\/p>\n<p>&#8220;La gente est\u00e1 viajando en d\u00edas diferentes y no todos el mi\u00e9rcoles por la noche\u201d, dijo Sharon Pinkerton, vicepresidenta del grupo Airlines for America. &#8220;Est\u00e1n repartiendo sus viajes por toda la semana, lo que pienso que ayudar\u00e1 a operaciones m\u00e1s fluidas\u201d.<\/p>\n<p>La Asociaci\u00f3n de Automovilista de EEUU (AAA) pronostica que 54,6 millones de personas viajar\u00e1 a por lo menos 80 kil\u00f3metros de su casa esta semana, un 1,5 % m\u00e1s que el a\u00f1o pasado y solo un 2 % menos que en 2019. De ellas, unas 49 millones viajar\u00e1n por carretera y 4,5 millones por avi\u00f3n entre el mi\u00e9rcoles y el domingo.<\/p>\n<p>Las aerol\u00edneas tambi\u00e9n han luchado para enfrentar el aumento de pasajeros este a\u00f1o. Seg\u00fan Pinkerton, las aerol\u00edneas han ajustado sus vuelos y contratado a far de empleados, y ahora tienen m\u00e1s pilotos que antes de la pandemia.<\/p>\n<p>No obstante, las aerol\u00edneas planean operar un 13 % menos de vuelos esta semana que en la semana de Acci\u00f3n de Gracias en 2019. Para ello est\u00e1n usando aviones m\u00e1s grandes y el n\u00famero de asientos bajar\u00e1 solo un 2 %, seg\u00fan la investigadora de viajes Cirium.<\/p>\n<p>La Administraci\u00f3n de Seguridad en el Transporte espera que los aeropuertos est\u00e9n m\u00e1s llenos este a\u00f1o y probablemente a la par con 2019, cuando el domingo antes del D\u00eda de Acci\u00f3n de Gracias registr\u00f3 el r\u00e9cord hist\u00f3rico de casi 2,9 millones de pasajeros.<\/p>\n<p>Tampoco las personas que tomar\u00e1n el tim\u00f3n o los aviones parecen preocupadas por los precios m\u00e1s altos de la gasolina o los pasajes a\u00e9reos, ni por la inflaci\u00f3n o la econom\u00eda. Eso ya est\u00e1 llevando a predicciones de una fuerte temporada de viajes para Navidades y A\u00f1o Nuevo.<\/p>\n<p>&#8220;Esa demanda es actual y no parece que vaya a desaparecer\u201d, dijo Tom Corridor, escritor en Lonely Planet, una publicaci\u00f3n de gu\u00edas de viajes. \u201cEso es lo que mantiene los aviones llenos y los precios elevados\u201d.<\/p>\n<p><strong><em>\u00a1Con\u00e9ctate con la Voz de Am\u00e9rica! Suscr\u00edbete a nuestro canal de<\/em><\/strong><a rel=\"nofollow noopener\" target=\"_blank\" class=\"wsw__a\" href=\"https:\/\/www.youtube.com\/redirect?event=video_description&amp;redir_token=QUFFLUhqa0NnRmlwS0luajhoQjlQT05lLXNVWXdadTNCUXxBQ3Jtc0ttLW1XeUJ2X3dMc0dPQTFWdWtoNkFjNFdwd2tzQUJTY2FpcW9NMEtCUnZVSHpJVGM0UUxMZzJrY1YyclNBM1pqTEhDM0tfdFE0SVExZkxVUnhUZ2ExZFFYTHphdzJIb1ZsbXJ0N0UwTWhLQ0YyaENSQQ&amp;q=http%3A%2F%2Fbit.ly%2F2XpJNZj\" title=\"https:\/\/www.youtube.com\/redirect?event=video_description&amp;redir_token=quffluhqa0nnrmlws0luajhoqjlqt05llxnvwxdadtncuxxbq3jtc0ttlw1xeuj2x3dmc0dpqtfwdwtonkfjnfdwd2tzqujty2fpcw9nmetcunzvshpjvgm0uuxmzzjry1yyclnbm1pqtehdm0tfdfe0svexzkxvunhuz2exzffythphdzjib1zsbx\"><strong><em> YouTube<\/em><\/strong><\/a><strong><em> y activa las notificaciones, o bien, s\u00edguenos en las redes sociales: <\/em><\/strong><a rel=\"nofollow noopener\" target=\"_blank\" class=\"wsw__a\" href=\"https:\/\/www.facebook.com\/VozdeAmerica\/\" title=\"https:\/\/www.facebook.com\/vozdeamerica\/\"><strong><em>Facebook<\/em><\/strong><\/a><strong><em>, <\/em><\/strong><a rel=\"nofollow noopener\" target=\"_blank\" class=\"wsw__a\" href=\"https:\/\/twitter.com\/VozdeAmerica\" title=\"https:\/\/twitter.com\/vozdeamerica\"><strong><em>Twitter<\/em><\/strong><\/a><strong><em> e <\/em><\/strong><a rel=\"nofollow noopener\" target=\"_blank\" class=\"wsw__a\" href=\"https:\/\/www.instagram.com\/vozdeamerica\/\" title=\"https:\/\/www.instagram.com\/vozdeamerica\/\"><strong><em>Instagram<\/em><\/strong><\/a><strong><em>.<\/em><\/strong><\/p>\n<\/div>\n<p><script async src=\"\/\/platform.twitter.com\/widgets.js\" charset=\"utf-8\"><\/script><script async defer src=\"https:\/\/platform.instagram.com\/en_US\/embeds.js\"><\/script><br \/>\n<br \/><\/p>\n<p><em> &#8221; Fuentes news.google.com &#8221; <\/em><\/p>\n","protected":false},"excerpt":{"rendered":"<p>La fiebre de viajes por Thanksgiving o D\u00eda de Acci\u00f3n de Gracias regres\u00f3 este a\u00f1o a Estados Unidos cuando el p\u00fablico volvi\u00f3 a llenar los aeropuertos sin reparar en la inflaci\u00f3n para reunirse con sus familiares despu\u00e9s de dos a\u00f1os de restricciones por la pandemia del COVID-19. Sin embargo, cambios en los h\u00e1bitos de trabajo [&hellip;]<\/p>\n","protected":false},"author":4,"featured_media":431105,"comment_status":"open","ping_status":"closed","sticky":false,"template":"","format":"standard","meta":{"om_disable_all_campaigns":false,"jnews-multi-image_gallery":[],"jnews_single_post":[],"jnews_primary_category":[],"jnews_social_meta":[],"footnotes":""},"categories":[39],"tags":[1363],"class_list":["post-431104","post","type-post","status-publish","format-standard","has-post-thumbnail","hentry","category-viajes","tag-estados-unidos"],"_links":{"self":[{"href":"https:\/\/dimensionturistica.com\/es\/wp-json\/wp\/v2\/posts\/431104","targetHints":{"allow":["GET"]}}],"collection":[{"href":"https:\/\/dimensionturistica.com\/es\/wp-json\/wp\/v2\/posts"}],"about":[{"href":"https:\/\/dimensionturistica.com\/es\/wp-json\/wp\/v2\/types\/post"}],"author":[{"embeddable":true,"href":"https:\/\/dimensionturistica.com\/es\/wp-json\/wp\/v2\/users\/4"}],"replies":[{"embeddable":true,"href":"https:\/\/dimensionturistica.com\/es\/wp-json\/wp\/v2\/comments?post=431104"}],"version-history":[{"count":0,"href":"https:\/\/dimensionturistica.com\/es\/wp-json\/wp\/v2\/posts\/431104\/revisions"}],"wp:featuredmedia":[{"embeddable":true,"href":"https:\/\/dimensionturistica.com\/es\/wp-json\/wp\/v2\/media\/431105"}],"wp:attachment":[{"href":"https:\/\/dimensionturistica.com\/es\/wp-json\/wp\/v2\/media?parent=431104"}],"wp:term":[{"taxonomy":"category","embeddable":true,"href":"https:\/\/dimensionturistica.com\/es\/wp-json\/wp\/v2\/categories?post=431104"},{"taxonomy":"post_tag","embeddable":true,"href":"https:\/\/dimensionturistica.com\/es\/wp-json\/wp\/v2\/tags?post=431104"}],"curies":[{"name":"wp","href":"https:\/\/api.w.org\/{rel}","templated":true}]}}