{"id":430933,"date":"2022-11-23T09:19:11","date_gmt":"2022-11-23T09:19:11","guid":{"rendered":"https:\/\/dimensionturistica.com\/es\/?p=430933"},"modified":"2022-11-23T09:19:11","modified_gmt":"2022-11-23T09:19:11","slug":"manos-e-ingredientes-bolivianos-la-clave-de-los-seis-restaurantes-top-del-pais-en-latinoamerica","status":"publish","type":"post","link":"https:\/\/dimensionturistica.com\/es\/manos-e-ingredientes-bolivianos-la-clave-de-los-seis-restaurantes-top-del-pais-en-latinoamerica\/","title":{"rendered":"Manos e ingredientes bolivianos, la clave de los seis restaurantes top del pa\u00eds en Latinoam\u00e9rica"},"content":{"rendered":"<p> <br \/>\n<\/p>\n<div>\n<hr style=\"height:5px;border-width:0;color:#FF0000;background-color:#FF0000\"\/>\n<p><strong><span style=\"font-size:20px\">Mensaje de Ra\u00fal Gar\u00e1fulic, presidente de P\u00e1gina Siete<\/span><\/strong><\/p>\n<p>\u00a0<\/p>\n<p><span style=\"font-size:20px\">Estimado amigo lector:<\/span><\/p>\n<p><span style=\"font-size:20px\">Me dirijo a usted para agradecerle por su preferencia hacia P\u00e1gina Siete, que nos ha convertido en uno de los medios de comunicaci\u00f3n m\u00e1s influyentes del pa\u00eds.\u00a0<\/span><\/p>\n<p><span style=\"font-size:20px\">En esta ocasi\u00f3n, necesito pedir su apoyo, mediante la contrataci\u00f3n de una suscripci\u00f3n a P\u00e1gina Siete Digital. La evoluci\u00f3n hacia un modelo de negocios de suscripciones digitales es una tendencia entre los diarios m\u00e1s importantes del mundo. \u00a0\u00a0<\/span><\/p>\n<p><span style=\"font-size:20px\">Por un costo cercano a $us 5 al mes, los suscriptores recibir\u00e1n acceso a contenidos premium de nuestro portal www.paginasiete.bo, como el peri\u00f3dico impreso digital (ePaper), varios \u201cnewsletters\u201d tem\u00e1ticos, podcasts, m\u00e1s de 12 a\u00f1os de archivo digital (hemeroteca), y otros productos especiales.<\/span><\/p>\n<p><span style=\"font-size:20px\">Si bien el servicio que le ofrecemos es sustancial para mantenerlo bien informado, lo m\u00e1s importante es que usted ayudar\u00e1 a preservar la libertad de expresi\u00f3n, al permitirnos alcanzar el equilibrio financiero que todo periodismo independiente necesita.\u00a0<\/span><\/p>\n<p><span style=\"font-size:20px\">Durante los \u00faltimos tres a\u00f1os, los ingresos de los peri\u00f3dicos del pa\u00eds se redujeron dram\u00e1ticamente. Primero, por la pandemia, que afect\u00f3 la venta de peri\u00f3dicos impresos y, luego, por la ca\u00edda de anuncios publicitarios, causada por la disaster econ\u00f3mica precise.<\/span><\/p>\n<p><span style=\"font-size:20px\">En nuestro caso, la situaci\u00f3n se complic\u00f3 a\u00fan m\u00e1s, por el permanente acoso al que nos someti\u00f3 el Gobierno, mediante agresivas auditor\u00edas y multas de varias instituciones del Estado, que, por supuesto, no se aplican a nuestros competidores.<\/span><\/p>\n<p><span style=\"font-size:20px\">Tambi\u00e9n hubo presi\u00f3n directa contra algunos clientes, como la que provino de aquel funcionario que, con argumentos infundados, \u201csugiri\u00f3\u201d a algunos anunciadores que no publiquen en P\u00e1gina Siete, lo que, por cierto, es ilegal.<\/span><\/p>\n<p><span style=\"font-size:20px\">Adicionalmente, recibimos frecuentes ataques verbales y\/o amenazas de l\u00edderes del partido oficialista, como Evo Morales, Juan Ram\u00f3n Quintana, el Procurador Normal del Estado, y hasta de operadores judiciales, como el ex presidente del Consejo de la Magistratura y otros m\u00e1s.\u00a0<\/span><\/p>\n<p><span style=\"font-size:20px\">Para cerrar la brecha entre ingresos y egresos contamos con el profesionalismo, creatividad y capacidad de trabajo de nuestro comprometido equipo de profesionales, pero tambi\u00e9n necesitamos su apoyo.\u00a0<\/span><\/p>\n<p><span style=\"font-size:20px\">Defender la libertad de expresi\u00f3n es una buena causa porque nos permitir\u00e1 seguir fiscalizando a los poderes del Estado, controlados, casi en su totalidad, por un mismo partido, para lograr una Bolivia m\u00e1s justa.\u00a0<\/span><\/p>\n<p><span style=\"font-size:20px\">Nuestro prop\u00f3sito es alcanzar 10,000 suscriptores, con el apoyo de quienes valoran nuestro trabajo. El objetivo es razonable, considerando que P\u00e1gina Siete tiene dos millones de lectores \u00fanicos por mes, seg\u00fan Google Analytics, de los cuales, 75% est\u00e1n distribuidos en todo el pa\u00eds y 25% son bolivianos que residen en el extranjero.<\/span><\/p>\n<p><span style=\"font-size:20px\">Suscribirse a P\u00e1gina Siete Digital es f\u00e1cil con nuestro nuevo sistema \u201conline\u201d, que acepta pagos por QR, tarjetas de cr\u00e9dito\/d\u00e9bito y otros, solo tiene que hacer clic en el bot\u00f3n al last de esta nota y seguir las instrucciones.<\/span><\/p>\n<p><span style=\"font-size:20px\">Su apoyo puede marcar la diferencia, muchas gracias.<\/span><\/p>\n<p><span style=\"font-size:20px\">Ra\u00fal Gar\u00e1fulic Lehm<br \/>Presidente de P\u00e1gina Siete<\/span><\/p>\n<p style=\"text-align:justify\">\u00a0<\/p>\n<p style=\"text-align:justify\"><a target=\"_blank\" href=\"https:\/\/pagos.paginasiete.bo\" rel=\"noopener\"><img decoding=\"async\" alt=\"Hacer click\" src=\"https:\/\/i.ibb.co\/dGwHJqB\/boton-clic-aqui-300x91.png\"\/><\/a><\/p>\n<p>\u00a0<\/p>\n<\/p><\/div>\n<p><script src=\"https:\/\/connect.facebook.net\/es_ES\/all.js#xfbml=1\"><\/script><br \/>\n<br \/><\/p>\n<p><em> \u2018 The preceding article may include information circulated by third parties \u2019 <\/em><\/p>\n<p><em> \u2018 Some details of this article were extracted from the following source news.google.com \u2019 <\/em><\/p>\n","protected":false},"excerpt":{"rendered":"<p>Mensaje de Ra\u00fal Gar\u00e1fulic, presidente de P\u00e1gina Siete \u00a0 Estimado amigo lector: Me dirijo a usted para agradecerle por su preferencia hacia P\u00e1gina Siete, que nos ha convertido en uno de los medios de comunicaci\u00f3n m\u00e1s influyentes del pa\u00eds.\u00a0 En esta ocasi\u00f3n, necesito pedir su apoyo, mediante la contrataci\u00f3n de una suscripci\u00f3n a P\u00e1gina Siete [&hellip;]<\/p>\n","protected":false},"author":2,"featured_media":430934,"comment_status":"open","ping_status":"closed","sticky":false,"template":"","format":"standard","meta":{"om_disable_all_campaigns":false,"jnews-multi-image_gallery":[],"jnews_single_post":[],"jnews_primary_category":[],"jnews_social_meta":[],"footnotes":""},"categories":[43],"tags":[57623],"class_list":["post-430933","post","type-post","status-publish","format-standard","has-post-thumbnail","hentry","category-gourmet","tag-ricardo-alfaro"],"_links":{"self":[{"href":"https:\/\/dimensionturistica.com\/es\/wp-json\/wp\/v2\/posts\/430933","targetHints":{"allow":["GET"]}}],"collection":[{"href":"https:\/\/dimensionturistica.com\/es\/wp-json\/wp\/v2\/posts"}],"about":[{"href":"https:\/\/dimensionturistica.com\/es\/wp-json\/wp\/v2\/types\/post"}],"author":[{"embeddable":true,"href":"https:\/\/dimensionturistica.com\/es\/wp-json\/wp\/v2\/users\/2"}],"replies":[{"embeddable":true,"href":"https:\/\/dimensionturistica.com\/es\/wp-json\/wp\/v2\/comments?post=430933"}],"version-history":[{"count":0,"href":"https:\/\/dimensionturistica.com\/es\/wp-json\/wp\/v2\/posts\/430933\/revisions"}],"wp:featuredmedia":[{"embeddable":true,"href":"https:\/\/dimensionturistica.com\/es\/wp-json\/wp\/v2\/media\/430934"}],"wp:attachment":[{"href":"https:\/\/dimensionturistica.com\/es\/wp-json\/wp\/v2\/media?parent=430933"}],"wp:term":[{"taxonomy":"category","embeddable":true,"href":"https:\/\/dimensionturistica.com\/es\/wp-json\/wp\/v2\/categories?post=430933"},{"taxonomy":"post_tag","embeddable":true,"href":"https:\/\/dimensionturistica.com\/es\/wp-json\/wp\/v2\/tags?post=430933"}],"curies":[{"name":"wp","href":"https:\/\/api.w.org\/{rel}","templated":true}]}}