{"id":430882,"date":"2022-11-23T06:24:02","date_gmt":"2022-11-23T06:24:02","guid":{"rendered":"https:\/\/dimensionturistica.com\/es\/?p=430882"},"modified":"2022-11-23T06:24:02","modified_gmt":"2022-11-23T06:24:02","slug":"el-faro-que-tuvo-que-ser-rescatado-de-un-mar-de-arena","status":"publish","type":"post","link":"https:\/\/dimensionturistica.com\/es\/el-faro-que-tuvo-que-ser-rescatado-de-un-mar-de-arena\/","title":{"rendered":"El faro que tuvo que ser rescatado de un mar de arena"},"content":{"rendered":"<p> <br \/>\n<\/p>\n<div>\n<div id=\"involveds\" class=\"involveds wrap\">\n<div class=\"involved-authors only-author\">\n<div class=\"first-author\">\n<figure class=\"thumb col-xs-3\">&#13;<img loading=\"lazy\" decoding=\"async\" src=\"https:\/\/news.google.com\/medio\/2021\/12\/09\/foto-alex-newsletter_0d47dd82_600x600.jpg\" alt=\"Foto Alex Newsletter\" class=\"lazyload\" width=\"600\" height=\"600\" data-aspectratio=\"600\/600\"\/><noscript><img decoding=\"async\" src=\"https:\/\/news.google.com\/medio\/2021\/12\/09\/foto-alex-newsletter_0d47dd82_600x600.jpg\" alt=\"Foto Alex Newsletter\"\/><\/noscript>&#13;<\/figure>\n<\/div>\n<\/div>\n<\/div>\n<p class=\"date\"> <time itemprop=\"dateModified\" datetime=\"2022-11-23T07:00:00+01:00\" data-timestamp=\"1669186800\">&#13;23 de noviembre de 2022 \u00b7 07:00<\/time>&#13;<\/p>\n<\/div>\n<div id=\"article-text\">\n<div class=\"txt\">\n<aside class=\"subscription-highlighted\">\n<div class=\"subscription-container\">\n<div class=\"non-subscribed\">\n<p class=\"description\">Especial Black Friday. Suscr\u00edbete hoy al -50% a la revista Viajes Nationwide Geographic y explora nuevos destinos<\/p>\n<p><a rel=\"nofollow noopener\" target=\"_blank\" href=\"https:\/\/tienda.rba.es\/revistas\/landing-suscripcion-viajes-national-geographic-black-friday?rba_source=viajes.nationalgeographic.com.es&amp;rba_medium=referral&amp;rba_campaign=black-friday-ngmv&amp;rba_term=viajesnationalgeographic&amp;rba_content=frase-articulo\" class=\"more-link\">EMPIEZA YA<\/a><\/div>\n<\/div>\n<\/aside>\n<p style=\"display: none;\"><img decoding=\"async\" id=\"ctl01_ctl00_phMain_phMain_ctl00_ctl02_ctl17_ctl01_imgContent\" src=\"https:\/\/news.google.com\/medio\/2022\/11\/22\/shutterstock-314044991_e8340758_800x800.jpg\" alt=\"shutterstock 314044991\" style=\"border-width:0px;\"\/><\/p>\n<aside class=\"add300x250 publi-interior-top ad-container-r1 ad-inline\"\/>\n<p dir=\"ltr\"><span id=\"docs-internal-guid-4185a1c2-7fff-4948-748d-dba27e1715f7\">Nadie imagin\u00f3 al estrenar en 1899 el flamante faro de Rubjerg Knude que un siglo despu\u00e9s tendr\u00eda que ser reubicado de su emplazamiento unique; pero a veces estas cosas ocurren, sobre todo si se construye sobre un acantilado frente al Mar del Norte, en un lugar de la pen\u00ednsula de Jutlandia de aspecto tan des\u00e9rtico que nadie pensar\u00eda que se trata en realidad de Dinamarca. <\/span><\/p>\n<p dir=\"ltr\"><span id=\"docs-internal-guid-d546da50-7fff-6905-0db3-879ab9220dd9\">Construido con una altura de 23 metros, su linterna period capaz de proyectar un haz de luz hasta 42 kil\u00f3metros mar adentro. Al menos mientras la gran duna que hab\u00eda a sus pies no comenz\u00f3 a remontar empujada por los fuertes vientos del lugar. La situaci\u00f3n fue empeorando hasta tal punto que en 1968 su luz dej\u00f3 de ser seen. Y un faro que no logra iluminar no tiene sentido, as\u00ed que lo cerraron y dej\u00f3 de ser operativo. Cuando las dunas casi lo hab\u00edan enterrado ya, fue rescatado en 1975 para usarlo como espacio de exposiciones y cafeter\u00eda. Pero luchar contra la duna period una tarea tan ardua (tal vez, incluso, imposible) que decidieron abandonarlo en 2002. <\/span><\/p>\n<p><span id=\"docs-internal-guid-d546da50-7fff-6905-0db3-879ab9220dd9\">Para entonces su historia conmovi\u00f3 a Dinamarca entera, que ve\u00eda en el faro un s\u00edmbolo patrio. As\u00ed que se volcaron en salvar la torre del antiguo faro. En octubre de 2019, cuando apenas unos metros lo separaban de caer al mar, un grupo de ingenieros despleg\u00f3 un complejo sistema de ra\u00edles hidr\u00e1ulicos para moverlo 70 metros tierra adentro. Tardaron unas seis horas, a 12 metros por hora de velocidad media. Qued\u00f3 a salvo de la duna y del mar\u2026 Al menos por unas d\u00e9cadas. Como cube, Gonz\u00e1lez Mac\u00edas en el <em>Breve Atlas de los faros del fin del mundo <\/em>(Ed. Menguantes), \u201cen el mejor de los casos obsequiar\u00e1 con cuarenta a\u00f1os m\u00e1s de vida al viejo faro\u201d. \u00bfY luego?<\/span><\/p>\n<blockquote class=\"twitter-tweet\">\n<p dir=\"ltr\" lang=\"en\">Relocation of Rubjerg Knude Lighthouse in Denmark. The lighthouse is only some metres from the sting of a slope above the water, that\u00b4s why it must be moved.<\/p>\n<p>Supply: <a rel=\"nofollow noopener\" target=\"_blank\" href=\"https:\/\/t.co\/nimkdKKvsv\">https:\/\/t.co\/nimkdKKvsv<\/a> <a rel=\"nofollow noopener\" target=\"_blank\" href=\"https:\/\/t.co\/niQU2HqMPZ\">pic.twitter.com\/niQU2HqMPZ<\/a><\/p>\n<p>\u2014 Dorte Hedengran (@DorteHedengran) <a rel=\"nofollow noopener\" target=\"_blank\" href=\"https:\/\/twitter.com\/DorteHedengran\/status\/1186610031799734272?ref_src=twsrc%5Etfw\">October 22, 2019<\/a><\/p><\/blockquote>\n<aside class=\"add300x600 publi-interior-bot ad-inline ad-container-r2\"\/><\/div>\n<p><!-- START:toolbar --><!-- END:toolbar --><\/div>\n<p><script async src=\"\/\/platform.twitter.com\/widgets.js\" charset=\"utf-8\"><\/script><br \/>\n<br \/><\/p>\n<p><em> &#8221; Fuentes news.google.com &#8221; <\/em><\/p>\n","protected":false},"excerpt":{"rendered":"<p>&#13;&#13; &#13;23 de noviembre de 2022 \u00b7 07:00&#13; Especial Black Friday. Suscr\u00edbete hoy al -50% a la revista Viajes Nationwide Geographic y explora nuevos destinos EMPIEZA YA Nadie imagin\u00f3 al estrenar en 1899 el flamante faro de Rubjerg Knude que un siglo despu\u00e9s tendr\u00eda que ser reubicado de su emplazamiento unique; pero a veces estas [&hellip;]<\/p>\n","protected":false},"author":4,"featured_media":430883,"comment_status":"open","ping_status":"closed","sticky":false,"template":"","format":"standard","meta":{"om_disable_all_campaigns":false,"jnews-multi-image_gallery":[],"jnews_single_post":[],"jnews_primary_category":[],"jnews_social_meta":[],"footnotes":""},"categories":[39],"tags":[47258,47257],"class_list":["post-430882","post","type-post","status-publish","format-standard","has-post-thumbnail","hentry","category-viajes","tag-cargado-desde-el-fichero-de-recursos","tag-keywords-por-defecto"],"_links":{"self":[{"href":"https:\/\/dimensionturistica.com\/es\/wp-json\/wp\/v2\/posts\/430882","targetHints":{"allow":["GET"]}}],"collection":[{"href":"https:\/\/dimensionturistica.com\/es\/wp-json\/wp\/v2\/posts"}],"about":[{"href":"https:\/\/dimensionturistica.com\/es\/wp-json\/wp\/v2\/types\/post"}],"author":[{"embeddable":true,"href":"https:\/\/dimensionturistica.com\/es\/wp-json\/wp\/v2\/users\/4"}],"replies":[{"embeddable":true,"href":"https:\/\/dimensionturistica.com\/es\/wp-json\/wp\/v2\/comments?post=430882"}],"version-history":[{"count":0,"href":"https:\/\/dimensionturistica.com\/es\/wp-json\/wp\/v2\/posts\/430882\/revisions"}],"wp:featuredmedia":[{"embeddable":true,"href":"https:\/\/dimensionturistica.com\/es\/wp-json\/wp\/v2\/media\/430883"}],"wp:attachment":[{"href":"https:\/\/dimensionturistica.com\/es\/wp-json\/wp\/v2\/media?parent=430882"}],"wp:term":[{"taxonomy":"category","embeddable":true,"href":"https:\/\/dimensionturistica.com\/es\/wp-json\/wp\/v2\/categories?post=430882"},{"taxonomy":"post_tag","embeddable":true,"href":"https:\/\/dimensionturistica.com\/es\/wp-json\/wp\/v2\/tags?post=430882"}],"curies":[{"name":"wp","href":"https:\/\/api.w.org\/{rel}","templated":true}]}}