{"id":430570,"date":"2022-11-22T19:21:39","date_gmt":"2022-11-22T19:21:39","guid":{"rendered":"https:\/\/dimensionturistica.com\/es\/?p=430570"},"modified":"2022-11-22T19:21:39","modified_gmt":"2022-11-22T19:21:39","slug":"grupo-aeroportuario-del-pacifico-impulsa-la-seguridad-operacional-en-aeropuertos-a-nivel-internacional","status":"publish","type":"post","link":"https:\/\/dimensionturistica.com\/es\/grupo-aeroportuario-del-pacifico-impulsa-la-seguridad-operacional-en-aeropuertos-a-nivel-internacional\/","title":{"rendered":"Grupo Aeroportuario del Pacifico impulsa la seguridad operacional en Aeropuertos a Nivel Internacional"},"content":{"rendered":"<p>Grupo Aeroportuario del Pac\u00edfico (GAP) inaugur\u00f3 la cuarta edici\u00f3n de GAP Safety Week, un evento que promueve las mejores pr\u00e1cticas de Seguridad Operacional en todos los aeropuertos del Grupo, as\u00ed como en otros grupos aeroportuarios y organizaciones de M\u00e9xico y el mundo.<br \/>\nEl evento est\u00e1 compuesto por actividades formativas, de divulgaci\u00f3n y de integraci\u00f3n que permiten a todos los miembros de la comunidad aeroportuaria conocer m\u00e1s sobre este tema.<br \/>\nCon el t\u00f3pico \u201cLa seguridad operacional empieza contigo, \u00a1ay\u00fadanos a mejorarla!\u201d, este a\u00f1o se busca generar conciencia en todas las personas que participan en el sistema de aviaci\u00f3n sobre su<img decoding=\"async\" class=\" wp-image-430576 alignright\" src=\"https:\/\/dimensionturistica.com\/es\/wp-content\/uploads\/2022\/11\/unnamed-29-300x163.jpg\" alt=\"\" width=\"447\" height=\"243\" srcset=\"https:\/\/dimensionturistica.com\/es\/wp-content\/uploads\/2022\/11\/unnamed-29-300x163.jpg 300w, https:\/\/dimensionturistica.com\/es\/wp-content\/uploads\/2022\/11\/unnamed-29.jpg 640w\" sizes=\"(max-width: 447px) 100vw, 447px\" \/> rol preponderante en la seguridad operacional. El evento se realiza del 14 al 18 de noviembre en 12 aeropuertos de GAP en M\u00e9xico, as\u00ed como en los aeropuertos de Kingston y Montego Bay en Jamaica.<br \/>\nLa inauguraci\u00f3n del evento consisti\u00f3 en un mensaje por parte de Ra\u00fal Revuelta, director general de Grupo Aeroportuario del Pac\u00edfico, quien resalt\u00f3 la importancia que tienen todos los miembros de la comunidad aeroportuaria en el \u00e1mbito de la seguridad operacional. \u201cLas actividades que se realizan dentro de los aeropuertos tienen un alto grado de complejidad y son esenciales para el funcionamiento del sistema de transporte, esto se debe a la interacci\u00f3n que se tiene entre diversas organizaciones que diariamente suman esfuerzos para brindar operaciones seguras y eficientes\u201d, destac\u00f3.<br \/>\nAdem\u00e1s, por segunda ocasi\u00f3n se unir\u00e1n aeropuertos de ASA, Grupo Aeroportuario del Sureste (ASUR), Grupo Aeroportuario Centro Norte (OMA), Aeropuerto de Tuxtla Guti\u00e9rrez, Aeropuerto de Quer\u00e9taro, Aeropuerto de Berl\u00edn, la Asociaci\u00f3n Federal de Aviaci\u00f3n Civil (AFAC), el Consejo Internacional de Aeropuertos Latinoam\u00e9rica y el Caribe (ACI-LAC), Mexican Air Force, Netherlands Airport Consultants; aunado a distintas aerol\u00edneas y organizaciones educativas en materia aeron\u00e1utica que participar\u00e1n activamente con actividades locales y a trav\u00e9s de los seminarios web.<br \/>\nEste evento ha adquirido un reconocimiento por parte de la comunidad aeroportuaria en M\u00e9xico, pues es el \u00fanico que promueve la Seguridad Operacional a nivel nacional y uno de los m\u00e1s destacados internacionalmente.<\/p>\n","protected":false},"excerpt":{"rendered":"<p>Grupo Aeroportuario del Pac\u00edfico (GAP) inaugur\u00f3 la cuarta edici\u00f3n de GAP Safety Week, un evento que promueve las mejores pr\u00e1cticas de Seguridad Operacional en todos los aeropuertos del Grupo, as\u00ed como en otros grupos aeroportuarios y organizaciones de M\u00e9xico y el mundo. El evento est\u00e1 compuesto por actividades formativas, de divulgaci\u00f3n y de integraci\u00f3n que [&hellip;]<\/p>\n","protected":false},"author":1,"featured_media":430578,"comment_status":"open","ping_status":"closed","sticky":false,"template":"","format":"standard","meta":{"om_disable_all_campaigns":false,"jnews-multi-image_gallery":[],"jnews_single_post":{"source_name":"","source_url":"","via_name":"","via_url":"","override_template":"0","override":[{"template":"1","single_blog_custom":"","parallax":"1","fullscreen":"1","layout":"right-sidebar","sidebar":"default-sidebar","second_sidebar":"default-sidebar","sticky_sidebar":"1","share_position":"top","share_float_style":"share-monocrhome","show_share_counter":"1","show_view_counter":"1","show_featured":"1","show_post_meta":"1","show_post_author":"1","show_post_author_image":"1","show_post_date":"1","post_date_format":"default","post_date_format_custom":"Y\/m\/d","show_post_category":"1","show_post_reading_time":"0","post_reading_time_wpm":"300","show_zoom_button":"0","zoom_button_out_step":"2","zoom_button_in_step":"3","show_post_tag":"1","show_prev_next_post":"1","show_popup_post":"1","number_popup_post":"1","show_author_box":"0","show_post_related":"0","show_inline_post_related":"0"}],"override_image_size":"0","image_override":[{"single_post_thumbnail_size":"crop-500","single_post_gallery_size":"crop-500"}],"trending_post":"0","trending_post_position":"meta","trending_post_label":"Trending","sponsored_post":"0","sponsored_post_label":"Sponsored by","sponsored_post_name":"","sponsored_post_url":"","sponsored_post_logo_enable":"0","sponsored_post_logo":"","sponsored_post_desc":"","disable_ad":"0"},"jnews_primary_category":{"id":"","hide":""},"jnews_social_meta":{"fb_title":"","fb_description":"","fb_image":"","twitter_title":"","twitter_description":"","twitter_image":""},"footnotes":""},"categories":[39],"tags":[],"class_list":["post-430570","post","type-post","status-publish","format-standard","has-post-thumbnail","hentry","category-viajes"],"_links":{"self":[{"href":"https:\/\/dimensionturistica.com\/es\/wp-json\/wp\/v2\/posts\/430570","targetHints":{"allow":["GET"]}}],"collection":[{"href":"https:\/\/dimensionturistica.com\/es\/wp-json\/wp\/v2\/posts"}],"about":[{"href":"https:\/\/dimensionturistica.com\/es\/wp-json\/wp\/v2\/types\/post"}],"author":[{"embeddable":true,"href":"https:\/\/dimensionturistica.com\/es\/wp-json\/wp\/v2\/users\/1"}],"replies":[{"embeddable":true,"href":"https:\/\/dimensionturistica.com\/es\/wp-json\/wp\/v2\/comments?post=430570"}],"version-history":[{"count":0,"href":"https:\/\/dimensionturistica.com\/es\/wp-json\/wp\/v2\/posts\/430570\/revisions"}],"wp:featuredmedia":[{"embeddable":true,"href":"https:\/\/dimensionturistica.com\/es\/wp-json\/wp\/v2\/media\/430578"}],"wp:attachment":[{"href":"https:\/\/dimensionturistica.com\/es\/wp-json\/wp\/v2\/media?parent=430570"}],"wp:term":[{"taxonomy":"category","embeddable":true,"href":"https:\/\/dimensionturistica.com\/es\/wp-json\/wp\/v2\/categories?post=430570"},{"taxonomy":"post_tag","embeddable":true,"href":"https:\/\/dimensionturistica.com\/es\/wp-json\/wp\/v2\/tags?post=430570"}],"curies":[{"name":"wp","href":"https:\/\/api.w.org\/{rel}","templated":true}]}}