{"id":430504,"date":"2022-11-22T17:52:28","date_gmt":"2022-11-22T17:52:28","guid":{"rendered":"https:\/\/dimensionturistica.com\/es\/?p=430504"},"modified":"2022-11-22T17:52:28","modified_gmt":"2022-11-22T17:52:28","slug":"alejandro-fernandez-presume-vestuario-viajes-y-a-yucatan","status":"publish","type":"post","link":"https:\/\/dimensionturistica.com\/es\/alejandro-fernandez-presume-vestuario-viajes-y-a-yucatan\/","title":{"rendered":"Alejandro Fern\u00e1ndez presume vestuario, viajes y a Yucat\u00e1n"},"content":{"rendered":"<p> <br \/>\n<\/p>\n<div id=\"cuerpo-nota\">\n<p>Desde que muri\u00f3 su padre <strong>Vicente Fern\u00e1ndez,<\/strong> Alejandro Fern\u00e1ndez se ha puesto en el ojo del hurac\u00e1n, desde su freno a la prensa hasta las cr\u00edticas contra sus modelitos, los cuales fueron catalogados como de &#8220;se\u00f1ora&#8221;; sin embargo, \u00e9l de da una buena vida, la cual comparte a sus seguidores.\u00a0<\/p>\n<p>A trav\u00e9s de su cuenta de Twitter, el &#8220;<strong>Potrillo<\/strong>&#8221; presumi\u00f3 los viajes que ha hecho, acompa\u00f1ado de un un put up donde destaca cu\u00e1nto le gusta viajar.\u00a0<\/p>\n<aside class=\"htmlinline\"\/>\n<aside class=\"relacionadas con-foto\">\n<h5>Noticias Relacionadas<\/h5>\n<\/aside>\n<p>&#8220;Eventos como El Mundial me hacen recordar cu\u00e1nto me encanta viajar. Conocer tantos lugares tan diferentes, tantas culturas tan incre\u00edbles y tantas personas tan \u00fanicas. No obstante, mi coraz\u00f3n siempre regresa a mi M\u00c9XICO&#8221;, escribi\u00f3.\u00a0<\/p>\n<p><img decoding=\"async\" alt=\"Instagram Alejandro Fern\u00e1ndez\" height=\"1347\" src=\"https:\/\/news.google.com\/u\/fotografias\/m\/2022\/11\/22\/f768x1-237338_237465_222.jpg\" width=\"768\"\/><img decoding=\"async\" alt=\"Instagram Alejandro Fern\u00e1ndez\" height=\"1310\" src=\"https:\/\/news.google.com\/u\/fotografias\/m\/2022\/11\/22\/f768x1-237343_237470_5050.jpg\" width=\"768\"\/><img decoding=\"async\" alt=\"Instagram Alejandro Fern\u00e1ndez\" height=\"1323\" src=\"https:\/\/news.google.com\/u\/fotografias\/m\/2022\/11\/22\/f768x1-237342_237469_5050.jpg\" width=\"768\"\/><\/p>\n<aside class=\"htmlinline\"\/>\n<p>En sus diferentes fotograf\u00edas, el int\u00e9rprete de &#8220;Abr\u00e1zame&#8221; mostr\u00f3 su gusto por Italia y sus puntos tur\u00edsticos, desde Venecia hasta Palermo; sin embargo, la que m\u00e1s llam\u00f3 la atenci\u00f3n fue una de Yucat\u00e1n.\u00a0<\/p>\n<p><img decoding=\"async\" alt=\"Instagram Alejandro Fern\u00e1ndez\" height=\"1369\" src=\"https:\/\/news.google.com\/u\/fotografias\/m\/2022\/11\/22\/f768x1-237340_237467_5050.jpg\" width=\"768\"\/><img decoding=\"async\" alt=\"Instagram Alejandro Fern\u00e1ndez\" height=\"1369\" src=\"https:\/\/news.google.com\/u\/fotografias\/m\/2022\/11\/22\/f768x1-237344_237471_5050.jpg\" width=\"768\"\/><img decoding=\"async\" alt=\"Instagram Alejandro Fern\u00e1ndez\" height=\"1328\" src=\"https:\/\/news.google.com\/u\/fotografias\/m\/2022\/11\/22\/f768x1-237335_237462_5050.jpg\" width=\"768\"\/><\/p>\n<p>Cabe se\u00f1alar que fue la \u00fanica foto que subi\u00f3 de M\u00e9xico y en esta se le ve disfrutar una piscina muy bien acompa\u00f1ado, pero en otras se le ve pasadito\u00a0de tacos y tortas.\u00a0<\/p>\n<p>S\u00edguenos en <a rel=\"nofollow noopener\" target=\"_blank\" href=\"https:\/\/news.google.com\/publications\/CAAqBwgKMMLDmwswhs6zAw?oc=3&amp;ceid=MX:es-419&amp;hl=es-419&amp;gl=MX\">Google News<\/a> y recibe la mejor informaci\u00f3n\n<\/p>\n<p>JG\n<\/p>\n<\/div>\n<p><script>\n      window.fbAsyncInit = function() {\n        FB.init({\n          appId      : '{292213061927134}',\n          status     : true,\n\t\t  version:  'v2.7',\n          xfbml      : true\n        });\nFB.Event.subscribe('comment.create', function (response) {grabacom_compa(360544)});\t\nFB.Event.subscribe('comment.remove',  function (response) {grabacom_compa(360544)});\t\nFB.Event.subscribe('edge.create',  function (response) {grabacom_compa(360544)});\nFB.Event.subscribe('edge.remove',  function (response) {grabacom_compa(360544)});\n      };\n(function(d, s, id) {\n  var js, fjs = d.getElementsByTagName(s)[0];\n  if (d.getElementById(id)) return;\n  js = d.createElement(s); js.id = id;\n  js.src = \"\/\/connect.facebook.net\/es_LA\/sdk.js#xfbml=1&version=v2.7&appId=292213061927134\";\n  fjs.parentNode.insertBefore(js, fjs);\n}(document, 'script', 'facebook-jssdk'));\n    <\/script><br \/>\n<br \/><\/p>\n<p><em> &#8221; Fuentes news.google.com &#8221; <\/em><\/p>\n","protected":false},"excerpt":{"rendered":"<p>Desde que muri\u00f3 su padre Vicente Fern\u00e1ndez, Alejandro Fern\u00e1ndez se ha puesto en el ojo del hurac\u00e1n, desde su freno a la prensa hasta las cr\u00edticas contra sus modelitos, los cuales fueron catalogados como de &#8220;se\u00f1ora&#8221;; sin embargo, \u00e9l de da una buena vida, la cual comparte a sus seguidores.\u00a0 A trav\u00e9s de su cuenta [&hellip;]<\/p>\n","protected":false},"author":4,"featured_media":430505,"comment_status":"open","ping_status":"closed","sticky":false,"template":"","format":"standard","meta":{"om_disable_all_campaigns":false,"jnews-multi-image_gallery":[],"jnews_single_post":[],"jnews_primary_category":[],"jnews_social_meta":[],"footnotes":""},"categories":[39],"tags":[36998,57585,2504],"class_list":["post-430504","post","type-post","status-publish","format-standard","has-post-thumbnail","hentry","category-viajes","tag-alejandro-fernandez","tag-viajes-del-potrillo","tag-yucatan"],"_links":{"self":[{"href":"https:\/\/dimensionturistica.com\/es\/wp-json\/wp\/v2\/posts\/430504","targetHints":{"allow":["GET"]}}],"collection":[{"href":"https:\/\/dimensionturistica.com\/es\/wp-json\/wp\/v2\/posts"}],"about":[{"href":"https:\/\/dimensionturistica.com\/es\/wp-json\/wp\/v2\/types\/post"}],"author":[{"embeddable":true,"href":"https:\/\/dimensionturistica.com\/es\/wp-json\/wp\/v2\/users\/4"}],"replies":[{"embeddable":true,"href":"https:\/\/dimensionturistica.com\/es\/wp-json\/wp\/v2\/comments?post=430504"}],"version-history":[{"count":0,"href":"https:\/\/dimensionturistica.com\/es\/wp-json\/wp\/v2\/posts\/430504\/revisions"}],"wp:featuredmedia":[{"embeddable":true,"href":"https:\/\/dimensionturistica.com\/es\/wp-json\/wp\/v2\/media\/430505"}],"wp:attachment":[{"href":"https:\/\/dimensionturistica.com\/es\/wp-json\/wp\/v2\/media?parent=430504"}],"wp:term":[{"taxonomy":"category","embeddable":true,"href":"https:\/\/dimensionturistica.com\/es\/wp-json\/wp\/v2\/categories?post=430504"},{"taxonomy":"post_tag","embeddable":true,"href":"https:\/\/dimensionturistica.com\/es\/wp-json\/wp\/v2\/tags?post=430504"}],"curies":[{"name":"wp","href":"https:\/\/api.w.org\/{rel}","templated":true}]}}