{"id":430481,"date":"2022-11-22T17:32:04","date_gmt":"2022-11-22T17:32:04","guid":{"rendered":"https:\/\/dimensionturistica.com\/es\/?p=430481"},"modified":"2022-11-22T17:32:05","modified_gmt":"2022-11-22T17:32:05","slug":"autor-foods-lanza-su-plan-de-igualdad","status":"publish","type":"post","link":"https:\/\/dimensionturistica.com\/es\/autor-foods-lanza-su-plan-de-igualdad\/","title":{"rendered":"Autor Foods lanza su plan de igualdad\u00a0"},"content":{"rendered":"<p> <br \/>\n<\/p>\n<div>\n<p><span style=\"font-weight: 400;\">La conservera riojana especializada en la elaboraci\u00f3n de legumbres cocidas y ecol\u00f3gicas, <\/span><b>Autor Meals<\/b><span style=\"font-weight: 400;\">, ha creado un<\/span><b> plan de igualdad <\/b><span style=\"font-weight: 400;\">entre hombres y mujeres para contribuir a poner fin a la brecha de g\u00e9nero, acabar con los obst\u00e1culos que dificultan la igualdad de oportunidades y sensibilizar a la sociedad sobre este derecho humano elementary.<\/span><\/p>\n<p><span style=\"font-weight: 400;\">El plan permitir\u00e1 certificar su compromiso con la igualdad e integrar estos valores en la empresa y en la cultura organizacional de una forma estructurada. \u201cPodremos favorecer una comunicaci\u00f3n multidireccional focalizada en la escucha y la participaci\u00f3n de todas las personas y <\/span><b>fomentar la sensibilizaci\u00f3n de la plantilla en materia de igualdad<\/b><span style=\"font-weight: 400;\">\u201d, explica el director gerente de Autor Meals, <\/span><b>Jos\u00e9 Luis D\u00edez.\u00a0<\/b><\/p>\n<p><span style=\"font-weight: 400;\">\u201cY constituye un paso m\u00e1s para alcanzar los Objetivos de Desarrollo Sostenible (ODS) como socios del Pacto Mundial de la ONU que somos\u201d, completa.<\/span><\/p>\n<p><img decoding=\"async\" class=\"aligncenter size-full wp-image-184010\" src=\"data:image\/svg+xml,%3Csvg%20xmlns=\" http:=\"\" alt=\"\" width=\"1000\" height=\"550\" data-lazy-srcset=\"https:\/\/www.distribucionactualidad.com\/wp-content\/uploads\/2022\/11\/Autor-Food-plan-de-igualdad.jpg 1000w, https:\/\/www.distribucionactualidad.com\/wp-content\/uploads\/2022\/11\/Autor-Food-plan-de-igualdad-300x165.jpg 300w, https:\/\/www.distribucionactualidad.com\/wp-content\/uploads\/2022\/11\/Autor-Food-plan-de-igualdad-768x422.jpg 768w, https:\/\/www.distribucionactualidad.com\/wp-content\/uploads\/2022\/11\/Autor-Food-plan-de-igualdad-24x13.jpg 24w, https:\/\/www.distribucionactualidad.com\/wp-content\/uploads\/2022\/11\/Autor-Food-plan-de-igualdad-36x20.jpg 36w, https:\/\/www.distribucionactualidad.com\/wp-content\/uploads\/2022\/11\/Autor-Food-plan-de-igualdad-48x26.jpg 48w, https:\/\/www.distribucionactualidad.com\/wp-content\/uploads\/2022\/11\/Autor-Food-plan-de-igualdad-600x330.jpg 600w\" data-lazy-sizes=\"(max-width: 1000px) 100vw, 1000px\" data-lazy-src=\"https:\/\/www.distribucionactualidad.com\/wp-content\/uploads\/2022\/11\/Autor-Food-plan-de-igualdad.jpg\"\/><noscript><img decoding=\"async\" class=\"aligncenter size-full wp-image-184010\" src=\"https:\/\/www.distribucionactualidad.com\/wp-content\/uploads\/2022\/11\/Autor-Food-plan-de-igualdad.jpg\" alt=\"\" width=\"1000\" height=\"550\" srcset=\"https:\/\/www.distribucionactualidad.com\/wp-content\/uploads\/2022\/11\/Autor-Food-plan-de-igualdad.jpg 1000w, https:\/\/www.distribucionactualidad.com\/wp-content\/uploads\/2022\/11\/Autor-Food-plan-de-igualdad-300x165.jpg 300w, https:\/\/www.distribucionactualidad.com\/wp-content\/uploads\/2022\/11\/Autor-Food-plan-de-igualdad-768x422.jpg 768w, https:\/\/www.distribucionactualidad.com\/wp-content\/uploads\/2022\/11\/Autor-Food-plan-de-igualdad-24x13.jpg 24w, https:\/\/www.distribucionactualidad.com\/wp-content\/uploads\/2022\/11\/Autor-Food-plan-de-igualdad-36x20.jpg 36w, https:\/\/www.distribucionactualidad.com\/wp-content\/uploads\/2022\/11\/Autor-Food-plan-de-igualdad-48x26.jpg 48w, https:\/\/www.distribucionactualidad.com\/wp-content\/uploads\/2022\/11\/Autor-Food-plan-de-igualdad-600x330.jpg 600w\" sizes=\"(max-width: 1000px) 100vw, 1000px\"\/><\/noscript><\/p>\n<h2><b>Trabajo de seis meses<\/b><\/h2>\n<p><span style=\"font-weight: 400;\">La elaboraci\u00f3n del plan de igualdad, que ya est\u00e1 en marcha, ha sido fruto del trabajo realizado durante seis meses. En ese periodo, Autor Meals ha realizado <\/span><b>un diagn\u00f3stico sobre la compa\u00f1\u00eda <\/b><span style=\"font-weight: 400;\">y la situaci\u00f3n de las personas que trabajan en ella. \u201cSe han analizado los procesos de selecci\u00f3n y contrataci\u00f3n, la clasificaci\u00f3n profesional, la formaci\u00f3n, la promoci\u00f3n profesional, las condiciones de trabajo, incluida una auditor\u00eda salarial; y la\u00a0 corresponsabilidad de los derechos de la vida personal, familiar y\u00a0 laboral\u201d, indica D\u00edez.<\/span><\/p>\n<p><span style=\"font-weight: 400;\">Una de las herramientas ha sido la realizaci\u00f3n de<\/span><b> encuestas an\u00f3nimas <\/b><span style=\"font-weight: 400;\">a toda la plantilla para conocer su opini\u00f3n acerca de este tema.<\/span><\/p>\n<p><span style=\"font-weight: 400;\">El director explica que los resultados han sido positivos, puesto que<\/span> <span style=\"font-weight: 400;\">m\u00e1s del 50% de la plantilla est\u00e1 formada por mujeres y ocupan puestos de responsabilidad como la direcci\u00f3n industrial y financiera\u201d.<\/span><\/p>\n<blockquote>\n<p><strong>M\u00e1s del 50% de la plantilla est\u00e1 formada por mujeres y ocupan puestos de responsabilidad.\u00a0<\/strong><\/p>\n<\/blockquote>\n<p><span style=\"font-weight: 400;\">Tambi\u00e9n este an\u00e1lisis ha permitido <\/span><b>detectar aspectos a mejorar dentro de la empresa.<\/b><span style=\"font-weight: 400;\"> \u201cVamos a dise\u00f1ar acciones para implementar la transversalidad de sexo y las pol\u00edticas de igualdad, y tambi\u00e9n en la relaci\u00f3n con la clientela, proveedores y alianzas en materia de igualdad\u201d. Adem\u00e1s, la empresa aprobar\u00e1 un <\/span><b>proceso de selecci\u00f3n y contrataci\u00f3n<\/b><span style=\"font-weight: 400;\"> usando la clasificaci\u00f3n de puestos del Ministerio de Igualdad de Espa\u00f1a, y generalizar\u00e1n el uso del lenguaje inclusivo.<\/span><\/p>\n<p><span style=\"font-weight: 400;\">Todas estas acciones se llevar\u00e1n a cabo durante los pr\u00f3ximos cuatro a\u00f1os, tiempo de vigencia del plan de igualdad. Su implementaci\u00f3n y desarrollo <\/span><b>estar\u00e1 supervisado por la Comisi\u00f3n de Igualdad q<\/b><span style=\"font-weight: 400;\">ue Autor Meals acaba de constituir.<\/span><\/p>\n<\/p><\/div>\n\n<p><em> \u2018 The preceding article may include information circulated by third parties \u2019 <\/em><\/p>\n<p><em> \u2018 Some details of this article were extracted from the following source news.google.com \u2019 <\/em><\/p>\n","protected":false},"excerpt":{"rendered":"<p>La conservera riojana especializada en la elaboraci\u00f3n de legumbres cocidas y ecol\u00f3gicas, Autor Meals, ha creado un plan de igualdad entre hombres y mujeres para contribuir a poner fin a la brecha de g\u00e9nero, acabar con los obst\u00e1culos que dificultan la igualdad de oportunidades y sensibilizar a la sociedad sobre este derecho humano elementary. El [&hellip;]<\/p>\n","protected":false},"author":2,"featured_media":430482,"comment_status":"open","ping_status":"closed","sticky":false,"template":"","format":"standard","meta":{"om_disable_all_campaigns":false,"jnews-multi-image_gallery":[],"jnews_single_post":[],"jnews_primary_category":[],"jnews_social_meta":[],"footnotes":""},"categories":[43],"tags":[],"class_list":["post-430481","post","type-post","status-publish","format-standard","has-post-thumbnail","hentry","category-gourmet"],"_links":{"self":[{"href":"https:\/\/dimensionturistica.com\/es\/wp-json\/wp\/v2\/posts\/430481","targetHints":{"allow":["GET"]}}],"collection":[{"href":"https:\/\/dimensionturistica.com\/es\/wp-json\/wp\/v2\/posts"}],"about":[{"href":"https:\/\/dimensionturistica.com\/es\/wp-json\/wp\/v2\/types\/post"}],"author":[{"embeddable":true,"href":"https:\/\/dimensionturistica.com\/es\/wp-json\/wp\/v2\/users\/2"}],"replies":[{"embeddable":true,"href":"https:\/\/dimensionturistica.com\/es\/wp-json\/wp\/v2\/comments?post=430481"}],"version-history":[{"count":0,"href":"https:\/\/dimensionturistica.com\/es\/wp-json\/wp\/v2\/posts\/430481\/revisions"}],"wp:featuredmedia":[{"embeddable":true,"href":"https:\/\/dimensionturistica.com\/es\/wp-json\/wp\/v2\/media\/430482"}],"wp:attachment":[{"href":"https:\/\/dimensionturistica.com\/es\/wp-json\/wp\/v2\/media?parent=430481"}],"wp:term":[{"taxonomy":"category","embeddable":true,"href":"https:\/\/dimensionturistica.com\/es\/wp-json\/wp\/v2\/categories?post=430481"},{"taxonomy":"post_tag","embeddable":true,"href":"https:\/\/dimensionturistica.com\/es\/wp-json\/wp\/v2\/tags?post=430481"}],"curies":[{"name":"wp","href":"https:\/\/api.w.org\/{rel}","templated":true}]}}