{"id":430416,"date":"2022-11-22T15:39:04","date_gmt":"2022-11-22T15:39:04","guid":{"rendered":"https:\/\/dimensionturistica.com\/es\/?p=430416"},"modified":"2022-11-22T15:39:04","modified_gmt":"2022-11-22T15:39:04","slug":"metro-de-santiago-permitira-los-viajes-con-bicicletas-los-dias-domingos","status":"publish","type":"post","link":"https:\/\/dimensionturistica.com\/es\/metro-de-santiago-permitira-los-viajes-con-bicicletas-los-dias-domingos\/","title":{"rendered":"Metro de Santiago permitir\u00e1 los viajes con bicicletas los d\u00edas domingos"},"content":{"rendered":"<p> <br \/>\n<\/p>\n<div id=\"cuerpo-ad\">\n<p style=\"text-align: justify;\">El ministro de Transportes, <strong>Juan Carlos Mu\u00f1oz<\/strong>, anunci\u00f3 que el <strong>Metro de Santiago permitir\u00e1 el ingreso y los viajes con bicicletas todos los d\u00edas domingos<\/strong> a partir del 27 de noviembre.\u00a0<\/p>\n<p style=\"text-align: justify;\">De esta manera, todos quienes se trasladen en este medio de transporte podr\u00e1n utilizar las 136 estaciones del Metro de Santiago los d\u00edas domingos durante todo el horario de servicio,\u00a0es decir, <strong>entre las 08:00 y las 23:00 horas<\/strong>.<\/p>\n<p style=\"text-align: justify;\">Las autoridades tambi\u00e9n detallaron que se permitir\u00e1 s\u00f3lo<strong> una bicicleta por persona<\/strong>, las cuales podr\u00e1n ser tradicionales, plegables o el\u00e9ctricas, cuyo ingreso ser\u00e1 a trav\u00e9s de las escaleras fijas, mec\u00e1nicas o los ascensores, y <strong>se debe utilizar el primer coche de los trenes<\/strong> por la primera puerta, lo que implica que la espera debe realizarse al inicio de los andenes.<\/p>\n<p style=\"text-align: justify;\">En l\u00edneas 1, 2, 4, 4A y 5 se debe validar de manera recurring con la tarjeta Bip! en los torniquetes y luego ingresar con la bicicleta por la puerta lateral; mientras que en\u00a0las l\u00edneas 3 y 6 (autom\u00e1ticas), se debe validar e ingresar por la puerta para personas con movilidad reducida.<\/p>\n<blockquote class=\"twitter-tweet\">\n<p dir=\"ltr\" lang=\"es\">\u00a1A partir de este 27 de noviembre podr\u00e1s ingresar con tu bici al <a rel=\"nofollow noopener\" target=\"_blank\" href=\"https:\/\/twitter.com\/metrodesantiago?ref_src=twsrc%5Etfw\">@metrodesantiago<\/a> los d\u00edas domingo! &#x1f973;<\/p>\n<p>\u00bfQu\u00e9 bicicletas podr\u00e1n ingresar? Las tradicionales, plegables y el\u00e9ctricas&#x1f6b2;&#x1f687;.<\/p>\n<p>No podr\u00e1n ingresar las con motores a combusti\u00f3n. <a rel=\"nofollow noopener\" target=\"_blank\" href=\"https:\/\/t.co\/yzAPatEdw7\">pic.twitter.com\/yzAPatEdw7<\/a><\/p>\n<p>\u2014 Ministerio de Transportes y Telecomunicaciones (@MTTChile) <a rel=\"nofollow noopener\" target=\"_blank\" href=\"https:\/\/twitter.com\/MTTChile\/status\/1595036139223654400?ref_src=twsrc%5Etfw\">November 22, 2022<\/a><\/p><\/blockquote>\n<p style=\"text-align: justify;\">&#8220;<strong>Estamos frente a una gran oportunidad de demostrar que la integraci\u00f3n de la bicicleta con el Metro es posible<\/strong> y que todos podemos convivir, mientras nos respetemos y respetemos las normas. Con esta medida se busca potenciar el uso del transporte p\u00fablico los fines de semana, ya que otorga una nueva alternativa de combinaci\u00f3n para los usuarios&#8221;, destac\u00f3 el titular de Transportes.<\/p>\n<p style=\"text-align: justify;\">En tanto, el presidente de Metro,<strong> Guillermo Mu\u00f1oz<\/strong>, se\u00f1al\u00f3 que &#8220;tenemos la convicci\u00f3n que esta iniciativa contribuir\u00e1 a que muchas personas puedan acercarse a nuevas opciones para <strong>disfrutar la ciudad y aprovechar las actividades al aire libre,<\/strong> cuidando al mismo tiempo el medio ambiente y potenciando la vida sana&#8221;.<\/p>\n<p style=\"text-align: justify;\">&#8220;De esta manera, estamos facilitando la forma de llegar a distintos parques, ciclov\u00edas y lugares entretenidos que tiene Santiago para pasear los domingos en bici&#8221;, agreg\u00f3.\u00a0<\/p>\n<blockquote class=\"twitter-tweet\">\n<p dir=\"ltr\" lang=\"es\">Te invitamos a visitar nuestro sitio internet para conocer todos los detalles acerca de esta iniciativa <br \/>&#x1f389; &#x1f6b2; <a rel=\"nofollow noopener\" target=\"_blank\" href=\"https:\/\/t.co\/ePxXne2b20\">https:\/\/t.co\/ePxXne2b20<\/a> <a rel=\"nofollow noopener\" target=\"_blank\" href=\"https:\/\/t.co\/vw4R3Hdxug\">pic.twitter.com\/vw4R3Hdxug<\/a><\/p>\n<p>\u2014 Metro de Santiago &#8211; #NuevoViaje (@metrodesantiago) <a rel=\"nofollow noopener\" target=\"_blank\" href=\"https:\/\/twitter.com\/metrodesantiago\/status\/1595006966967197696?ref_src=twsrc%5Etfw\">November 22, 2022<\/a><\/p><\/blockquote>\n<\/div>\n<p><script async src=\"\/\/platform.twitter.com\/widgets.js\" charset=\"utf-8\"><\/script><br \/>\n<br \/><\/p>\n<p><em> &#8221; Fuentes news.google.com &#8221; <\/em><\/p>\n","protected":false},"excerpt":{"rendered":"<p>El ministro de Transportes, Juan Carlos Mu\u00f1oz, anunci\u00f3 que el Metro de Santiago permitir\u00e1 el ingreso y los viajes con bicicletas todos los d\u00edas domingos a partir del 27 de noviembre.\u00a0 De esta manera, todos quienes se trasladen en este medio de transporte podr\u00e1n utilizar las 136 estaciones del Metro de Santiago los d\u00edas domingos [&hellip;]<\/p>\n","protected":false},"author":4,"featured_media":430417,"comment_status":"open","ping_status":"closed","sticky":false,"template":"","format":"standard","meta":{"om_disable_all_campaigns":false,"jnews-multi-image_gallery":[],"jnews_single_post":[],"jnews_primary_category":[],"jnews_social_meta":[],"footnotes":""},"categories":[39],"tags":[7907,1794,1555],"class_list":["post-430416","post","type-post","status-publish","format-standard","has-post-thumbnail","hentry","category-viajes","tag-metro","tag-pais","tag-transportes"],"_links":{"self":[{"href":"https:\/\/dimensionturistica.com\/es\/wp-json\/wp\/v2\/posts\/430416","targetHints":{"allow":["GET"]}}],"collection":[{"href":"https:\/\/dimensionturistica.com\/es\/wp-json\/wp\/v2\/posts"}],"about":[{"href":"https:\/\/dimensionturistica.com\/es\/wp-json\/wp\/v2\/types\/post"}],"author":[{"embeddable":true,"href":"https:\/\/dimensionturistica.com\/es\/wp-json\/wp\/v2\/users\/4"}],"replies":[{"embeddable":true,"href":"https:\/\/dimensionturistica.com\/es\/wp-json\/wp\/v2\/comments?post=430416"}],"version-history":[{"count":0,"href":"https:\/\/dimensionturistica.com\/es\/wp-json\/wp\/v2\/posts\/430416\/revisions"}],"wp:featuredmedia":[{"embeddable":true,"href":"https:\/\/dimensionturistica.com\/es\/wp-json\/wp\/v2\/media\/430417"}],"wp:attachment":[{"href":"https:\/\/dimensionturistica.com\/es\/wp-json\/wp\/v2\/media?parent=430416"}],"wp:term":[{"taxonomy":"category","embeddable":true,"href":"https:\/\/dimensionturistica.com\/es\/wp-json\/wp\/v2\/categories?post=430416"},{"taxonomy":"post_tag","embeddable":true,"href":"https:\/\/dimensionturistica.com\/es\/wp-json\/wp\/v2\/tags?post=430416"}],"curies":[{"name":"wp","href":"https:\/\/api.w.org\/{rel}","templated":true}]}}