{"id":430177,"date":"2022-11-22T08:57:06","date_gmt":"2022-11-22T08:57:06","guid":{"rendered":"https:\/\/dimensionturistica.com\/es\/?p=430177"},"modified":"2022-11-22T08:57:06","modified_gmt":"2022-11-22T08:57:06","slug":"cinco-ciudades-a-donde-volar-por-menos-de-100-e-y-comenzar-el-ano-viajando-2","status":"publish","type":"post","link":"https:\/\/dimensionturistica.com\/es\/cinco-ciudades-a-donde-volar-por-menos-de-100-e-y-comenzar-el-ano-viajando-2\/","title":{"rendered":"Cinco ciudades a donde volar por menos de 100 \u20ac y comenzar el a\u00f1o viajando"},"content":{"rendered":"<p> <br \/>\n<\/p>\n<div id=\"article-sumary\">\n<div class=\"article-txt ad-mobile-top\">\n<p><span id=\"docs-internal-guid-a9deea5c-7fff-5bbe-a5b4-e056502f2651\">Datos, datos y datos\u2026 O el Huge Information como aliado para los viajeros. En la plataforma KAYAK han analizado los datos de su metabuscador para conocer cu\u00e1les son las semanas (e incluso los d\u00edas) para volar m\u00e1s barato a los destinos europeos m\u00e1s populares. Las conclusiones a las que llegan no dejan de ser curiosas. Por ejemplo, que <\/span>viajar a destinos de media distancia puede llegar a ser hasta un 70 % m\u00e1s barato si se conoce de antemano cu\u00e1ndo hacerlo o que <strong>los jueves parecen ser el mejor d\u00eda de la semana para reservar un vuelo a los siguientes destinos europeos<\/strong>.<\/p>\n<\/div>\n<\/div>\n\n<p><em> &#8221; Fuentes news.google.com &#8221; <\/em><\/p>\n","protected":false},"excerpt":{"rendered":"<p>Datos, datos y datos\u2026 O el Huge Information como aliado para los viajeros. En la plataforma KAYAK han analizado los datos de su metabuscador para conocer cu\u00e1les son las semanas (e incluso los d\u00edas) para volar m\u00e1s barato a los destinos europeos m\u00e1s populares. Las conclusiones a las que llegan no dejan de ser curiosas. [&hellip;]<\/p>\n","protected":false},"author":4,"featured_media":430158,"comment_status":"open","ping_status":"closed","sticky":false,"template":"","format":"standard","meta":{"om_disable_all_campaigns":false,"jnews-multi-image_gallery":[],"jnews_single_post":[],"jnews_primary_category":[],"jnews_social_meta":[],"footnotes":""},"categories":[39],"tags":[47258,47257],"class_list":["post-430177","post","type-post","status-publish","format-standard","has-post-thumbnail","hentry","category-viajes","tag-cargado-desde-el-fichero-de-recursos","tag-keywords-por-defecto"],"_links":{"self":[{"href":"https:\/\/dimensionturistica.com\/es\/wp-json\/wp\/v2\/posts\/430177","targetHints":{"allow":["GET"]}}],"collection":[{"href":"https:\/\/dimensionturistica.com\/es\/wp-json\/wp\/v2\/posts"}],"about":[{"href":"https:\/\/dimensionturistica.com\/es\/wp-json\/wp\/v2\/types\/post"}],"author":[{"embeddable":true,"href":"https:\/\/dimensionturistica.com\/es\/wp-json\/wp\/v2\/users\/4"}],"replies":[{"embeddable":true,"href":"https:\/\/dimensionturistica.com\/es\/wp-json\/wp\/v2\/comments?post=430177"}],"version-history":[{"count":0,"href":"https:\/\/dimensionturistica.com\/es\/wp-json\/wp\/v2\/posts\/430177\/revisions"}],"wp:featuredmedia":[{"embeddable":true,"href":"https:\/\/dimensionturistica.com\/es\/wp-json\/wp\/v2\/media\/430158"}],"wp:attachment":[{"href":"https:\/\/dimensionturistica.com\/es\/wp-json\/wp\/v2\/media?parent=430177"}],"wp:term":[{"taxonomy":"category","embeddable":true,"href":"https:\/\/dimensionturistica.com\/es\/wp-json\/wp\/v2\/categories?post=430177"},{"taxonomy":"post_tag","embeddable":true,"href":"https:\/\/dimensionturistica.com\/es\/wp-json\/wp\/v2\/tags?post=430177"}],"curies":[{"name":"wp","href":"https:\/\/api.w.org\/{rel}","templated":true}]}}