{"id":429812,"date":"2022-11-21T18:22:58","date_gmt":"2022-11-21T18:22:58","guid":{"rendered":"https:\/\/dimensionturistica.com\/es\/?p=429812"},"modified":"2022-11-21T18:22:58","modified_gmt":"2022-11-21T18:22:58","slug":"en-el-marco-del-dia-mundial-del-retrete-lanzan-show-de-payasos-inedito-para-educar-a-ninos-sobre-la-importancia-de-la-higiene-en-banos","status":"publish","type":"post","link":"https:\/\/dimensionturistica.com\/es\/en-el-marco-del-dia-mundial-del-retrete-lanzan-show-de-payasos-inedito-para-educar-a-ninos-sobre-la-importancia-de-la-higiene-en-banos\/","title":{"rendered":"En el marco del D\u00eda Mundial del Retrete lanzan show de payasos in\u00e9dito para educar a ni\u00f1os sobre la importancia de la higiene en ba\u00f1os."},"content":{"rendered":"<p>De acuerdo con la Organizaci\u00f3n Mundial de las Naciones Unidas (ONU), el D\u00eda Mundial del Retrete representa la oportunidad de concientizar e invitar a m\u00e1s personas a informarse sobre la necesidad de contar con ba\u00f1os dignos, sobre todo para los ni\u00f1os, ya que se estima que cada d\u00eda, m\u00e1s de 700 ni\u00f1os menores de cinco a\u00f1os mueren por enfermedades diarreicas causadas por agua insalubre o por saneamiento o higiene deficientes.<br \/>\nEn el marco del D\u00eda Mundial del Retrete conmemorado por segundo a\u00f1o consecutivo, Harpic\u00ae y su programa \u201cM\u00e1s All\u00e1 de limpieza ba\u00f1os dignos\u201d une esfuerzos junto a Fundaci\u00f3n Nemi para<img decoding=\"async\" class=\"size-medium wp-image-429816 alignright\" src=\"https:\/\/dimensionturistica.com\/es\/wp-content\/uploads\/2022\/11\/WhatsApp-Image-2022-11-17-at-1.46.32-PM-300x225.jpeg\" alt=\"\" width=\"300\" height=\"225\" srcset=\"https:\/\/dimensionturistica.com\/es\/wp-content\/uploads\/2022\/11\/WhatsApp-Image-2022-11-17-at-1.46.32-PM-300x225.jpeg 300w, https:\/\/dimensionturistica.com\/es\/wp-content\/uploads\/2022\/11\/WhatsApp-Image-2022-11-17-at-1.46.32-PM-1024x768.jpeg 1024w, https:\/\/dimensionturistica.com\/es\/wp-content\/uploads\/2022\/11\/WhatsApp-Image-2022-11-17-at-1.46.32-PM-768x576.jpeg 768w, https:\/\/dimensionturistica.com\/es\/wp-content\/uploads\/2022\/11\/WhatsApp-Image-2022-11-17-at-1.46.32-PM-1536x1152.jpeg 1536w, https:\/\/dimensionturistica.com\/es\/wp-content\/uploads\/2022\/11\/WhatsApp-Image-2022-11-17-at-1.46.32-PM-750x563.jpeg 750w, https:\/\/dimensionturistica.com\/es\/wp-content\/uploads\/2022\/11\/WhatsApp-Image-2022-11-17-at-1.46.32-PM-1140x855.jpeg 1140w, https:\/\/dimensionturistica.com\/es\/wp-content\/uploads\/2022\/11\/WhatsApp-Image-2022-11-17-at-1.46.32-PM.jpeg 1600w\" sizes=\"(max-width: 300px) 100vw, 300px\" \/> impulsar el desarrollo de acciones para ayudar a concientizar y educar sobre la importancia del acceso a ba\u00f1os en condiciones dignas para ni\u00f1os en M\u00e9xico.<br \/>\nLa Asamblea General de Naciones Unidas ha reconocido a\u00f1o con a\u00f1o el 19 de noviembre como el D\u00eda Mundial del Retrete, fecha en la que se busca generar consciencia acerca de la crisis mundial de saneamiento que implica no contar con infraestructura, agua o retretes en el mundo; donde se estiman impactos en alrededor de 800 millones de ni\u00f1os 2 que viven en zonas vulnerables, es decir uno de cada diez que habita en contextos extremadamente fr\u00e1giles.<br \/>\nTan solo en M\u00e9xico, y de acuerdo con datos de UNICEF, 65% de ni\u00f1os y ni\u00f1as del pa\u00eds evitan los ba\u00f1os en su escuela por las malas condiciones. 3 Esto se da principalmente porque las enfermedades estomacales son recurrentes en los alumnos, sobre todo en los m\u00e1s peque\u00f1os, por lo que las medidas recomendadas por las autoridades para la reapertura de las escuelas tambi\u00e9n<br \/>\nincluyen la limpieza de sanitarios.<br \/>\nCon el objetivo de apoyar a que los ni\u00f1os de M\u00e9xico cuenten con ba\u00f1os higi\u00e9nicamente limpios y evitar el contagio de enfermedades diarreicas agudas ocasionadas por la falta de higiene, los aliados del programa \u201cM\u00e1s All\u00e1 de Limpieza, Ba\u00f1os Dignos\u201d: Fundaci\u00f3n Nemi y Harpic \u00ae, crearon un plan integral para educar sobre la importancia de la higiene y desinfecci\u00f3n de ba\u00f1os en alrededor de 120 escuelas de la Ciudad de M\u00e9xico y Guadalajara. La muestra teatral \u201cLos Ba\u00f1os son Nuestros\u201d busca sensibilizar, a trav\u00e9s de sus personajes \u201cPi y Po\u201d, sobre la importancia de incorporar h\u00e1bitos desde edades tempranas.<img decoding=\"async\" class=\"size-medium wp-image-429817 alignright\" src=\"https:\/\/dimensionturistica.com\/es\/wp-content\/uploads\/2022\/11\/WhatsApp-Image-2022-11-17-at-1.46.31-PM-300x225.jpeg\" alt=\"\" width=\"300\" height=\"225\" srcset=\"https:\/\/dimensionturistica.com\/es\/wp-content\/uploads\/2022\/11\/WhatsApp-Image-2022-11-17-at-1.46.31-PM-300x225.jpeg 300w, https:\/\/dimensionturistica.com\/es\/wp-content\/uploads\/2022\/11\/WhatsApp-Image-2022-11-17-at-1.46.31-PM-1024x768.jpeg 1024w, https:\/\/dimensionturistica.com\/es\/wp-content\/uploads\/2022\/11\/WhatsApp-Image-2022-11-17-at-1.46.31-PM-768x576.jpeg 768w, https:\/\/dimensionturistica.com\/es\/wp-content\/uploads\/2022\/11\/WhatsApp-Image-2022-11-17-at-1.46.31-PM-1536x1152.jpeg 1536w, https:\/\/dimensionturistica.com\/es\/wp-content\/uploads\/2022\/11\/WhatsApp-Image-2022-11-17-at-1.46.31-PM-750x563.jpeg 750w, https:\/\/dimensionturistica.com\/es\/wp-content\/uploads\/2022\/11\/WhatsApp-Image-2022-11-17-at-1.46.31-PM-1140x855.jpeg 1140w, https:\/\/dimensionturistica.com\/es\/wp-content\/uploads\/2022\/11\/WhatsApp-Image-2022-11-17-at-1.46.31-PM.jpeg 1600w\" sizes=\"(max-width: 300px) 100vw, 300px\" \/><br \/>\nAl respecto, Charlotte L\u00f6fgren-Rowe, Directora de Marketing para Reckitt M\u00e9xico y Centroam\u00e9rica, puntualiz\u00f3 que: \u201cEn Harpic\u00ae, y a trav\u00e9s de su prop\u00f3sito de marca, buscamos generar proyectos que ayuden a disminuir el desconocimiento sobre el riesgo que implica el no contar con una higiene adecuada en los ba\u00f1os de las escuelas de M\u00e9xico.<br \/>\nLas \u00f3ptimas condiciones del retrete es un elemento fundamental para el desarrollo, salud y el bienestar de los ni\u00f1os en sus<\/p>\n","protected":false},"excerpt":{"rendered":"<p>De acuerdo con la Organizaci\u00f3n Mundial de las Naciones Unidas (ONU), el D\u00eda Mundial del Retrete representa la oportunidad de concientizar e invitar a m\u00e1s personas a informarse sobre la necesidad de contar con ba\u00f1os dignos, sobre todo para los ni\u00f1os, ya que se estima que cada d\u00eda, m\u00e1s de 700 ni\u00f1os menores de cinco [&hellip;]<\/p>\n","protected":false},"author":1,"featured_media":429815,"comment_status":"open","ping_status":"closed","sticky":false,"template":"","format":"standard","meta":{"om_disable_all_campaigns":false,"jnews-multi-image_gallery":[],"jnews_single_post":{"source_name":"","source_url":"","via_name":"","via_url":"","override_template":"0","override":[{"template":"1","single_blog_custom":"","parallax":"1","fullscreen":"1","layout":"right-sidebar","sidebar":"default-sidebar","second_sidebar":"default-sidebar","sticky_sidebar":"1","share_position":"top","share_float_style":"share-monocrhome","show_share_counter":"1","show_view_counter":"1","show_featured":"1","show_post_meta":"1","show_post_author":"1","show_post_author_image":"1","show_post_date":"1","post_date_format":"default","post_date_format_custom":"Y\/m\/d","show_post_category":"1","show_post_reading_time":"0","post_reading_time_wpm":"300","show_zoom_button":"0","zoom_button_out_step":"2","zoom_button_in_step":"3","show_post_tag":"1","show_prev_next_post":"1","show_popup_post":"1","number_popup_post":"1","show_author_box":"0","show_post_related":"0","show_inline_post_related":"0"}],"override_image_size":"0","image_override":[{"single_post_thumbnail_size":"crop-500","single_post_gallery_size":"crop-500"}],"trending_post":"0","trending_post_position":"meta","trending_post_label":"Trending","sponsored_post":"0","sponsored_post_label":"Sponsored by","sponsored_post_name":"","sponsored_post_url":"","sponsored_post_logo_enable":"0","sponsored_post_logo":"","sponsored_post_desc":"","disable_ad":"0"},"jnews_primary_category":{"id":"","hide":""},"jnews_social_meta":{"fb_title":"","fb_description":"","fb_image":"","twitter_title":"","twitter_description":"","twitter_image":""},"footnotes":""},"categories":[40],"tags":[],"class_list":["post-429812","post","type-post","status-publish","format-standard","has-post-thumbnail","hentry","category-industria"],"_links":{"self":[{"href":"https:\/\/dimensionturistica.com\/es\/wp-json\/wp\/v2\/posts\/429812","targetHints":{"allow":["GET"]}}],"collection":[{"href":"https:\/\/dimensionturistica.com\/es\/wp-json\/wp\/v2\/posts"}],"about":[{"href":"https:\/\/dimensionturistica.com\/es\/wp-json\/wp\/v2\/types\/post"}],"author":[{"embeddable":true,"href":"https:\/\/dimensionturistica.com\/es\/wp-json\/wp\/v2\/users\/1"}],"replies":[{"embeddable":true,"href":"https:\/\/dimensionturistica.com\/es\/wp-json\/wp\/v2\/comments?post=429812"}],"version-history":[{"count":0,"href":"https:\/\/dimensionturistica.com\/es\/wp-json\/wp\/v2\/posts\/429812\/revisions"}],"wp:featuredmedia":[{"embeddable":true,"href":"https:\/\/dimensionturistica.com\/es\/wp-json\/wp\/v2\/media\/429815"}],"wp:attachment":[{"href":"https:\/\/dimensionturistica.com\/es\/wp-json\/wp\/v2\/media?parent=429812"}],"wp:term":[{"taxonomy":"category","embeddable":true,"href":"https:\/\/dimensionturistica.com\/es\/wp-json\/wp\/v2\/categories?post=429812"},{"taxonomy":"post_tag","embeddable":true,"href":"https:\/\/dimensionturistica.com\/es\/wp-json\/wp\/v2\/tags?post=429812"}],"curies":[{"name":"wp","href":"https:\/\/api.w.org\/{rel}","templated":true}]}}