{"id":429768,"date":"2022-11-21T17:52:28","date_gmt":"2022-11-21T17:52:28","guid":{"rendered":"https:\/\/dimensionturistica.com\/es\/?p=429768"},"modified":"2022-11-21T17:52:28","modified_gmt":"2022-11-21T17:52:28","slug":"tag-airlines-recibe-el-reconocimiento-por-su-gran-labor-en-la-conectividad-y-promocion-del-mundo-maya","status":"publish","type":"post","link":"https:\/\/dimensionturistica.com\/es\/tag-airlines-recibe-el-reconocimiento-por-su-gran-labor-en-la-conectividad-y-promocion-del-mundo-maya\/","title":{"rendered":"Tag Airlines recibe el reconocimiento por su gran labor en la conectividad y Promoci\u00f3n del Mundo Maya"},"content":{"rendered":"<p>La distinci\u00f3n fue entregada por Anayanzi Rodr\u00edguez, Directora del Instituto Guatemalteco de Turismo (INGUAT) TagAirlines particip\u00f3 en la reuni\u00f3n de la Organizaci\u00f3n del Mundo Maya, en la ciudad de Antigua, Guatemala, con la presencia de utoridades de turismo de la regi\u00f3n<img decoding=\"async\" class=\"size-medium wp-image-429777 alignright\" src=\"https:\/\/dimensionturistica.com\/es\/wp-content\/uploads\/2022\/11\/unnamed-1-16-300x200.jpg\" alt=\"\" width=\"300\" height=\"200\" srcset=\"https:\/\/dimensionturistica.com\/es\/wp-content\/uploads\/2022\/11\/unnamed-1-16-300x200.jpg 300w, https:\/\/dimensionturistica.com\/es\/wp-content\/uploads\/2022\/11\/unnamed-1-16-1024x683.jpg 1024w, https:\/\/dimensionturistica.com\/es\/wp-content\/uploads\/2022\/11\/unnamed-1-16-768x512.jpg 768w, https:\/\/dimensionturistica.com\/es\/wp-content\/uploads\/2022\/11\/unnamed-1-16-750x500.jpg 750w, https:\/\/dimensionturistica.com\/es\/wp-content\/uploads\/2022\/11\/unnamed-1-16-1140x760.jpg 1140w, https:\/\/dimensionturistica.com\/es\/wp-content\/uploads\/2022\/11\/unnamed-1-16.jpg 1368w\" sizes=\"(max-width: 300px) 100vw, 300px\" \/><br \/>\nLa aerol\u00ednea ofrece conectividad con Centroam\u00e9rica (Guatemala, El Salvador, Honduras y Belice), adem\u00e1s del sur de M\u00e9xico (Quintana Roo, Yucat\u00e1n, Chiapas y Oaxaca), lo que permite una opci\u00f3n multidestino en el Mundo Maya Antigua, Guatemala, a 17 de noviembre de 2022.- En el marco de la reuni\u00f3n de la Organizaci\u00f3n del Mundo Maya (OMM) que se realiz\u00f3 en la ciudad colonial de Antigua, TagAirlines, la aerol\u00ednea bandera de Guatemala, recibi\u00f3 un reconocimiento del Instituto Guatemalteco de Turismo (INGUAT) por su compromiso en favor de la conectividad y de la promoci\u00f3n de los destinos del Mundo Maya.<br \/>\nLa entrega del reconocimiento estuvo a cargo de Anayanzi Rodr\u00edguez, Directora del Instituto Guatemalteco de Turismo (INGUAT), ante la presencia de autoridades de Turismo de los pa\u00edses que integran la Organizaci\u00f3n del Mundo Maya (Guatemala, El Salvador, Honduras, Belice y M\u00e9xico). En su mensaje, Rodr\u00edguez reconoci\u00f3 la gran labor de TagAirlines para fortalecer la conectividad en el Mundo Maya.<br \/>\nEn nombre de Marcela Toriello, Presidenta de TagAirlines, y de todos los colaboradores, Julio<img decoding=\"async\" class=\"size-medium wp-image-429776 alignright\" src=\"https:\/\/dimensionturistica.com\/es\/wp-content\/uploads\/2022\/11\/unnamed-2-13-300x200.jpg\" alt=\"\" width=\"300\" height=\"200\" srcset=\"https:\/\/dimensionturistica.com\/es\/wp-content\/uploads\/2022\/11\/unnamed-2-13-300x200.jpg 300w, https:\/\/dimensionturistica.com\/es\/wp-content\/uploads\/2022\/11\/unnamed-2-13-1024x683.jpg 1024w, https:\/\/dimensionturistica.com\/es\/wp-content\/uploads\/2022\/11\/unnamed-2-13-768x512.jpg 768w, https:\/\/dimensionturistica.com\/es\/wp-content\/uploads\/2022\/11\/unnamed-2-13-750x500.jpg 750w, https:\/\/dimensionturistica.com\/es\/wp-content\/uploads\/2022\/11\/unnamed-2-13-1140x760.jpg 1140w, https:\/\/dimensionturistica.com\/es\/wp-content\/uploads\/2022\/11\/unnamed-2-13.jpg 1368w\" sizes=\"(max-width: 300px) 100vw, 300px\" \/> Gamero, CEO de la compa\u00f1\u00eda, agradeci\u00f3 la distinci\u00f3n y dijo que se trata de un reconocimiento a seis d\u00e9cadas de trabajo en favor de la conectividad a\u00e9rea y el desarrollo de la regi\u00f3n.<br \/>\n\u201cEs un gran orgullo para TagAirlines impulsar la conectividad y el desarrollo de los destinos del Mundo Maya, sabemos la importancia que esta distinci\u00f3n tiene y nos compromete a redoblar esfuerzos para seguir conectando a los destinos de la regi\u00f3n, as\u00ed como ofrecer el mejor servicio a nuestros pasajeros\u201d, indic\u00f3.<br \/>\nExplic\u00f3 que, actualmente, TagAirlines ofrece una frecuencia diaria entre Canc\u00fan y Guatemala, as\u00ed como cuatro frecuencias a Oaxaca, M\u00e9rida y Tuxtla Guti\u00e9rrez, adem\u00e1s de tres vuelos semanales entre M\u00e9rida y Flores, y cuatro entre Canc\u00fan y Flores, lo que permite una conectividad que tanto necesitaba el Mundo Maya para impulsar una opci\u00f3n multidestino en la regi\u00f3n.<br \/>\nJulio Gamero tambi\u00e9n destac\u00f3 que la empresa vive una nueva era con el relanzamiento de la marca y el fortalecimiento de su flota a\u00e9rea que le permitir\u00e1 llegar a m\u00e1s destinos en Centroam\u00e9rica y el sur de M\u00e9xico.<br \/>\nDetall\u00f3 los principales aspectos de la nueva era de la compa\u00f1\u00eda, que incluyen la incorporaci\u00f3n a la flota de aeronaves tipo ATR 72, consideradas las m\u00e1s eficientes y ecol\u00f3gicas del mercado, que permitir\u00e1n a la empresa continuar con la estrategia para ampliar la conectividad a\u00e9rea en Centroam\u00e9rica y el sur de M\u00e9xico, y mantener el mejor servicio y comodidad para los pasajeros.<br \/>\nRefiri\u00f3 que 2022 ha sido un a\u00f1o de mucho trabajo y grandes logros para la compa\u00f1\u00eda, entre los que destac\u00f3 la obtenci\u00f3n del nombramiento oficial como aerol\u00ednea bandera de la naci\u00f3n por parte del Gobierno de Guatemala, as\u00ed como el arranque de nuevas rutas a\u00e9reas entre Guatemala con Oaxaca y Tuxtla Guti\u00e9rrez, as\u00ed como la ruta entre M\u00e9rida, Yucat\u00e1n, y Flores, y tambi\u00e9n entre las ciudades de San Salvador y Roat\u00e1n.<br \/>\nEl encuentro de la Organizaci\u00f3n del Mundo Maya cont\u00f3 con la participaci\u00f3n de representantes de los cinco estados mexicanos que forman parte de esta importante regi\u00f3n: Quintana Roo, Chiapas, Campeche, Tabasco y Yucat\u00e1n.<br \/>\nLa Organizaci\u00f3n del Mundo Maya fue creada con el objetivo de impulsar la actividad tur\u00edstica en los cinco pa\u00edses que integran esta regi\u00f3n y preservar la herencia de la civilizaci\u00f3n Maya, mediante una estrategia que incluye la creaci\u00f3n de nuevos productos tur\u00edsticos, la protecci\u00f3n al medio ambiente, el rescate de las zonas arqueol\u00f3gicas, la promoci\u00f3n de la marca y el desarrollo sustentable de las comunidades originarias.<br \/>\nTagAirlines es la aerol\u00ednea bandera de Guatemala que desde hace 60 a\u00f1os mantiene un firme compromiso con la conectividad a\u00e9rea y el desarrollo de la regi\u00f3n, que le ha permitido ganar la confianza de pasajeros y socios comerciales.<\/p>\n<p>&nbsp;<\/p>\n","protected":false},"excerpt":{"rendered":"<p>La distinci\u00f3n fue entregada por Anayanzi Rodr\u00edguez, Directora del Instituto Guatemalteco de Turismo (INGUAT) TagAirlines particip\u00f3 en la reuni\u00f3n de la Organizaci\u00f3n del Mundo Maya, en la ciudad de Antigua, Guatemala, con la presencia de utoridades de turismo de la regi\u00f3n La aerol\u00ednea ofrece conectividad con Centroam\u00e9rica (Guatemala, El Salvador, Honduras y Belice), adem\u00e1s del [&hellip;]<\/p>\n","protected":false},"author":1,"featured_media":429775,"comment_status":"open","ping_status":"closed","sticky":false,"template":"","format":"standard","meta":{"om_disable_all_campaigns":false,"jnews-multi-image_gallery":[],"jnews_single_post":{"source_name":"","source_url":"","via_name":"","via_url":"","override_template":"0","override":[{"template":"1","single_blog_custom":"","parallax":"1","fullscreen":"1","layout":"right-sidebar","sidebar":"default-sidebar","second_sidebar":"default-sidebar","sticky_sidebar":"1","share_position":"top","share_float_style":"share-monocrhome","show_share_counter":"1","show_view_counter":"1","show_featured":"1","show_post_meta":"1","show_post_author":"1","show_post_author_image":"1","show_post_date":"1","post_date_format":"default","post_date_format_custom":"Y\/m\/d","show_post_category":"1","show_post_reading_time":"0","post_reading_time_wpm":"300","show_zoom_button":"0","zoom_button_out_step":"2","zoom_button_in_step":"3","show_post_tag":"1","show_prev_next_post":"1","show_popup_post":"1","number_popup_post":"1","show_author_box":"0","show_post_related":"0","show_inline_post_related":"0"}],"override_image_size":"0","image_override":[{"single_post_thumbnail_size":"crop-500","single_post_gallery_size":"crop-500"}],"trending_post":"0","trending_post_position":"meta","trending_post_label":"Trending","sponsored_post":"0","sponsored_post_label":"Sponsored by","sponsored_post_name":"","sponsored_post_url":"","sponsored_post_logo_enable":"0","sponsored_post_logo":"","sponsored_post_desc":"","disable_ad":"0"},"jnews_primary_category":{"id":"","hide":""},"jnews_social_meta":{"fb_title":"","fb_description":"","fb_image":"","twitter_title":"","twitter_description":"","twitter_image":""},"footnotes":""},"categories":[39],"tags":[],"class_list":["post-429768","post","type-post","status-publish","format-standard","has-post-thumbnail","hentry","category-viajes"],"_links":{"self":[{"href":"https:\/\/dimensionturistica.com\/es\/wp-json\/wp\/v2\/posts\/429768","targetHints":{"allow":["GET"]}}],"collection":[{"href":"https:\/\/dimensionturistica.com\/es\/wp-json\/wp\/v2\/posts"}],"about":[{"href":"https:\/\/dimensionturistica.com\/es\/wp-json\/wp\/v2\/types\/post"}],"author":[{"embeddable":true,"href":"https:\/\/dimensionturistica.com\/es\/wp-json\/wp\/v2\/users\/1"}],"replies":[{"embeddable":true,"href":"https:\/\/dimensionturistica.com\/es\/wp-json\/wp\/v2\/comments?post=429768"}],"version-history":[{"count":0,"href":"https:\/\/dimensionturistica.com\/es\/wp-json\/wp\/v2\/posts\/429768\/revisions"}],"wp:featuredmedia":[{"embeddable":true,"href":"https:\/\/dimensionturistica.com\/es\/wp-json\/wp\/v2\/media\/429775"}],"wp:attachment":[{"href":"https:\/\/dimensionturistica.com\/es\/wp-json\/wp\/v2\/media?parent=429768"}],"wp:term":[{"taxonomy":"category","embeddable":true,"href":"https:\/\/dimensionturistica.com\/es\/wp-json\/wp\/v2\/categories?post=429768"},{"taxonomy":"post_tag","embeddable":true,"href":"https:\/\/dimensionturistica.com\/es\/wp-json\/wp\/v2\/tags?post=429768"}],"curies":[{"name":"wp","href":"https:\/\/api.w.org\/{rel}","templated":true}]}}