{"id":429737,"date":"2022-11-21T16:55:10","date_gmt":"2022-11-21T16:55:10","guid":{"rendered":"https:\/\/dimensionturistica.com\/es\/?p=429737"},"modified":"2022-11-21T16:55:10","modified_gmt":"2022-11-21T16:55:10","slug":"la-casa-alternativa-de-papa-noel-y-otros-mercadillos-magicos-de-suiza","status":"publish","type":"post","link":"https:\/\/dimensionturistica.com\/es\/la-casa-alternativa-de-papa-noel-y-otros-mercadillos-magicos-de-suiza\/","title":{"rendered":"La casa alternativa de Pap\u00e1 Noel y otros mercadillos m\u00e1gicos de Suiza"},"content":{"rendered":"<p> <br \/>\n<\/p>\n<div id=\"article-sumary\">\n<div class=\"article-txt ad-mobile-top\">\n<p>A <a rel=\"nofollow noopener\" target=\"_blank\" href=\"https:\/\/news.google.com\/p\/suiza\">Suiza<\/a> no le falta belleza pure ni patrimonio cultural. Todo el a\u00f1o es buen momento para hacer una visita al pa\u00eds de los Alpes y dejarse maravillar tanto <a rel=\"nofollow noopener\" target=\"_blank\" href=\"https:\/\/viajes.nationalgeographic.com.es\/a\/video-ciudades-suiza-que-son-toda-sorpresa_17559\">por las\u00a0grandes urbes<\/a> como por\u00a0los pueblos m\u00e1s peque\u00f1os. Sin embargo, durante\u00a0<strong>los meses de noviembre y diciembre las\u00a0plazas y los centros hist\u00f3ricos de las localidades suizas se transforman para ser testigos de la llegada del Adviento. <\/strong>Es en este momento\u00a0cuando uno puede calentarse con un vino caliente y alguna especialidad culinaria tradicional, relajarse en nuevos espacios\u00a0para comer <em>fondues <\/em>y <em>raclettes, <\/em>patinar en algunas de las pistas de hielo\u00a0o acompa\u00f1ar a los m\u00e1s peque\u00f1os a escuchar cuentos y so\u00f1ar con la <a rel=\"nofollow noopener\" target=\"_blank\" href=\"https:\/\/viajes.nationalgeographic.com.es\/t\/navidad\">Navidad<\/a>. Y todo en los mercadillos navide\u00f1os\u00a0de Suiza.<\/p>\n<ol>\n<li><a rel=\"nofollow noopener\" target=\"_blank\" href=\"https:\/\/viajes.nationalgeographic.com.es\/a\/casa-alternativa-papa-noel-y-otros-mercadillos-magicos-suiza_14847#slide-0\">Basilea<\/a><\/li>\n<li><a rel=\"nofollow noopener\" target=\"_blank\" href=\"https:\/\/viajes.nationalgeographic.com.es\/a\/casa-alternativa-papa-noel-y-otros-mercadillos-magicos-suiza_14847#slide-1\">Ginebra<\/a><\/li>\n<li><a rel=\"nofollow noopener\" target=\"_blank\" href=\"https:\/\/viajes.nationalgeographic.com.es\/a\/casa-alternativa-papa-noel-y-otros-mercadillos-magicos-suiza_14847#slide-2\">Montreux<\/a><\/li>\n<li><a rel=\"nofollow noopener\" target=\"_blank\" href=\"https:\/\/viajes.nationalgeographic.com.es\/a\/casa-alternativa-papa-noel-y-otros-mercadillos-magicos-suiza_14847#slide-3\">Berna<\/a><\/li>\n<li><a rel=\"nofollow noopener\" target=\"_blank\" href=\"https:\/\/viajes.nationalgeographic.com.es\/a\/casa-alternativa-papa-noel-y-otros-mercadillos-magicos-suiza_14847#slide-4\">Lugano<\/a><\/li>\n<li><a rel=\"nofollow noopener\" target=\"_blank\" href=\"https:\/\/viajes.nationalgeographic.com.es\/a\/casa-alternativa-papa-noel-y-otros-mercadillos-magicos-suiza_14847#slide-5\">Z\u00farich<\/a><\/li>\n<li><a rel=\"nofollow noopener\" target=\"_blank\" href=\"https:\/\/viajes.nationalgeographic.com.es\/a\/casa-alternativa-papa-noel-y-otros-mercadillos-magicos-suiza_14847#slide-6\">Lucerna<\/a><\/li>\n<li><a rel=\"nofollow noopener\" target=\"_blank\" href=\"https:\/\/viajes.nationalgeographic.com.es\/a\/casa-alternativa-papa-noel-y-otros-mercadillos-magicos-suiza_14847#slide-7\">San Galo<\/a><\/li>\n<li><a rel=\"nofollow noopener\" target=\"_blank\" href=\"https:\/\/viajes.nationalgeographic.com.es\/a\/casa-alternativa-papa-noel-y-otros-mercadillos-magicos-suiza_14847#slide-8\">Lausana<\/a><\/li>\n<\/ol>\n<p>\u00a0<\/p>\n<\/div>\n<\/div>\n\n<p><em> &#8221; Fuentes news.google.com &#8221; <\/em><\/p>\n","protected":false},"excerpt":{"rendered":"<p>A Suiza no le falta belleza pure ni patrimonio cultural. Todo el a\u00f1o es buen momento para hacer una visita al pa\u00eds de los Alpes y dejarse maravillar tanto por las\u00a0grandes urbes como por\u00a0los pueblos m\u00e1s peque\u00f1os. Sin embargo, durante\u00a0los meses de noviembre y diciembre las\u00a0plazas y los centros hist\u00f3ricos de las localidades suizas se [&hellip;]<\/p>\n","protected":false},"author":4,"featured_media":429738,"comment_status":"open","ping_status":"closed","sticky":false,"template":"","format":"standard","meta":{"om_disable_all_campaigns":false,"jnews-multi-image_gallery":[],"jnews_single_post":[],"jnews_primary_category":[],"jnews_social_meta":[],"footnotes":""},"categories":[39],"tags":[47258,47257],"class_list":["post-429737","post","type-post","status-publish","format-standard","has-post-thumbnail","hentry","category-viajes","tag-cargado-desde-el-fichero-de-recursos","tag-keywords-por-defecto"],"_links":{"self":[{"href":"https:\/\/dimensionturistica.com\/es\/wp-json\/wp\/v2\/posts\/429737","targetHints":{"allow":["GET"]}}],"collection":[{"href":"https:\/\/dimensionturistica.com\/es\/wp-json\/wp\/v2\/posts"}],"about":[{"href":"https:\/\/dimensionturistica.com\/es\/wp-json\/wp\/v2\/types\/post"}],"author":[{"embeddable":true,"href":"https:\/\/dimensionturistica.com\/es\/wp-json\/wp\/v2\/users\/4"}],"replies":[{"embeddable":true,"href":"https:\/\/dimensionturistica.com\/es\/wp-json\/wp\/v2\/comments?post=429737"}],"version-history":[{"count":0,"href":"https:\/\/dimensionturistica.com\/es\/wp-json\/wp\/v2\/posts\/429737\/revisions"}],"wp:featuredmedia":[{"embeddable":true,"href":"https:\/\/dimensionturistica.com\/es\/wp-json\/wp\/v2\/media\/429738"}],"wp:attachment":[{"href":"https:\/\/dimensionturistica.com\/es\/wp-json\/wp\/v2\/media?parent=429737"}],"wp:term":[{"taxonomy":"category","embeddable":true,"href":"https:\/\/dimensionturistica.com\/es\/wp-json\/wp\/v2\/categories?post=429737"},{"taxonomy":"post_tag","embeddable":true,"href":"https:\/\/dimensionturistica.com\/es\/wp-json\/wp\/v2\/tags?post=429737"}],"curies":[{"name":"wp","href":"https:\/\/api.w.org\/{rel}","templated":true}]}}