{"id":429719,"date":"2022-11-21T16:26:14","date_gmt":"2022-11-21T16:26:14","guid":{"rendered":"https:\/\/dimensionturistica.com\/es\/?p=429719"},"modified":"2022-11-21T16:26:14","modified_gmt":"2022-11-21T16:26:14","slug":"trasmed-lanza-una-oferta-para-viajar-entre-baleares-y-la-peninsula-por-6e-el","status":"publish","type":"post","link":"https:\/\/dimensionturistica.com\/es\/trasmed-lanza-una-oferta-para-viajar-entre-baleares-y-la-peninsula-por-6e-el\/","title":{"rendered":"Trasmed\u00a0lanza una oferta para viajar entre Baleares y la pen\u00ednsula por 6\u20ac el&#8230;"},"content":{"rendered":"<p> <br \/>\n<\/p>\n<div>\n<p><strong><a rel=\"nofollow noopener\" target=\"_blank\" href=\"https:\/\/www.economiademallorca.com\/tags\/trasmed\"><u><em>Trasmed,<\/em><\/u><\/a> la compa\u00f1\u00eda del Grupo Grimaldi, lanza hasta el pr\u00f3ximo lunes, 28 de noviembre, <\/strong>la campa\u00f1a Black Week, para viajar entre Baleares\u00a0 (Mallorca, Menorca e Ibiza) y la pen\u00ednsula (Barcelona y Valencia) a precios muy asequibles.\u00a0<\/p>\n<div class=\"ad-slot oat oat-visible oat-top \" data-mark=\"Publicidad\" style=\"height: 265px;\"><a rel=\"nofollow noopener\" target=\"_blank\" href=\"https:\/\/www.economiademallorca.com\/ads\/20221116095102075998\" title=\"Publicidad 75998\"> <img loading=\"lazy\" decoding=\"async\" src=\"https:\/\/news.google.com\/media\/economiademallorca\/images\/2022\/11\/16\/2022111609503859457.gif\" alt=\"Publicidad 75998\" width=\"300\" height=\"250\" class=\"lazyload\" srcset=\"https:\/\/news.google.comhttps:\/\/news.google.comhttps:\/\/news.google.comhttps:\/\/news.google.com\/asset\/thumbnail,https:\/\/news.google.com\/480,https:\/\/news.google.com\/270,https:\/\/news.google.com\/https:\/\/news.google.com\/https:\/\/news.google.com\/https:\/\/news.google.com\/center,https:\/\/news.google.com\/https:\/\/news.google.com\/https:\/\/news.google.com\/https:\/\/news.google.com\/center\/media\/economiademallorca\/images\/2022\/11\/16\/2022111609503859457.gif https:\/\/news.google.com\/480w,https:\/\/news.google.comhttps:\/\/news.google.comhttps:\/\/news.google.comhttps:\/\/news.google.com\/asset\/thumbnail,https:\/\/news.google.com\/768,https:\/\/news.google.com\/432,https:\/\/news.google.com\/https:\/\/news.google.com\/https:\/\/news.google.com\/https:\/\/news.google.com\/center,https:\/\/news.google.com\/https:\/\/news.google.com\/https:\/\/news.google.com\/https:\/\/news.google.com\/center\/media\/economiademallorca\/images\/2022\/11\/16\/2022111609503859457.gif https:\/\/news.google.com\/768w,https:\/\/news.google.comhttps:\/\/news.google.comhttps:\/\/news.google.comhttps:\/\/news.google.com\/asset\/thumbnail,https:\/\/news.google.com\/992,https:\/\/news.google.com\/558,https:\/\/news.google.com\/https:\/\/news.google.com\/https:\/\/news.google.com\/https:\/\/news.google.com\/center,https:\/\/news.google.com\/https:\/\/news.google.com\/https:\/\/news.google.com\/https:\/\/news.google.com\/center\/media\/economiademallorca\/images\/2022\/11\/16\/2022111609503859457.gif https:\/\/news.google.com\/992w,https:\/\/news.google.comhttps:\/\/news.google.comhttps:\/\/news.google.comhttps:\/\/news.google.com\/asset\/thumbnail,https:\/\/news.google.com\/1280,https:\/\/news.google.com\/720,https:\/\/news.google.com\/https:\/\/news.google.com\/https:\/\/news.google.com\/https:\/\/news.google.com\/center,https:\/\/news.google.com\/https:\/\/news.google.com\/https:\/\/news.google.com\/https:\/\/news.google.com\/center\/media\/economiademallorca\/images\/2022\/11\/16\/2022111609503859457.gif https:\/\/news.google.com\/1280w\" sizes=\"auto, (max-width: 480px) 480px, (max-width: 768px) 768px, (max-width: 992px) 992px, 1280px\"\/> <\/a><\/div>\n<p>As\u00ed, <strong>por 6 euros el trayecto y 45 por veh\u00edculo, se podr\u00e1 viajar a los destinos Trasmed entre el pr\u00f3ximo 25 de noviembre y hasta el pr\u00f3ximo 30 de septiembre.<\/strong> Se trata de una oferta que incluye los trayectos de este verano, siempre con ida y vuelta y en acomodaci\u00f3n butaca.\u00a0<\/p>\n<div class=\"ad-slot oat oat-visible oat-top \" data-mark=\"Publicidad\" style=\"height: 315px;\"><a rel=\"nofollow noopener\" target=\"_blank\" href=\"https:\/\/www.economiademallorca.com\/ads\/20220717231111068517\" title=\"Publicidad 68517\"> <img loading=\"lazy\" decoding=\"async\" src=\"https:\/\/news.google.com\/media\/economiademallorca\/images\/2022\/11\/18\/2022111812050118199.gif\" alt=\"Publicidad 68517\" width=\"300\" height=\"250\" class=\"lazyload\" srcset=\"https:\/\/news.google.comhttps:\/\/news.google.comhttps:\/\/news.google.comhttps:\/\/news.google.com\/asset\/thumbnail,https:\/\/news.google.com\/480,https:\/\/news.google.com\/270,https:\/\/news.google.com\/https:\/\/news.google.com\/https:\/\/news.google.com\/https:\/\/news.google.com\/center,https:\/\/news.google.com\/https:\/\/news.google.com\/https:\/\/news.google.com\/https:\/\/news.google.com\/center\/media\/economiademallorca\/images\/2022\/11\/18\/2022111812050118199.gif https:\/\/news.google.com\/480w,https:\/\/news.google.comhttps:\/\/news.google.comhttps:\/\/news.google.comhttps:\/\/news.google.com\/asset\/thumbnail,https:\/\/news.google.com\/768,https:\/\/news.google.com\/432,https:\/\/news.google.com\/https:\/\/news.google.com\/https:\/\/news.google.com\/https:\/\/news.google.com\/center,https:\/\/news.google.com\/https:\/\/news.google.com\/https:\/\/news.google.com\/https:\/\/news.google.com\/center\/media\/economiademallorca\/images\/2022\/11\/18\/2022111812050118199.gif https:\/\/news.google.com\/768w,https:\/\/news.google.comhttps:\/\/news.google.comhttps:\/\/news.google.comhttps:\/\/news.google.com\/asset\/thumbnail,https:\/\/news.google.com\/992,https:\/\/news.google.com\/558,https:\/\/news.google.com\/https:\/\/news.google.com\/https:\/\/news.google.com\/https:\/\/news.google.com\/center,https:\/\/news.google.com\/https:\/\/news.google.com\/https:\/\/news.google.com\/https:\/\/news.google.com\/center\/media\/economiademallorca\/images\/2022\/11\/18\/2022111812050118199.gif https:\/\/news.google.com\/992w,https:\/\/news.google.comhttps:\/\/news.google.comhttps:\/\/news.google.comhttps:\/\/news.google.com\/asset\/thumbnail,https:\/\/news.google.com\/1280,https:\/\/news.google.com\/720,https:\/\/news.google.com\/https:\/\/news.google.com\/https:\/\/news.google.com\/https:\/\/news.google.com\/center,https:\/\/news.google.com\/https:\/\/news.google.com\/https:\/\/news.google.com\/https:\/\/news.google.com\/center\/media\/economiademallorca\/images\/2022\/11\/18\/2022111812050118199.gif https:\/\/news.google.com\/1280w\" sizes=\"auto, (max-width: 480px) 480px, (max-width: 768px) 768px, (max-width: 992px) 992px, 1280px\"\/> <\/a><\/div>\n<p>Para la naviera del Grupo Grimaldi \u201cesta oferta permite disfrutar de nuestros destinos entre pen\u00ednsula y Baleares, que estar\u00e1n m\u00e1s unidas que nunca y hacerlo a los mejores precios\u201d.\u00a0<\/p>\n<div class=\"ad-slot oat oat-visible oat-top \" data-mark=\"Publicidad\" style=\"height: 265px;\"><a rel=\"nofollow noopener\" target=\"_blank\" href=\"https:\/\/www.economiademallorca.com\/ads\/20220705191842068463\" title=\"Publicidad 68463\"> <img loading=\"lazy\" decoding=\"async\" src=\"https:\/\/news.google.com\/media\/economiademallorca\/images\/2022\/09\/20\/2022092012343433183.png\" alt=\"Publicidad 68463\" width=\"300\" height=\"250\" class=\"lazyload\" srcset=\"https:\/\/news.google.comhttps:\/\/news.google.comhttps:\/\/news.google.comhttps:\/\/news.google.com\/asset\/thumbnail,https:\/\/news.google.com\/480,https:\/\/news.google.com\/270,https:\/\/news.google.com\/https:\/\/news.google.com\/https:\/\/news.google.com\/https:\/\/news.google.com\/center,https:\/\/news.google.com\/https:\/\/news.google.com\/https:\/\/news.google.com\/https:\/\/news.google.com\/center\/media\/economiademallorca\/images\/2022\/09\/20\/2022092012343433183.png https:\/\/news.google.com\/480w,https:\/\/news.google.comhttps:\/\/news.google.comhttps:\/\/news.google.comhttps:\/\/news.google.com\/asset\/thumbnail,https:\/\/news.google.com\/768,https:\/\/news.google.com\/432,https:\/\/news.google.com\/https:\/\/news.google.com\/https:\/\/news.google.com\/https:\/\/news.google.com\/center,https:\/\/news.google.com\/https:\/\/news.google.com\/https:\/\/news.google.com\/https:\/\/news.google.com\/center\/media\/economiademallorca\/images\/2022\/09\/20\/2022092012343433183.png https:\/\/news.google.com\/768w,https:\/\/news.google.comhttps:\/\/news.google.comhttps:\/\/news.google.comhttps:\/\/news.google.com\/asset\/thumbnail,https:\/\/news.google.com\/992,https:\/\/news.google.com\/558,https:\/\/news.google.com\/https:\/\/news.google.com\/https:\/\/news.google.com\/https:\/\/news.google.com\/center,https:\/\/news.google.com\/https:\/\/news.google.com\/https:\/\/news.google.com\/https:\/\/news.google.com\/center\/media\/economiademallorca\/images\/2022\/09\/20\/2022092012343433183.png https:\/\/news.google.com\/992w,https:\/\/news.google.comhttps:\/\/news.google.comhttps:\/\/news.google.comhttps:\/\/news.google.com\/asset\/thumbnail,https:\/\/news.google.com\/1280,https:\/\/news.google.com\/720,https:\/\/news.google.com\/https:\/\/news.google.com\/https:\/\/news.google.com\/https:\/\/news.google.com\/center,https:\/\/news.google.com\/https:\/\/news.google.com\/https:\/\/news.google.com\/https:\/\/news.google.com\/center\/media\/economiademallorca\/images\/2022\/09\/20\/2022092012343433183.png https:\/\/news.google.com\/1280w\" sizes=\"auto, (max-width: 480px) 480px, (max-width: 768px) 768px, (max-width: 992px) 992px, 1280px\"\/> <\/a><\/div>\n<p>Los residentes en la Islas Baleares tendr\u00e1n, adem\u00e1s, el descuento del 75%, con lo que los pasajes se podr\u00e1n adquirir por 6 euros el trayecto en acomodaci\u00f3n butaca y 45 por veh\u00edculo, no sujeto a bonificaci\u00f3n.<\/p>\n<div class=\"ad-slot oat oat-visible oat-top \" data-mark=\"Publicidad\" style=\"height: 615px;\"><a rel=\"nofollow noopener\" target=\"_blank\" href=\"https:\/\/www.economiademallorca.com\/ads\/20221112203603075899\" title=\"Publicidad 75899\"> <img loading=\"lazy\" decoding=\"async\" src=\"https:\/\/news.google.com\/media\/economiademallorca\/images\/2022\/11\/12\/2022111220321328045.jpg\" alt=\"Publicidad 75899\" width=\"300\" height=\"600\" class=\"lazyload\" srcset=\"https:\/\/news.google.comhttps:\/\/news.google.comhttps:\/\/news.google.comhttps:\/\/news.google.com\/asset\/thumbnail,https:\/\/news.google.com\/480,https:\/\/news.google.com\/270,https:\/\/news.google.com\/https:\/\/news.google.com\/https:\/\/news.google.com\/https:\/\/news.google.com\/center,https:\/\/news.google.com\/https:\/\/news.google.com\/https:\/\/news.google.com\/https:\/\/news.google.com\/center\/media\/economiademallorca\/images\/2022\/11\/12\/2022111220321328045.jpg https:\/\/news.google.com\/480w,https:\/\/news.google.comhttps:\/\/news.google.comhttps:\/\/news.google.comhttps:\/\/news.google.com\/asset\/thumbnail,https:\/\/news.google.com\/768,https:\/\/news.google.com\/432,https:\/\/news.google.com\/https:\/\/news.google.com\/https:\/\/news.google.com\/https:\/\/news.google.com\/center,https:\/\/news.google.com\/https:\/\/news.google.com\/https:\/\/news.google.com\/https:\/\/news.google.com\/center\/media\/economiademallorca\/images\/2022\/11\/12\/2022111220321328045.jpg https:\/\/news.google.com\/768w,https:\/\/news.google.comhttps:\/\/news.google.comhttps:\/\/news.google.comhttps:\/\/news.google.com\/asset\/thumbnail,https:\/\/news.google.com\/992,https:\/\/news.google.com\/558,https:\/\/news.google.com\/https:\/\/news.google.com\/https:\/\/news.google.com\/https:\/\/news.google.com\/center,https:\/\/news.google.com\/https:\/\/news.google.com\/https:\/\/news.google.com\/https:\/\/news.google.com\/center\/media\/economiademallorca\/images\/2022\/11\/12\/2022111220321328045.jpg https:\/\/news.google.com\/992w,https:\/\/news.google.comhttps:\/\/news.google.comhttps:\/\/news.google.comhttps:\/\/news.google.com\/asset\/thumbnail,https:\/\/news.google.com\/1280,https:\/\/news.google.com\/720,https:\/\/news.google.com\/https:\/\/news.google.com\/https:\/\/news.google.com\/https:\/\/news.google.com\/center,https:\/\/news.google.com\/https:\/\/news.google.com\/https:\/\/news.google.com\/https:\/\/news.google.com\/center\/media\/economiademallorca\/images\/2022\/11\/12\/2022111220321328045.jpg https:\/\/news.google.com\/1280w\" sizes=\"auto, (max-width: 480px) 480px, (max-width: 768px) 768px, (max-width: 992px) 992px, 1280px\"\/> <\/a><\/div>\n<p>Para la naviera del Grupo Grimaldi \u201cesta oferta permite disfrutar de nuestros destinos entre pen\u00ednsula y Baleares, que estar\u00e1n m\u00e1s unidas que nunca hasta el 30 de septiembre, y hacerlo a los mejores precios\u201d.\u00a0<\/p>\n<p>M\u00e1s informaci\u00f3n en\u00a0<a rel=\"nofollow noopener\" target=\"_blank\" href=\"https:\/\/www.trasmed.com\/es\/ofertas\/black-week\"><u><em><strong>https:\/\/www.trasmed.com\/es\/ofertas\/black-week<\/strong><\/em><\/u><\/a><\/p>\n<div class=\"ad-slot oat oat-visible oat-top \" data-mark=\"Publicidad\" style=\"height: 265px;\"><a rel=\"nofollow noopener\" target=\"_blank\" href=\"https:\/\/www.economiademallorca.com\/ads\/20220721095950071876\" title=\"Publicidad 71876\"> <img loading=\"lazy\" decoding=\"async\" src=\"https:\/\/news.google.com\/media\/economiademallorca\/images\/2022\/07\/21\/2022072109584359727.gif\" alt=\"Publicidad 71876\" width=\"300\" height=\"250\" class=\"lazyload\"\/> <\/a><\/div>\n<div class=\"ad-slot oat oat-visible oat-top  lazyload\" data-mark=\"Publicidad\" style=\"height: 315px;\"><a rel=\"nofollow noopener\" target=\"_blank\" href=\"https:\/\/www.economiademallorca.com\/ads\/20220715092350068494\" title=\"Publicidad 68494\"> <img loading=\"lazy\" decoding=\"async\" src=\"https:\/\/news.google.com\/media\/economiademallorca\/images\/2022\/07\/15\/2022071509205974605.gif\" alt=\"Publicidad 68494\" width=\"300\" height=\"250\" class=\"lazyload\" srcset=\"https:\/\/news.google.comhttps:\/\/news.google.comhttps:\/\/news.google.comhttps:\/\/news.google.com\/asset\/thumbnail,https:\/\/news.google.com\/480,https:\/\/news.google.com\/270,https:\/\/news.google.com\/https:\/\/news.google.com\/https:\/\/news.google.com\/https:\/\/news.google.com\/center,https:\/\/news.google.com\/https:\/\/news.google.com\/https:\/\/news.google.com\/https:\/\/news.google.com\/center\/media\/economiademallorca\/images\/2022\/07\/15\/2022071509205974605.gif https:\/\/news.google.com\/480w,https:\/\/news.google.comhttps:\/\/news.google.comhttps:\/\/news.google.comhttps:\/\/news.google.com\/asset\/thumbnail,https:\/\/news.google.com\/768,https:\/\/news.google.com\/432,https:\/\/news.google.com\/https:\/\/news.google.com\/https:\/\/news.google.com\/https:\/\/news.google.com\/center,https:\/\/news.google.com\/https:\/\/news.google.com\/https:\/\/news.google.com\/https:\/\/news.google.com\/center\/media\/economiademallorca\/images\/2022\/07\/15\/2022071509205974605.gif https:\/\/news.google.com\/768w,https:\/\/news.google.comhttps:\/\/news.google.comhttps:\/\/news.google.comhttps:\/\/news.google.com\/asset\/thumbnail,https:\/\/news.google.com\/992,https:\/\/news.google.com\/558,https:\/\/news.google.com\/https:\/\/news.google.com\/https:\/\/news.google.com\/https:\/\/news.google.com\/center,https:\/\/news.google.com\/https:\/\/news.google.com\/https:\/\/news.google.com\/https:\/\/news.google.com\/center\/media\/economiademallorca\/images\/2022\/07\/15\/2022071509205974605.gif https:\/\/news.google.com\/992w,https:\/\/news.google.comhttps:\/\/news.google.comhttps:\/\/news.google.comhttps:\/\/news.google.com\/asset\/thumbnail,https:\/\/news.google.com\/1280,https:\/\/news.google.com\/720,https:\/\/news.google.com\/https:\/\/news.google.com\/https:\/\/news.google.com\/https:\/\/news.google.com\/center,https:\/\/news.google.com\/https:\/\/news.google.com\/https:\/\/news.google.com\/https:\/\/news.google.com\/center\/media\/economiademallorca\/images\/2022\/07\/15\/2022071509205974605.gif https:\/\/news.google.com\/1280w\" sizes=\"auto, (max-width: 480px) 480px, (max-width: 768px) 768px, (max-width: 992px) 992px, 1280px\"\/> <\/a><\/div>\n<\/div>\n\n<p><em> &#8221; Fuentes news.google.com &#8221; <\/em><\/p>\n","protected":false},"excerpt":{"rendered":"<p>Trasmed, la compa\u00f1\u00eda del Grupo Grimaldi, lanza hasta el pr\u00f3ximo lunes, 28 de noviembre, la campa\u00f1a Black Week, para viajar entre Baleares\u00a0 (Mallorca, Menorca e Ibiza) y la pen\u00ednsula (Barcelona y Valencia) a precios muy asequibles.\u00a0 As\u00ed, por 6 euros el trayecto y 45 por veh\u00edculo, se podr\u00e1 viajar a los destinos Trasmed entre el [&hellip;]<\/p>\n","protected":false},"author":4,"featured_media":429720,"comment_status":"open","ping_status":"closed","sticky":false,"template":"","format":"standard","meta":{"om_disable_all_campaigns":false,"jnews-multi-image_gallery":[],"jnews_single_post":[],"jnews_primary_category":[],"jnews_social_meta":[],"footnotes":""},"categories":[39],"tags":[634,653],"class_list":["post-429719","post","type-post","status-publish","format-standard","has-post-thumbnail","hentry","category-viajes","tag-empresas","tag-transporte"],"_links":{"self":[{"href":"https:\/\/dimensionturistica.com\/es\/wp-json\/wp\/v2\/posts\/429719","targetHints":{"allow":["GET"]}}],"collection":[{"href":"https:\/\/dimensionturistica.com\/es\/wp-json\/wp\/v2\/posts"}],"about":[{"href":"https:\/\/dimensionturistica.com\/es\/wp-json\/wp\/v2\/types\/post"}],"author":[{"embeddable":true,"href":"https:\/\/dimensionturistica.com\/es\/wp-json\/wp\/v2\/users\/4"}],"replies":[{"embeddable":true,"href":"https:\/\/dimensionturistica.com\/es\/wp-json\/wp\/v2\/comments?post=429719"}],"version-history":[{"count":0,"href":"https:\/\/dimensionturistica.com\/es\/wp-json\/wp\/v2\/posts\/429719\/revisions"}],"wp:featuredmedia":[{"embeddable":true,"href":"https:\/\/dimensionturistica.com\/es\/wp-json\/wp\/v2\/media\/429720"}],"wp:attachment":[{"href":"https:\/\/dimensionturistica.com\/es\/wp-json\/wp\/v2\/media?parent=429719"}],"wp:term":[{"taxonomy":"category","embeddable":true,"href":"https:\/\/dimensionturistica.com\/es\/wp-json\/wp\/v2\/categories?post=429719"},{"taxonomy":"post_tag","embeddable":true,"href":"https:\/\/dimensionturistica.com\/es\/wp-json\/wp\/v2\/tags?post=429719"}],"curies":[{"name":"wp","href":"https:\/\/api.w.org\/{rel}","templated":true}]}}