{"id":429678,"date":"2022-11-21T15:53:23","date_gmt":"2022-11-21T15:53:23","guid":{"rendered":"https:\/\/dimensionturistica.com\/es\/?p=429678"},"modified":"2022-11-21T15:53:23","modified_gmt":"2022-11-21T15:53:23","slug":"pricetravel-holding-ofrece-los-mejores-descuentos-para-el-buen-fin","status":"publish","type":"post","link":"https:\/\/dimensionturistica.com\/es\/pricetravel-holding-ofrece-los-mejores-descuentos-para-el-buen-fin\/","title":{"rendered":"Pricetravel Holding ofrece los mejores descuentos para el buen fin"},"content":{"rendered":"<p>PriceTravel Holding participa en esta edici\u00f3n del Buen Fin con descuentos de hasta el 75% en reservas de hotel y paquetes vacacionales en destinos nacionales.<br \/>\nEl Buen Fin es una oportunidad para que los clientes elijan sus vacaciones en su destino favorito; por ello, PriceTravel Holding, a trav\u00e9s de diversas negociaciones con los principales proveedores de la industria, logra ofrecer precios \u00fanicos.<br \/>\nDel 18 al 21 de noviembre, el grupo tur\u00edstico, adem\u00e1s de participar y ofrecer descuentos y<img decoding=\"async\" class=\"size-medium wp-image-429687 alignright\" src=\"https:\/\/dimensionturistica.com\/es\/wp-content\/uploads\/2022\/11\/th-20-300x168.jpeg\" alt=\"\" width=\"300\" height=\"168\" srcset=\"https:\/\/dimensionturistica.com\/es\/wp-content\/uploads\/2022\/11\/th-20-300x168.jpeg 300w, https:\/\/dimensionturistica.com\/es\/wp-content\/uploads\/2022\/11\/th-20.jpeg 474w\" sizes=\"(max-width: 300px) 100vw, 300px\" \/> promociones exclusivas, brinda una gran pasarela de pagos: hasta 24 meses sin intereses, bonificaciones y pagos a partir de marzo del 2023.<br \/>\nAsimismo, los clientes podr\u00e1n reservar con la opci\u00f3n de \u201creserva ahora y paga despu\u00e9s\u201d, beneficio que ofrece el corporativo y que garantiza la reservaci\u00f3n desde el primer momento. Adem\u00e1s de que las reservas contar\u00e1n con flexibilidad de cambios y cancelaciones sin cargos.<br \/>\nTodos estos beneficios estar\u00e1n disponibles en sus diferentes unidades de venta: B2C, con su marca Pricetravel.com, a trav\u00e9s de su sitio web, los diversos puntos de venta y su call center 24\/7. Su canal B2B, Travelinn, que da servicio a m\u00e1s de 8,800 agentes de viajes; por supuesto, su unidad B2B2C, que cuenta con m\u00e1s de 300 empresas afiliadas.<br \/>\nLa compa\u00f1\u00eda menciona que el inter\u00e9s por los viajes y el turismo por parte de los mexicanos creci\u00f3 un 40% durante el tercer trimestre, comparado con el mismo periodo en 2021; por lo que estima que este evento, logre que las b\u00fasquedas se incrementen hasta un 50%.<br \/>\nTambi\u00e9n reporta que al d\u00eda de hoy, los destinos m\u00e1s buscados por los viajeros son: Acapulco, Canc\u00fan, Los Cabos, Puerto Vallarta, Mazatl\u00e1n y Riviera Maya.<br \/>\nEl Buen Fin permite a PriceTravel Holding continuar incentivando el desarrollo tur\u00edstico del pa\u00eds y posicionar sus marcas.<\/p>\n","protected":false},"excerpt":{"rendered":"<p>PriceTravel Holding participa en esta edici\u00f3n del Buen Fin con descuentos de hasta el 75% en reservas de hotel y paquetes vacacionales en destinos nacionales. El Buen Fin es una oportunidad para que los clientes elijan sus vacaciones en su destino favorito; por ello, PriceTravel Holding, a trav\u00e9s de diversas negociaciones con los principales proveedores [&hellip;]<\/p>\n","protected":false},"author":1,"featured_media":429688,"comment_status":"open","ping_status":"closed","sticky":false,"template":"","format":"standard","meta":{"om_disable_all_campaigns":false,"jnews-multi-image_gallery":[],"jnews_single_post":{"source_name":"","source_url":"","via_name":"","via_url":"","override_template":"0","override":[{"template":"1","single_blog_custom":"","parallax":"1","fullscreen":"1","layout":"right-sidebar","sidebar":"default-sidebar","second_sidebar":"default-sidebar","sticky_sidebar":"1","share_position":"top","share_float_style":"share-monocrhome","show_share_counter":"1","show_view_counter":"1","show_featured":"1","show_post_meta":"1","show_post_author":"1","show_post_author_image":"1","show_post_date":"1","post_date_format":"default","post_date_format_custom":"Y\/m\/d","show_post_category":"1","show_post_reading_time":"0","post_reading_time_wpm":"300","show_zoom_button":"0","zoom_button_out_step":"2","zoom_button_in_step":"3","show_post_tag":"1","show_prev_next_post":"1","show_popup_post":"1","number_popup_post":"1","show_author_box":"0","show_post_related":"0","show_inline_post_related":"0"}],"override_image_size":"0","image_override":[{"single_post_thumbnail_size":"crop-500","single_post_gallery_size":"crop-500"}],"trending_post":"0","trending_post_position":"meta","trending_post_label":"Trending","sponsored_post":"0","sponsored_post_label":"Sponsored by","sponsored_post_name":"","sponsored_post_url":"","sponsored_post_logo_enable":"0","sponsored_post_logo":"","sponsored_post_desc":"","disable_ad":"0"},"jnews_primary_category":{"id":"","hide":""},"jnews_social_meta":{"fb_title":"","fb_description":"","fb_image":"","twitter_title":"","twitter_description":"","twitter_image":""},"footnotes":""},"categories":[39],"tags":[],"class_list":["post-429678","post","type-post","status-publish","format-standard","has-post-thumbnail","hentry","category-viajes"],"_links":{"self":[{"href":"https:\/\/dimensionturistica.com\/es\/wp-json\/wp\/v2\/posts\/429678","targetHints":{"allow":["GET"]}}],"collection":[{"href":"https:\/\/dimensionturistica.com\/es\/wp-json\/wp\/v2\/posts"}],"about":[{"href":"https:\/\/dimensionturistica.com\/es\/wp-json\/wp\/v2\/types\/post"}],"author":[{"embeddable":true,"href":"https:\/\/dimensionturistica.com\/es\/wp-json\/wp\/v2\/users\/1"}],"replies":[{"embeddable":true,"href":"https:\/\/dimensionturistica.com\/es\/wp-json\/wp\/v2\/comments?post=429678"}],"version-history":[{"count":0,"href":"https:\/\/dimensionturistica.com\/es\/wp-json\/wp\/v2\/posts\/429678\/revisions"}],"wp:featuredmedia":[{"embeddable":true,"href":"https:\/\/dimensionturistica.com\/es\/wp-json\/wp\/v2\/media\/429688"}],"wp:attachment":[{"href":"https:\/\/dimensionturistica.com\/es\/wp-json\/wp\/v2\/media?parent=429678"}],"wp:term":[{"taxonomy":"category","embeddable":true,"href":"https:\/\/dimensionturistica.com\/es\/wp-json\/wp\/v2\/categories?post=429678"},{"taxonomy":"post_tag","embeddable":true,"href":"https:\/\/dimensionturistica.com\/es\/wp-json\/wp\/v2\/tags?post=429678"}],"curies":[{"name":"wp","href":"https:\/\/api.w.org\/{rel}","templated":true}]}}