{"id":429657,"date":"2022-11-21T15:31:13","date_gmt":"2022-11-21T15:31:13","guid":{"rendered":"https:\/\/dimensionturistica.com\/es\/?p=429657"},"modified":"2022-11-21T15:31:13","modified_gmt":"2022-11-21T15:31:13","slug":"la-brasilena-minerva-comprara-el-frigorifico-uruguayo-nh-foods-reporte","status":"publish","type":"post","link":"https:\/\/dimensionturistica.com\/es\/la-brasilena-minerva-comprara-el-frigorifico-uruguayo-nh-foods-reporte\/","title":{"rendered":"La brasile\u00f1a Minerva comprar\u00e1 el frigor\u00edfico uruguayo NH Foods: reporte"},"content":{"rendered":"<p> <br \/>\n<\/p>\n<div>\n<p class=\"paragraph\">SAO PAULO, 21 nov (Reuters) &#8211; La empacadora de carne brasile\u00f1a Minerva SA est\u00e1 en conversaciones avanzadas para comprar Breeders &amp; Packers Uruguay a la empresa japonesa NH Meals Ltd, inform\u00f3 el lunes el peri\u00f3dico Valor Econ\u00f3mico, que cit\u00f3 a fuentes que no identific\u00f3.<\/p>\n<p class=\"paragraph\">El negocio podr\u00eda suponer entre 35 millones y 45 millones de d\u00f3lares y se espera que se selle antes del 15 de diciembre, seg\u00fan el art\u00edculo. Minerva no respondi\u00f3 inmediatamente a una solicitud de comentarios. (Reporte de Gabriel Araujo y Ana Mano Editado en espa\u00f1ol por Javier L\u00f3pez de L\u00e9rida)<\/p>\n<\/div>\n<p><script defer=\"\">!function(f,b,e,v,n,t,s) {if(f.fbq)return;n=f.fbq=function(){n.callMethod? n.callMethod.apply(n,arguments):n.queue.push(arguments)}; if(!f._fbq)f._fbq=n;n.push=n;n.loaded=!0;n.version='2.0'; n.queue=[];t=b.createElement(e);t.async=!0; t.src=v;s=b.getElementsByTagName(e)[0]; s.parentNode.insertBefore(t,s)}(window, document,'script', 'https:\/\/connect.facebook.net\/en_US\/fbevents.js'); fbq('init', '336383993555320'); fbq('track', 'PageView'); fbq('track', 'ViewContent');<\/script><script src=\"https:\/\/connect.facebook.net\/en_US\/sdk.js\" async=\"\" defer=\"\" crossorigin=\"anonymous\"><\/script><br \/>\n<br \/><\/p>\n<p><em> \u2018 The preceding article may include information circulated by third parties \u2019 <\/em><\/p>\n<p><em> \u2018 Some details of this article were extracted from the following source news.google.com \u2019 <\/em><\/p>\n","protected":false},"excerpt":{"rendered":"<p>SAO PAULO, 21 nov (Reuters) &#8211; La empacadora de carne brasile\u00f1a Minerva SA est\u00e1 en conversaciones avanzadas para comprar Breeders &amp; Packers Uruguay a la empresa japonesa NH Meals Ltd, inform\u00f3 el lunes el peri\u00f3dico Valor Econ\u00f3mico, que cit\u00f3 a fuentes que no identific\u00f3. El negocio podr\u00eda suponer entre 35 millones y 45 millones de [&hellip;]<\/p>\n","protected":false},"author":2,"featured_media":429036,"comment_status":"open","ping_status":"closed","sticky":false,"template":"","format":"standard","meta":{"om_disable_all_campaigns":false,"jnews-multi-image_gallery":[],"jnews_single_post":[],"jnews_primary_category":[],"jnews_social_meta":[],"footnotes":""},"categories":[43],"tags":[],"class_list":["post-429657","post","type-post","status-publish","format-standard","has-post-thumbnail","hentry","category-gourmet"],"_links":{"self":[{"href":"https:\/\/dimensionturistica.com\/es\/wp-json\/wp\/v2\/posts\/429657","targetHints":{"allow":["GET"]}}],"collection":[{"href":"https:\/\/dimensionturistica.com\/es\/wp-json\/wp\/v2\/posts"}],"about":[{"href":"https:\/\/dimensionturistica.com\/es\/wp-json\/wp\/v2\/types\/post"}],"author":[{"embeddable":true,"href":"https:\/\/dimensionturistica.com\/es\/wp-json\/wp\/v2\/users\/2"}],"replies":[{"embeddable":true,"href":"https:\/\/dimensionturistica.com\/es\/wp-json\/wp\/v2\/comments?post=429657"}],"version-history":[{"count":0,"href":"https:\/\/dimensionturistica.com\/es\/wp-json\/wp\/v2\/posts\/429657\/revisions"}],"wp:featuredmedia":[{"embeddable":true,"href":"https:\/\/dimensionturistica.com\/es\/wp-json\/wp\/v2\/media\/429036"}],"wp:attachment":[{"href":"https:\/\/dimensionturistica.com\/es\/wp-json\/wp\/v2\/media?parent=429657"}],"wp:term":[{"taxonomy":"category","embeddable":true,"href":"https:\/\/dimensionturistica.com\/es\/wp-json\/wp\/v2\/categories?post=429657"},{"taxonomy":"post_tag","embeddable":true,"href":"https:\/\/dimensionturistica.com\/es\/wp-json\/wp\/v2\/tags?post=429657"}],"curies":[{"name":"wp","href":"https:\/\/api.w.org\/{rel}","templated":true}]}}