{"id":429618,"date":"2022-11-21T14:41:54","date_gmt":"2022-11-21T14:41:54","guid":{"rendered":"https:\/\/dimensionturistica.com\/es\/?p=429618"},"modified":"2022-11-21T14:41:54","modified_gmt":"2022-11-21T14:41:54","slug":"melia-firma-dos-nuevos-hoteles-en-sicilia-bajo-la-firma-innside","status":"publish","type":"post","link":"https:\/\/dimensionturistica.com\/es\/melia-firma-dos-nuevos-hoteles-en-sicilia-bajo-la-firma-innside\/","title":{"rendered":"Meli\u00e1 firma dos nuevos hoteles en Sicilia bajo la firma Innside"},"content":{"rendered":"<p> <br \/>\n<\/p>\n<div>\n<p><u><em><strong><a rel=\"nofollow noopener\" target=\"_blank\" href=\"https:\/\/www.economiademallorca.com\/tags\/melia\">Meli\u00e1 Hotels International<\/a> <\/strong><\/em><\/u>contin\u00faa con su expansi\u00f3n en uno de los destinos europeos clave para la compa\u00f1\u00eda con la firma de dos nuevos hoteles en Italia. Con estas, la compa\u00f1\u00eda tambi\u00e9n impulsa la expansi\u00f3n internacional de su marca <strong>INNSiDE by Meli\u00e1<\/strong> cuyo crecimiento en los \u00faltimos a\u00f1os se ha acelerado sumando 48 hoteles ya operativos y en proceso de apertura en los principales destinos de todo el mundo.<\/p>\n<div class=\"ad-slot oat oat-visible oat-top \" data-mark=\"Publicidad\" style=\"height: 265px;\"><a rel=\"nofollow noopener\" target=\"_blank\" href=\"https:\/\/www.economiademallorca.com\/ads\/20221116095102075998\" title=\"Publicidad 75998\"> <img loading=\"lazy\" decoding=\"async\" src=\"https:\/\/news.google.com\/media\/economiademallorca\/images\/2022\/11\/16\/2022111609503859457.gif\" alt=\"Publicidad 75998\" width=\"300\" height=\"250\" class=\"lazyload\" srcset=\"https:\/\/news.google.comhttps:\/\/news.google.comhttps:\/\/news.google.comhttps:\/\/news.google.com\/asset\/thumbnail,https:\/\/news.google.com\/480,https:\/\/news.google.com\/270,https:\/\/news.google.com\/https:\/\/news.google.com\/https:\/\/news.google.com\/https:\/\/news.google.com\/center,https:\/\/news.google.com\/https:\/\/news.google.com\/https:\/\/news.google.com\/https:\/\/news.google.com\/center\/media\/economiademallorca\/images\/2022\/11\/16\/2022111609503859457.gif https:\/\/news.google.com\/480w,https:\/\/news.google.comhttps:\/\/news.google.comhttps:\/\/news.google.comhttps:\/\/news.google.com\/asset\/thumbnail,https:\/\/news.google.com\/768,https:\/\/news.google.com\/432,https:\/\/news.google.com\/https:\/\/news.google.com\/https:\/\/news.google.com\/https:\/\/news.google.com\/center,https:\/\/news.google.com\/https:\/\/news.google.com\/https:\/\/news.google.com\/https:\/\/news.google.com\/center\/media\/economiademallorca\/images\/2022\/11\/16\/2022111609503859457.gif https:\/\/news.google.com\/768w,https:\/\/news.google.comhttps:\/\/news.google.comhttps:\/\/news.google.comhttps:\/\/news.google.com\/asset\/thumbnail,https:\/\/news.google.com\/992,https:\/\/news.google.com\/558,https:\/\/news.google.com\/https:\/\/news.google.com\/https:\/\/news.google.com\/https:\/\/news.google.com\/center,https:\/\/news.google.com\/https:\/\/news.google.com\/https:\/\/news.google.com\/https:\/\/news.google.com\/center\/media\/economiademallorca\/images\/2022\/11\/16\/2022111609503859457.gif https:\/\/news.google.com\/992w,https:\/\/news.google.comhttps:\/\/news.google.comhttps:\/\/news.google.comhttps:\/\/news.google.com\/asset\/thumbnail,https:\/\/news.google.com\/1280,https:\/\/news.google.com\/720,https:\/\/news.google.com\/https:\/\/news.google.com\/https:\/\/news.google.com\/https:\/\/news.google.com\/center,https:\/\/news.google.com\/https:\/\/news.google.com\/https:\/\/news.google.com\/https:\/\/news.google.com\/center\/media\/economiademallorca\/images\/2022\/11\/16\/2022111609503859457.gif https:\/\/news.google.com\/1280w\" sizes=\"auto, (max-width: 480px) 480px, (max-width: 768px) 768px, (max-width: 992px) 992px, 1280px\"\/> <\/a><\/div>\n<p><strong>Ubicado en el sudeste de Sicilia, el\u00a0INNSiDE Noto\u00a0ofrecer\u00e1 146 habitaciones y unas completas instalaciones junto al mar<\/strong>. El resort, contar\u00e1 con una amplia oferta gastron\u00f3mica, adem\u00e1s de diferentes zonas exteriores, con piscina y con un seashore membership con zona de hamacas, entre otras, para que los clientes puedan disfrutar de la mejor experiencia. Con otras facilidades como un completo gimnasio, as\u00ed como con instalaciones MICE que har\u00e1n del INNSiDE Noto un resort vers\u00e1til tambi\u00e9n para este segmento, uno de sus espacios m\u00e1s destacados ser\u00e1 su rooftop de 1500 metros cuadrados en el que se podr\u00e1 disfrutar de las mejores vistas al mar.<br \/>\u00a0<\/p>\n<div class=\"ad-slot oat oat-visible oat-top \" data-mark=\"Publicidad\" style=\"height: 415px;\"><a rel=\"nofollow noopener\" target=\"_blank\" href=\"https:\/\/www.economiademallorca.com\/ads\/20220810114218072552\" title=\"Publicidad 72552\"> <img loading=\"lazy\" decoding=\"async\" src=\"https:\/\/news.google.com\/media\/economiademallorca\/images\/2022\/11\/15\/2022111516402237926.png\" alt=\"Publicidad 72552\" width=\"300\" height=\"400\" class=\"lazyload\" srcset=\"https:\/\/news.google.comhttps:\/\/news.google.comhttps:\/\/news.google.comhttps:\/\/news.google.com\/asset\/thumbnail,https:\/\/news.google.com\/480,https:\/\/news.google.com\/270,https:\/\/news.google.com\/https:\/\/news.google.com\/https:\/\/news.google.com\/https:\/\/news.google.com\/center,https:\/\/news.google.com\/https:\/\/news.google.com\/https:\/\/news.google.com\/https:\/\/news.google.com\/center\/media\/economiademallorca\/images\/2022\/11\/15\/2022111516402237926.png https:\/\/news.google.com\/480w,https:\/\/news.google.comhttps:\/\/news.google.comhttps:\/\/news.google.comhttps:\/\/news.google.com\/asset\/thumbnail,https:\/\/news.google.com\/768,https:\/\/news.google.com\/432,https:\/\/news.google.com\/https:\/\/news.google.com\/https:\/\/news.google.com\/https:\/\/news.google.com\/center,https:\/\/news.google.com\/https:\/\/news.google.com\/https:\/\/news.google.com\/https:\/\/news.google.com\/center\/media\/economiademallorca\/images\/2022\/11\/15\/2022111516402237926.png https:\/\/news.google.com\/768w,https:\/\/news.google.comhttps:\/\/news.google.comhttps:\/\/news.google.comhttps:\/\/news.google.com\/asset\/thumbnail,https:\/\/news.google.com\/992,https:\/\/news.google.com\/558,https:\/\/news.google.com\/https:\/\/news.google.com\/https:\/\/news.google.com\/https:\/\/news.google.com\/center,https:\/\/news.google.com\/https:\/\/news.google.com\/https:\/\/news.google.com\/https:\/\/news.google.com\/center\/media\/economiademallorca\/images\/2022\/11\/15\/2022111516402237926.png https:\/\/news.google.com\/992w,https:\/\/news.google.comhttps:\/\/news.google.comhttps:\/\/news.google.comhttps:\/\/news.google.com\/asset\/thumbnail,https:\/\/news.google.com\/1280,https:\/\/news.google.com\/720,https:\/\/news.google.com\/https:\/\/news.google.com\/https:\/\/news.google.com\/https:\/\/news.google.com\/center,https:\/\/news.google.com\/https:\/\/news.google.com\/https:\/\/news.google.com\/https:\/\/news.google.com\/center\/media\/economiademallorca\/images\/2022\/11\/15\/2022111516402237926.png https:\/\/news.google.com\/1280w\" sizes=\"auto, (max-width: 480px) 480px, (max-width: 768px) 768px, (max-width: 992px) 992px, 1280px\"\/> <\/a><\/div>\n<p>Adem\u00e1s de vivir la mejor experiencia hotelera junto al mar, los clientes podr\u00e1n adentrarse en la ciudad de Noto, que declarada Patrimonio de la Humanidad por la UNESCO, resulta el punto de partida perfecto para descubrir el Valle de Noto y sus diferentes tesoros del barroco siciliano.<\/p>\n<p><strong>El\u00a0INNSiDE Cala Rossa,\u00a0contar\u00e1 tambi\u00e9n con una ubicaci\u00f3n privilegiada cerca del mar en la zona costera de Terrasini,<\/strong> uno de los destinos tur\u00edsticos m\u00e1s destacados de Sicilia. Adem\u00e1s, en la zona los turistas pueden impregnarse de la cultura e historia visitando los puntos de inter\u00e9s cercanos como la Villa Fassini, el Castelo di Gazzara o el Museo de Historia Regional Pure, tambi\u00e9n visitar Palermo, gracias a su cercan\u00eda.<\/p>\n<p>\u00a0<\/p>\n<div class=\"ad-slot oat oat-visible oat-top \" data-mark=\"Publicidad\" style=\"height: 265px;\"><a rel=\"nofollow noopener\" target=\"_blank\" href=\"https:\/\/www.economiademallorca.com\/ads\/20220904182621073200\" title=\"Publicidad 73200\"> <img loading=\"lazy\" decoding=\"async\" src=\"https:\/\/news.google.com\/media\/economiademallorca\/images\/2022\/11\/12\/2022111220464313490.gif\" alt=\"Publicidad 73200\" width=\"300\" height=\"250\" class=\"lazyload\" srcset=\"https:\/\/news.google.comhttps:\/\/news.google.comhttps:\/\/news.google.comhttps:\/\/news.google.com\/asset\/thumbnail,https:\/\/news.google.com\/480,https:\/\/news.google.com\/270,https:\/\/news.google.com\/https:\/\/news.google.com\/https:\/\/news.google.com\/https:\/\/news.google.com\/center,https:\/\/news.google.com\/https:\/\/news.google.com\/https:\/\/news.google.com\/https:\/\/news.google.com\/center\/media\/economiademallorca\/images\/2022\/11\/12\/2022111220464313490.gif https:\/\/news.google.com\/480w,https:\/\/news.google.comhttps:\/\/news.google.comhttps:\/\/news.google.comhttps:\/\/news.google.com\/asset\/thumbnail,https:\/\/news.google.com\/768,https:\/\/news.google.com\/432,https:\/\/news.google.com\/https:\/\/news.google.com\/https:\/\/news.google.com\/https:\/\/news.google.com\/center,https:\/\/news.google.com\/https:\/\/news.google.com\/https:\/\/news.google.com\/https:\/\/news.google.com\/center\/media\/economiademallorca\/images\/2022\/11\/12\/2022111220464313490.gif https:\/\/news.google.com\/768w,https:\/\/news.google.comhttps:\/\/news.google.comhttps:\/\/news.google.comhttps:\/\/news.google.com\/asset\/thumbnail,https:\/\/news.google.com\/992,https:\/\/news.google.com\/558,https:\/\/news.google.com\/https:\/\/news.google.com\/https:\/\/news.google.com\/https:\/\/news.google.com\/center,https:\/\/news.google.com\/https:\/\/news.google.com\/https:\/\/news.google.com\/https:\/\/news.google.com\/center\/media\/economiademallorca\/images\/2022\/11\/12\/2022111220464313490.gif https:\/\/news.google.com\/992w,https:\/\/news.google.comhttps:\/\/news.google.comhttps:\/\/news.google.comhttps:\/\/news.google.com\/asset\/thumbnail,https:\/\/news.google.com\/1280,https:\/\/news.google.com\/720,https:\/\/news.google.com\/https:\/\/news.google.com\/https:\/\/news.google.com\/https:\/\/news.google.com\/center,https:\/\/news.google.com\/https:\/\/news.google.com\/https:\/\/news.google.com\/https:\/\/news.google.com\/center\/media\/economiademallorca\/images\/2022\/11\/12\/2022111220464313490.gif https:\/\/news.google.com\/1280w\" sizes=\"auto, (max-width: 480px) 480px, (max-width: 768px) 768px, (max-width: 992px) 992px, 1280px\"\/> <\/a><\/div>\n<p><strong>El INNSiDE Cala Rossa contar\u00e1 con 115 habitaciones<\/strong> y zonas comunes con las que los hu\u00e9spedes podr\u00e1n disfrutar de una experiencia \u00fanica. Con un Open Dwelling Lounge, en el que la marca INNSiDE by Meli\u00e1 llenar\u00e1 de vida el resort convirti\u00e9ndolo en su punto central, diferentes espacios en los que degustar la mejor gastronom\u00eda, piscina y spa, adem\u00e1s de espacios MICE, los hu\u00e9spedes contar\u00e1n con todo lo necesario para disfrutar al m\u00e1ximo del destino. Destaca adem\u00e1s su espectacular seashore membership con vistas al mar.<\/p>\n<div class=\"ad-slot oat oat-visible oat-top \" data-mark=\"Publicidad\" style=\"height: 615px;\"><a rel=\"nofollow noopener\" target=\"_blank\" href=\"https:\/\/www.economiademallorca.com\/ads\/20221112203603075899\" title=\"Publicidad 75899\"> <img loading=\"lazy\" decoding=\"async\" src=\"https:\/\/news.google.com\/media\/economiademallorca\/images\/2022\/11\/12\/2022111220321328045.jpg\" alt=\"Publicidad 75899\" width=\"300\" height=\"600\" class=\"lazyload\" srcset=\"https:\/\/news.google.comhttps:\/\/news.google.comhttps:\/\/news.google.comhttps:\/\/news.google.com\/asset\/thumbnail,https:\/\/news.google.com\/480,https:\/\/news.google.com\/270,https:\/\/news.google.com\/https:\/\/news.google.com\/https:\/\/news.google.com\/https:\/\/news.google.com\/center,https:\/\/news.google.com\/https:\/\/news.google.com\/https:\/\/news.google.com\/https:\/\/news.google.com\/center\/media\/economiademallorca\/images\/2022\/11\/12\/2022111220321328045.jpg https:\/\/news.google.com\/480w,https:\/\/news.google.comhttps:\/\/news.google.comhttps:\/\/news.google.comhttps:\/\/news.google.com\/asset\/thumbnail,https:\/\/news.google.com\/768,https:\/\/news.google.com\/432,https:\/\/news.google.com\/https:\/\/news.google.com\/https:\/\/news.google.com\/https:\/\/news.google.com\/center,https:\/\/news.google.com\/https:\/\/news.google.com\/https:\/\/news.google.com\/https:\/\/news.google.com\/center\/media\/economiademallorca\/images\/2022\/11\/12\/2022111220321328045.jpg https:\/\/news.google.com\/768w,https:\/\/news.google.comhttps:\/\/news.google.comhttps:\/\/news.google.comhttps:\/\/news.google.com\/asset\/thumbnail,https:\/\/news.google.com\/992,https:\/\/news.google.com\/558,https:\/\/news.google.com\/https:\/\/news.google.com\/https:\/\/news.google.com\/https:\/\/news.google.com\/center,https:\/\/news.google.com\/https:\/\/news.google.com\/https:\/\/news.google.com\/https:\/\/news.google.com\/center\/media\/economiademallorca\/images\/2022\/11\/12\/2022111220321328045.jpg https:\/\/news.google.com\/992w,https:\/\/news.google.comhttps:\/\/news.google.comhttps:\/\/news.google.comhttps:\/\/news.google.com\/asset\/thumbnail,https:\/\/news.google.com\/1280,https:\/\/news.google.com\/720,https:\/\/news.google.com\/https:\/\/news.google.com\/https:\/\/news.google.com\/https:\/\/news.google.com\/center,https:\/\/news.google.com\/https:\/\/news.google.com\/https:\/\/news.google.com\/https:\/\/news.google.com\/center\/media\/economiademallorca\/images\/2022\/11\/12\/2022111220321328045.jpg https:\/\/news.google.com\/1280w\" sizes=\"auto, (max-width: 480px) 480px, (max-width: 768px) 768px, (max-width: 992px) 992px, 1280px\"\/> <\/a><\/div>\n<p>Como explica <strong>Gabriel Escarrer, Vicepresidente Ejecutivo y Consejero Delegado de Meli\u00e1 Accommodations Worldwide<\/strong>,\u00a0\u201cestamos orgullosos de reforzar la presencia de nuestra compa\u00f1\u00eda en los principales destinos del mediterr\u00e1neo, destinos que han visto crecer y evolucionar nuestra compa\u00f1\u00eda desde nuestros inicios y en los contamos con una dilatada experiencia en el sector de la hospitalidad.\u201d<br \/>\u00a0<\/p>\n<p>Con estas dos nuevas firmas en Sicilia, que se unen a los futuros Meli\u00e1 Taormina y Meli\u00e1 Siracusa que tambi\u00e9n esperan abrir sus puertas en 2024, Meli\u00e1 Accommodations Worldwide cuenta ya con 11 hoteles ya operativos o en proceso de apertura en Italia.<\/p>\n<div class=\"ad-slot oat oat-visible oat-top \" data-mark=\"Publicidad\" style=\"height: 265px;\"><a rel=\"nofollow noopener\" target=\"_blank\" href=\"https:\/\/www.economiademallorca.com\/ads\/20220721095950071876\" title=\"Publicidad 71876\"> <img loading=\"lazy\" decoding=\"async\" src=\"https:\/\/news.google.com\/media\/economiademallorca\/images\/2022\/07\/21\/2022072109584359727.gif\" alt=\"Publicidad 71876\" width=\"300\" height=\"250\" class=\"lazyload\"\/> <\/a><\/div>\n<div class=\"ad-slot oat oat-visible oat-top  lazyload\" data-mark=\"Publicidad\" style=\"height: 315px;\"><a rel=\"nofollow noopener\" target=\"_blank\" href=\"https:\/\/www.economiademallorca.com\/ads\/20220715092350068494\" title=\"Publicidad 68494\"> <img loading=\"lazy\" decoding=\"async\" src=\"https:\/\/news.google.com\/media\/economiademallorca\/images\/2022\/07\/15\/2022071509205974605.gif\" alt=\"Publicidad 68494\" width=\"300\" height=\"250\" class=\"lazyload\" srcset=\"https:\/\/news.google.comhttps:\/\/news.google.comhttps:\/\/news.google.comhttps:\/\/news.google.com\/asset\/thumbnail,https:\/\/news.google.com\/480,https:\/\/news.google.com\/270,https:\/\/news.google.com\/https:\/\/news.google.com\/https:\/\/news.google.com\/https:\/\/news.google.com\/center,https:\/\/news.google.com\/https:\/\/news.google.com\/https:\/\/news.google.com\/https:\/\/news.google.com\/center\/media\/economiademallorca\/images\/2022\/07\/15\/2022071509205974605.gif https:\/\/news.google.com\/480w,https:\/\/news.google.comhttps:\/\/news.google.comhttps:\/\/news.google.comhttps:\/\/news.google.com\/asset\/thumbnail,https:\/\/news.google.com\/768,https:\/\/news.google.com\/432,https:\/\/news.google.com\/https:\/\/news.google.com\/https:\/\/news.google.com\/https:\/\/news.google.com\/center,https:\/\/news.google.com\/https:\/\/news.google.com\/https:\/\/news.google.com\/https:\/\/news.google.com\/center\/media\/economiademallorca\/images\/2022\/07\/15\/2022071509205974605.gif https:\/\/news.google.com\/768w,https:\/\/news.google.comhttps:\/\/news.google.comhttps:\/\/news.google.comhttps:\/\/news.google.com\/asset\/thumbnail,https:\/\/news.google.com\/992,https:\/\/news.google.com\/558,https:\/\/news.google.com\/https:\/\/news.google.com\/https:\/\/news.google.com\/https:\/\/news.google.com\/center,https:\/\/news.google.com\/https:\/\/news.google.com\/https:\/\/news.google.com\/https:\/\/news.google.com\/center\/media\/economiademallorca\/images\/2022\/07\/15\/2022071509205974605.gif https:\/\/news.google.com\/992w,https:\/\/news.google.comhttps:\/\/news.google.comhttps:\/\/news.google.comhttps:\/\/news.google.com\/asset\/thumbnail,https:\/\/news.google.com\/1280,https:\/\/news.google.com\/720,https:\/\/news.google.com\/https:\/\/news.google.com\/https:\/\/news.google.com\/https:\/\/news.google.com\/center,https:\/\/news.google.com\/https:\/\/news.google.com\/https:\/\/news.google.com\/https:\/\/news.google.com\/center\/media\/economiademallorca\/images\/2022\/07\/15\/2022071509205974605.gif https:\/\/news.google.com\/1280w\" sizes=\"auto, (max-width: 480px) 480px, (max-width: 768px) 768px, (max-width: 992px) 992px, 1280px\"\/> <\/a><\/div>\n<\/div>\n\n<p><em> &#8221; Fuentes news.google.com &#8221; <\/em><\/p>\n","protected":false},"excerpt":{"rendered":"<p>Meli\u00e1 Hotels International contin\u00faa con su expansi\u00f3n en uno de los destinos europeos clave para la compa\u00f1\u00eda con la firma de dos nuevos hoteles en Italia. Con estas, la compa\u00f1\u00eda tambi\u00e9n impulsa la expansi\u00f3n internacional de su marca INNSiDE by Meli\u00e1 cuyo crecimiento en los \u00faltimos a\u00f1os se ha acelerado sumando 48 hoteles ya operativos [&hellip;]<\/p>\n","protected":false},"author":4,"featured_media":429619,"comment_status":"open","ping_status":"closed","sticky":false,"template":"","format":"standard","meta":{"om_disable_all_campaigns":false,"jnews-multi-image_gallery":[],"jnews_single_post":[],"jnews_primary_category":[],"jnews_social_meta":[],"footnotes":""},"categories":[39],"tags":[634,544],"class_list":["post-429618","post","type-post","status-publish","format-standard","has-post-thumbnail","hentry","category-viajes","tag-empresas","tag-turismo"],"_links":{"self":[{"href":"https:\/\/dimensionturistica.com\/es\/wp-json\/wp\/v2\/posts\/429618","targetHints":{"allow":["GET"]}}],"collection":[{"href":"https:\/\/dimensionturistica.com\/es\/wp-json\/wp\/v2\/posts"}],"about":[{"href":"https:\/\/dimensionturistica.com\/es\/wp-json\/wp\/v2\/types\/post"}],"author":[{"embeddable":true,"href":"https:\/\/dimensionturistica.com\/es\/wp-json\/wp\/v2\/users\/4"}],"replies":[{"embeddable":true,"href":"https:\/\/dimensionturistica.com\/es\/wp-json\/wp\/v2\/comments?post=429618"}],"version-history":[{"count":0,"href":"https:\/\/dimensionturistica.com\/es\/wp-json\/wp\/v2\/posts\/429618\/revisions"}],"wp:featuredmedia":[{"embeddable":true,"href":"https:\/\/dimensionturistica.com\/es\/wp-json\/wp\/v2\/media\/429619"}],"wp:attachment":[{"href":"https:\/\/dimensionturistica.com\/es\/wp-json\/wp\/v2\/media?parent=429618"}],"wp:term":[{"taxonomy":"category","embeddable":true,"href":"https:\/\/dimensionturistica.com\/es\/wp-json\/wp\/v2\/categories?post=429618"},{"taxonomy":"post_tag","embeddable":true,"href":"https:\/\/dimensionturistica.com\/es\/wp-json\/wp\/v2\/tags?post=429618"}],"curies":[{"name":"wp","href":"https:\/\/api.w.org\/{rel}","templated":true}]}}