{"id":429162,"date":"2022-11-20T19:04:13","date_gmt":"2022-11-20T19:04:13","guid":{"rendered":"https:\/\/dimensionturistica.com\/es\/?p=429162"},"modified":"2022-11-20T19:11:17","modified_gmt":"2022-11-20T19:11:17","slug":"viva-aerobus-anuncia-exitosa-emision-de-su-bono-vinculado-a-la-sostenibilidad","status":"publish","type":"post","link":"https:\/\/dimensionturistica.com\/es\/viva-aerobus-anuncia-exitosa-emision-de-su-bono-vinculado-a-la-sostenibilidad\/","title":{"rendered":"Viva Aerobus Anuncia Exitosa Emisi\u00f3n de su Bono Vinculado a la Sostenibilidad"},"content":{"rendered":"<p>Viva Aerobus (\u201cViva\u201d) anunci\u00f3 la exitosa emisi\u00f3n de su Bono Vinculado a la Sostenibilidad por un monto total de Mx$1,000 millones en el mercado local, listado en la Bolsa Institucional de Valores (\u201cBIVA\u201d) con clave de pizarra VIVAACB 22L, con un plazo de 5 a\u00f1os y con una tasa de inter\u00e9s de TIIE28 + 220 puntos base. Los recursos obtenidos ser\u00e1n utilizados para amortizar anticipadamente la emisi\u00f3n VIVAACB19 y para usos corporativos generales.<br \/>\nAlineado con sus prop\u00f3sitos ambientales, sociales y de gobernanza (ASG), Viva Aerobus est\u00e1 comprometida con integrar la sostenibilidad en sus operaciones diarias, as\u00ed como en su estrategia<img decoding=\"async\" class=\" wp-image-429164 alignleft\" src=\"https:\/\/dimensionturistica.com\/es\/wp-content\/uploads\/2022\/11\/A321-300x169.png\" alt=\"\" width=\"426\" height=\"240\" srcset=\"https:\/\/dimensionturistica.com\/es\/wp-content\/uploads\/2022\/11\/A321-300x169.png 300w, https:\/\/dimensionturistica.com\/es\/wp-content\/uploads\/2022\/11\/A321-1024x576.png 1024w, https:\/\/dimensionturistica.com\/es\/wp-content\/uploads\/2022\/11\/A321-768x432.png 768w, https:\/\/dimensionturistica.com\/es\/wp-content\/uploads\/2022\/11\/A321-1536x864.png 1536w, https:\/\/dimensionturistica.com\/es\/wp-content\/uploads\/2022\/11\/A321-750x422.png 750w, https:\/\/dimensionturistica.com\/es\/wp-content\/uploads\/2022\/11\/A321-1140x641.png 1140w, https:\/\/dimensionturistica.com\/es\/wp-content\/uploads\/2022\/11\/A321.png 1920w\" sizes=\"(max-width: 426px) 100vw, 426px\" \/> de inversi\u00f3n y financiamiento.<br \/>\nDesde la introducci\u00f3n de la familia de aeronaves Airbus A320 NEO en 2016, Viva empez\u00f3 su transici\u00f3n hacia una flota de nuevos aviones con tecnolog\u00eda amigable con el medio ambiente, convirti\u00e9ndose as\u00ed en una de las aerol\u00edneas m\u00e1s sostenibles en Am\u00e9rica. Como resultado, Viva cuenta, actualmente, con una de las flotas m\u00e1s j\u00f3venes y eficientes; as\u00ed como con una de las menores emisiones de CO2 por pasajero. Al 16 de noviembre de 2022, el 54% de la flota de Viva cuenta con motores NEO1, los cuales reducen m\u00e1s del 15% del consumo de combustible en comparaci\u00f3n con motores CEO2 (tecnolog\u00eda anterior). Asimismo, el 37% de la flota consiste en aeronaves A321 con 240 asientos, que representa una capacidad de asientos 29% mayor que una aeronave A320 con 186 asientos, permitiendo a Viva reducir a\u00fan m\u00e1s las emisiones de CO2 por pasajero.<br \/>\nAdicionalmente, Viva ha implementado acciones para reforzar sus labores en materia de sostenibilidad, por ejemplo, su programa de compensaci\u00f3n voluntaria de huella de carbono, la separaci\u00f3n de residuos a bordo, voluntariados en proyectos medioambientales, compromiso con el uso de combustible sostenible (SAF, por sus siglas en ingl\u00e9s), Opticlimb, entre muchas otras iniciativas. Estas medidas permitir\u00e1n a Viva continuar con su reducci\u00f3n de emisiones de CO2 por pasajero, contribuir en los esfuerzos globales para la reducci\u00f3n de emisiones de CO2 por pasajero y encaminarse hacia una aviaci\u00f3n sostenible.<br \/>\n\u201cEste nuevo Bono Vinculado a la Sostenibilidad reafirma nuestro compromiso con un futuro m\u00e1s verde, alineando nuestros objetivos con el escenario clim\u00e1tico de 1.5\u00b0C de descarbonizaci\u00f3n de la Transition Pathway Initiative. Sustainalytics otorg\u00f3 a Viva un Objetivo de Desempe\u00f1o en Sostenibilidad (SPT, por sus siglas en ingl\u00e9s) altamente ambicioso, la evaluaci\u00f3n m\u00e1s alta posible y el SPT mejor calificado para una aerol\u00ednea mexicana. Viva espera reducir las emisiones de carbono por pasajeros pago kil\u00f3metros (gCO2\/RPK) en un 35.4% para el 2029 en comparaci\u00f3n con 2015\u201d, mencion\u00f3 Juan Carlos Zuazua, Director General de Viva Aerobus.<br \/>\nLa emisi\u00f3n recibi\u00f3 calificaciones crediticias de \u201cHR AA (E)\u201d por HR Ratings y \u201cAA\/M (e)\u201d por PCR Verum.<\/p>\n","protected":false},"excerpt":{"rendered":"<p>Viva Aerobus (\u201cViva\u201d) anunci\u00f3 la exitosa emisi\u00f3n de su Bono Vinculado a la Sostenibilidad por un monto total de Mx$1,000 millones en el mercado local, listado en la Bolsa Institucional de Valores (\u201cBIVA\u201d) con clave de pizarra VIVAACB 22L, con un plazo de 5 a\u00f1os y con una tasa de inter\u00e9s de TIIE28 + 220 [&hellip;]<\/p>\n","protected":false},"author":1,"featured_media":429163,"comment_status":"open","ping_status":"closed","sticky":false,"template":"","format":"standard","meta":{"om_disable_all_campaigns":false,"jnews-multi-image_gallery":[],"jnews_single_post":{"source_name":"","source_url":"","via_name":"","via_url":"","override_template":"0","override":[{"template":"1","single_blog_custom":"","parallax":"1","fullscreen":"1","layout":"right-sidebar","sidebar":"default-sidebar","second_sidebar":"default-sidebar","sticky_sidebar":"1","share_position":"top","share_float_style":"share-monocrhome","show_share_counter":"1","show_view_counter":"1","show_featured":"1","show_post_meta":"1","show_post_author":"1","show_post_author_image":"1","show_post_date":"1","post_date_format":"default","post_date_format_custom":"Y\/m\/d","show_post_category":"1","show_post_reading_time":"0","post_reading_time_wpm":"300","show_zoom_button":"0","zoom_button_out_step":"2","zoom_button_in_step":"3","show_post_tag":"1","show_prev_next_post":"1","show_popup_post":"1","number_popup_post":"1","show_author_box":"0","show_post_related":"0","show_inline_post_related":"0"}],"override_image_size":"0","image_override":[{"single_post_thumbnail_size":"crop-500","single_post_gallery_size":"crop-500"}],"trending_post":"0","trending_post_position":"meta","trending_post_label":"Trending","sponsored_post":"0","sponsored_post_label":"Sponsored by","sponsored_post_name":"","sponsored_post_url":"","sponsored_post_logo_enable":"0","sponsored_post_logo":"","sponsored_post_desc":"","disable_ad":"0"},"jnews_primary_category":{"id":"","hide":""},"jnews_social_meta":{"fb_title":"","fb_description":"","fb_image":"","twitter_title":"","twitter_description":"","twitter_image":""},"footnotes":""},"categories":[39],"tags":[],"class_list":["post-429162","post","type-post","status-publish","format-standard","has-post-thumbnail","hentry","category-viajes"],"_links":{"self":[{"href":"https:\/\/dimensionturistica.com\/es\/wp-json\/wp\/v2\/posts\/429162","targetHints":{"allow":["GET"]}}],"collection":[{"href":"https:\/\/dimensionturistica.com\/es\/wp-json\/wp\/v2\/posts"}],"about":[{"href":"https:\/\/dimensionturistica.com\/es\/wp-json\/wp\/v2\/types\/post"}],"author":[{"embeddable":true,"href":"https:\/\/dimensionturistica.com\/es\/wp-json\/wp\/v2\/users\/1"}],"replies":[{"embeddable":true,"href":"https:\/\/dimensionturistica.com\/es\/wp-json\/wp\/v2\/comments?post=429162"}],"version-history":[{"count":0,"href":"https:\/\/dimensionturistica.com\/es\/wp-json\/wp\/v2\/posts\/429162\/revisions"}],"wp:featuredmedia":[{"embeddable":true,"href":"https:\/\/dimensionturistica.com\/es\/wp-json\/wp\/v2\/media\/429163"}],"wp:attachment":[{"href":"https:\/\/dimensionturistica.com\/es\/wp-json\/wp\/v2\/media?parent=429162"}],"wp:term":[{"taxonomy":"category","embeddable":true,"href":"https:\/\/dimensionturistica.com\/es\/wp-json\/wp\/v2\/categories?post=429162"},{"taxonomy":"post_tag","embeddable":true,"href":"https:\/\/dimensionturistica.com\/es\/wp-json\/wp\/v2\/tags?post=429162"}],"curies":[{"name":"wp","href":"https:\/\/api.w.org\/{rel}","templated":true}]}}