{"id":428899,"date":"2022-11-20T00:12:52","date_gmt":"2022-11-20T00:12:52","guid":{"rendered":"https:\/\/dimensionturistica.com\/es\/?p=428899"},"modified":"2022-11-20T00:12:52","modified_gmt":"2022-11-20T00:12:52","slug":"pesquisa-oportuna-y-vigilancia-genomica-el-fuerte-del-protocolo-sanitario-ante-arribo-de-cruceros-a-magallanes","status":"publish","type":"post","link":"https:\/\/dimensionturistica.com\/es\/pesquisa-oportuna-y-vigilancia-genomica-el-fuerte-del-protocolo-sanitario-ante-arribo-de-cruceros-a-magallanes\/","title":{"rendered":"Pesquisa oportuna y vigilancia gen\u00f3mica: el \u201cfuerte\u201d del protocolo sanitario ante arribo de cruceros a Magallanes"},"content":{"rendered":"<p> <br \/>\n<\/p>\n<div>\n    <!-- Incluir libreria justo antes de <\/head> --><\/p>\n<p class=\"parao_u10fcb\"><span class=\"charo_ub701\" id=\"txsr_a:1:{s:4:&quot;trak&quot;;s:4:&quot;D_10&quot;;}\">E<\/span><span class=\"charo_u6b\" id=\"txsr_a:1:{s:4:&quot;trak&quot;;s:4:&quot;D_10&quot;;}\">l<br \/>\n arribo de cruceros y turistas a la Regi\u00f3n de Magallanes en una nueva<br \/>\ntemporada tur\u00edstica podr\u00eda aumentar la circulaci\u00f3n viral y sin duda, la<br \/>\nllegada nueva variantes. <\/span><\/p>\n<p class=\"parao_u10f01\"><span class=\"charo_u6b\" id=\"txsr_a:1:{s:4:&quot;trak&quot;;s:4:&quot;D_10&quot;;}\">De<br \/>\n hecho, el exministro de Salud, Jaime Ma\u00f1alich manifest\u00f3 que con la<br \/>\nllegada de las naves a la regi\u00f3n se deber\u00eda aplicar una \u201cvigilancia m\u00e1s<br \/>\nestricta que la que se aplica hoy d\u00eda en Chile\u201d. Aunque la exautoridad<br \/>\nno est\u00e1 en contra de la llegada de las naves. <\/span><\/p>\n<p class=\"parao_u10f01\"><span class=\"charo_u6b\" id=\"txsr_a:1:{s:4:&quot;trak&quot;;s:4:&quot;D_10&quot;;}\">La<br \/>\n directora del CADI-UMAG, Karena Espinoza tambi\u00e9n dej\u00f3 en claro que las<br \/>\nempresas navieras deben tomar los resguardos necesarios para evitar un<br \/>\nposible aumento de casos. Aunque ambos son enf\u00e1ticos en se\u00f1alar que la<br \/>\npoblaci\u00f3n tambi\u00e9n debe continuar adoptando las medidas de prevenci\u00f3n. <\/span><\/p>\n<p class=\"parao_u10f01\"><span class=\"charo_u6b\" id=\"txsr_a:1:{s:4:&quot;trak&quot;;s:4:&quot;D_10&quot;;}\">En<br \/>\n ese sentido, la seremi de Salud, doctora Francisca Sanfuentes explic\u00f3<br \/>\nque cuentan con pol\u00edticas de vigilancia epidemiol\u00f3gica de enfermedades<br \/>\ntransmisibles asociadas al reglamento sanitario internacional que, a<br \/>\nra\u00edz de la pandemia se vieron fortalecidas. Profundizando estrategias<br \/>\ncon los entes involucrados. <\/span><\/p>\n<p class=\"parao_u10f01\"><span class=\"charo_u6b\" id=\"txsr_a:1:{s:4:&quot;trak&quot;;s:4:&quot;D_10&quot;;}\">\u201cHemos observado la mantenci\u00f3n <\/span><span class=\"charo_u6b\" id=\"txsr_a:1:{s:4:&quot;trak&quot;;s:4:&quot;D_30&quot;;}\">de<br \/>\n pesquisa oportuna y secuenciaci\u00f3n gen\u00f3mica para identificaci\u00f3n de<br \/>\nnuevas variantes. Adem\u00e1s del compromiso del sector turismo, naviera y<br \/>\nEPAustral para la protecci\u00f3n de la poblaci\u00f3n y mantenernos en constante<br \/>\ncomunicaci\u00f3n para identificar eventuales riesgos asociados a esta<br \/>\ntemporada tur\u00edstica que implica un flujo de viajeros muy importantes en<br \/>\nnuestra regi\u00f3n\u201d. <\/span><\/p>\n<p class=\"parao_u10f01\"><span class=\"charo_u6b\" id=\"txsr_a:2:{s:4:&quot;ptfs&quot;;s:6:&quot;c_Bold&quot;;s:4:&quot;trak&quot;;s:4:&quot;D_30&quot;;}\"><strong>&#8211; \u00bfEn caso de que un crucero arribe con personas contagiadas, c\u00f3mo aplicar\u00eda el protocolo?<\/strong><\/span><span class=\"charo_u6b\" id=\"txsr_a:1:{s:4:&quot;trak&quot;;s:4:&quot;D_30&quot;;}\"\/><\/p>\n<p class=\"parao_u10f01\"><span class=\"charo_u6b\" id=\"txsr_a:1:{s:4:&quot;trak&quot;;s:4:&quot;D_30&quot;;}\">\u201cLas<br \/>\n personas positivas que est\u00e9n a bordo de un barco son informadas a la<br \/>\nSeremi de Salud, se indica aislamiento de cinco d\u00edas y adem\u00e1s, el equipo<br \/>\n de la Seremi de Salud acude a realizar un check de PCR que<br \/>\nposteriormente se va a secuenciaci\u00f3n gen\u00f3mica para hacer la vigilancia<br \/>\nde posibles nuevas variantes\u201d. <\/span><\/p>\n<\/div>\n<p>\n    <strong>Ping\u00fcino Multimedia<\/strong> entrega este espacio a su p\u00fablico para la expresi\u00f3n private de opiniones y<br \/>\n    comentarios, apelando al respeto entre los usuarios y deslig\u00e1ndose por completo del contenido de los comentarios<br \/>\n    emitidos.\n<\/p>\n<p><script>\n    (function(d, s, id) {\n        var js, fjs = d.getElementsByTagName(s)[0];\n        if (d.getElementById(id)) return;\n        js = d.createElement(s);\n        js.id = id;\n        js.src = \"\/\/connect.facebook.net\/es_LA\/all.js#xfbml=1&appId=326707310733016\";\n        fjs.parentNode.insertBefore(js, fjs);\n    }(document, 'script', 'facebook-jssdk'));\n    <\/script><script async defer crossorigin=\"anonymous\"\n    src=\"https:\/\/connect.facebook.net\/es_LA\/sdk.js#xfbml=1&#038;version=v7.0&#038;appId=2981943065256750&#038;autoLogAppEvents=1\"\n    nonce=\"WHAxAL2H\"><\/script><br \/>\n<br \/><\/p>\n<p><em> &#8221; Fuentes news.google.com &#8221; <\/em><\/p>\n","protected":false},"excerpt":{"rendered":"<p>El arribo de cruceros y turistas a la Regi\u00f3n de Magallanes en una nueva temporada tur\u00edstica podr\u00eda aumentar la circulaci\u00f3n viral y sin duda, la llegada nueva variantes. De hecho, el exministro de Salud, Jaime Ma\u00f1alich manifest\u00f3 que con la llegada de las naves a la regi\u00f3n se deber\u00eda aplicar una \u201cvigilancia m\u00e1s estricta que [&hellip;]<\/p>\n","protected":false},"author":4,"featured_media":428900,"comment_status":"open","ping_status":"closed","sticky":false,"template":"","format":"standard","meta":{"om_disable_all_campaigns":false,"jnews-multi-image_gallery":[],"jnews_single_post":[],"jnews_primary_category":[],"jnews_social_meta":[],"footnotes":""},"categories":[41],"tags":[543],"class_list":["post-428899","post","type-post","status-publish","format-standard","has-post-thumbnail","hentry","category-cruceros","tag-cruceros"],"_links":{"self":[{"href":"https:\/\/dimensionturistica.com\/es\/wp-json\/wp\/v2\/posts\/428899","targetHints":{"allow":["GET"]}}],"collection":[{"href":"https:\/\/dimensionturistica.com\/es\/wp-json\/wp\/v2\/posts"}],"about":[{"href":"https:\/\/dimensionturistica.com\/es\/wp-json\/wp\/v2\/types\/post"}],"author":[{"embeddable":true,"href":"https:\/\/dimensionturistica.com\/es\/wp-json\/wp\/v2\/users\/4"}],"replies":[{"embeddable":true,"href":"https:\/\/dimensionturistica.com\/es\/wp-json\/wp\/v2\/comments?post=428899"}],"version-history":[{"count":0,"href":"https:\/\/dimensionturistica.com\/es\/wp-json\/wp\/v2\/posts\/428899\/revisions"}],"wp:featuredmedia":[{"embeddable":true,"href":"https:\/\/dimensionturistica.com\/es\/wp-json\/wp\/v2\/media\/428900"}],"wp:attachment":[{"href":"https:\/\/dimensionturistica.com\/es\/wp-json\/wp\/v2\/media?parent=428899"}],"wp:term":[{"taxonomy":"category","embeddable":true,"href":"https:\/\/dimensionturistica.com\/es\/wp-json\/wp\/v2\/categories?post=428899"},{"taxonomy":"post_tag","embeddable":true,"href":"https:\/\/dimensionturistica.com\/es\/wp-json\/wp\/v2\/tags?post=428899"}],"curies":[{"name":"wp","href":"https:\/\/api.w.org\/{rel}","templated":true}]}}