{"id":428388,"date":"2022-11-18T19:45:41","date_gmt":"2022-11-18T19:45:41","guid":{"rendered":"https:\/\/dimensionturistica.com\/es\/?p=428388"},"modified":"2022-11-18T19:45:42","modified_gmt":"2022-11-18T19:45:42","slug":"los-mejores-restaurantes-chilenos-segun-el-ranking-50-best-2022","status":"publish","type":"post","link":"https:\/\/dimensionturistica.com\/es\/los-mejores-restaurantes-chilenos-segun-el-ranking-50-best-2022\/","title":{"rendered":"Los mejores restaurantes chilenos seg\u00fan el ranking 50 Best 2022"},"content":{"rendered":"<p> <br \/>\n<\/p>\n<div>\n<p>Ya se dio a conocer\u00a0<strong>50 Greatest Eating places<\/strong>,\u00a0uno de los rankings m\u00e1s esperados y renombrados de la <strong>gastronom\u00eda mundial<\/strong>\u00a0y que premia a los mejores restaurantes del planeta.<\/p>\n<p>Te hablamos de la lista que cada a\u00f1o lleva a cabo la organizaci\u00f3n del mismo nombre que tiene su base en el Reino Unido.<\/p>\n<p>Adem\u00e1s, incluye una lista especial para los <strong>restaurantes de Latinoam\u00e9rica<\/strong>, que destaca a las cocinas m\u00e1s renombradas del continente.<\/p>\n<p>Listado que se dio a conocer este\u00a015 de noviembre en una ceremonia realizada en M\u00e9rida, M\u00e9xico, evento el que tambi\u00e9n se celebr\u00f3 la <strong>primera d\u00e9cada de su versi\u00f3n latina<\/strong>.<\/p>\n<figure id=\"attachment_171697\" style=\"width: 480px\" class=\"wp-caption alignnone\"><img decoding=\"async\" class=\"size-full wp-image-171697\" src=\"https:\/\/finde.latercera.com\/wp-content\/uploads\/2022\/07\/Borago.jpg\" alt=\"\" width=\"480\" height=\"600\"\/><figcaption class=\"wp-caption-text\">Foto: Borag\u00f3<\/figcaption><\/figure>\n<p>Como novedad, este a\u00f1o el listado se ampli\u00f3 de los 50 a los 100 mejores restaurantes y el n\u00famero 1 lo ocupa\u00a0<a target=\"_blank\" href=\"https:\/\/centralrestaurante.com.pe\/default.html\" rel=\"noopener\">Central<\/a> en Lima, del <strong>chef\u00a0Virgilio Mart\u00ednez.<\/strong><\/p>\n<p>Mientras que en el High 10 hay uno chileno:\u00a0<a target=\"_blank\" href=\"https:\/\/finde.latercera.com\/comer\/borago-restaurante-reservas-menu-verano\/\" rel=\"noopener\">Borag\u00f3<\/a>, el restaurante del chef\u00a0<strong>Rodolfo Guzm\u00e1n<\/strong>, el mismo que puso en el <strong>mapa mundial la gastronom\u00eda chilena<\/strong>, al ser uno de los m\u00e1s premiado y reconocido del pa\u00eds.<\/p>\n<p>Puedes leer m\u00e1s de <a target=\"_blank\" href=\"https:\/\/finde.latercera.com\/comer\/borago-restaurante-rodolfo-guzman-junio\/\" rel=\"noopener\">Borag\u00f3 aqu\u00ed.<\/a><\/p>\n<p>Chef que por estos d\u00edas se\u00a0traslad\u00f3 con todo y su cocina basada en territorio a<strong> Madrid<\/strong>, espec\u00edficamente al\u00a0resort<a target=\"_blank\" href=\"https:\/\/www.nh-hoteles.es\/hotel\/nh-collection-madrid-eurobuilding?campid=8435708&amp;gclid=Cj0KCQiA99ybBhD9ARIsALvZavVMJDAoxfbCqnyReI2ycdeZ1Y4z9Qwt22KxLm\" rel=\"noopener\"> NH Collection Madrid Eurobuilding,\u00a0<\/a>donde entre el 15 de noviembre y hasta el 3\u00a0de diciembre protagoniza la sexta edici\u00f3n <strong>del pop-up In Residence.\u00a0<\/strong><\/p>\n<p>Ah\u00ed, presenta un men\u00fa de\u00a018 pasos que combina parte del men\u00fa de <strong>primavera de Chile\u00a0con productos del oto\u00f1o madrile\u00f1o.<\/strong><\/p>\n<h2>Chilenos en\u00a0el High 100 de la regi\u00f3n<\/h2>\n<figure id=\"attachment_130169\" style=\"width: 900px\" class=\"wp-caption alignnone\"><a target=\"_blank\" href=\"https:\/\/finde.latercera.com\/wp-content\/uploads\/2020\/05\/China-listo-.jpg\" rel=\"noopener\"><img decoding=\"async\" class=\"size-full wp-image-130169\" src=\"https:\/\/finde.latercera.com\/wp-content\/uploads\/2020\/05\/China-listo-.jpg\" alt=\"\" width=\"900\" height=\"601\" srcset=\"https:\/\/finde.latercera.com\/wp-content\/uploads\/2020\/05\/China-listo-.jpg 900w, https:\/\/finde.latercera.com\/wp-content\/uploads\/2020\/05\/China-listo--768x513.jpg 768w\" sizes=\"(max-width: 900px) 100vw, 900px\"\/><\/a><figcaption class=\"wp-caption-text\">Foto: Mar\u00eda Ignacia Concha<\/figcaption><\/figure>\n<p>Adem\u00e1s, entre los lugares 50 y 100 hay a <strong>cuatro chilenos<\/strong> en esta lista de los mejores restaurantes de la regi\u00f3n.<\/p>\n<p>Partiendo por\u00a0<a target=\"_blank\" href=\"https:\/\/finde.latercera.com\/comer\/olam-restaurante-santiago-carta\/\" rel=\"noopener\">Olam<\/a>, en el <strong>puesto 68<\/strong>. Te hablamos del primer\u00a0restaurante <strong>\u201cresiduo cero<\/strong>\u201d del pa\u00eds, que abri\u00f3 en 2019 en el barrio El Golf, con la alta cocina de mar del premiado chef espa\u00f1ol <strong>Sergio Barroso<\/strong>, quien trabaj\u00f3 en el legendario El Bulli, de Ferr\u00e1n y Albert Adri\u00e1.<\/p>\n<p>Luego, en el <strong>puesto 71<\/strong> est\u00e1 <a target=\"_blank\" href=\"https:\/\/finde.latercera.com\/bares\/demencia-restobar-vitacura-benja-nast\/\" rel=\"noopener\">Demencia,<\/a> en el lugar 71, el gastrobar de Vitacura que tiene el sello de <a target=\"_blank\" href=\"https:\/\/finde.latercera.com\/bares\/demencia-restobar-vitacura-benja-nast\/\" rel=\"noopener\">Benjam\u00edn Nast<\/a>, el chef que ya hab\u00eda estado antes en este rating, pero con su otro restaurante, <a target=\"_blank\" href=\"https:\/\/finde.latercera.com\/comer\/50-best-restaurants-2022-latin-america\/\" rel=\"noopener\">DePatio<\/a>, que por ahora est\u00e1 en receso.<\/p>\n<figure id=\"attachment_160384\" style=\"width: 900px\" class=\"wp-caption alignnone\"><img decoding=\"async\" class=\"size-full wp-image-160384\" src=\"https:\/\/finde.latercera.com\/wp-content\/uploads\/2021\/12\/Demencia-benja-listo-.jpg\" alt=\"\" width=\"900\" height=\"600\" srcset=\"https:\/\/finde.latercera.com\/wp-content\/uploads\/2021\/12\/Demencia-benja-listo-.jpg 900w, https:\/\/finde.latercera.com\/wp-content\/uploads\/2021\/12\/Demencia-benja-listo--768x512.jpg 768w\" sizes=\"(max-width: 900px) 100vw, 900px\"\/><figcaption class=\"wp-caption-text\">Foto: Valentina Miranda Vega<\/figcaption><\/figure>\n<p>Siguen el listado\u00a0<a target=\"_blank\" href=\"https:\/\/finde.latercera.com\/comer\/ambrosia-bistro-delivery\/\" rel=\"noopener\">Ambros\u00eda Bistr\u00f3<\/a>,\u00a0en el puesto n\u00famero 32. El native de\u00a0<strong>Carolina \u201cChina\u201d Baz\u00e1n<\/strong>, quien sol\u00eda estar presente en el recuento con Ambros\u00eda.<\/p>\n<p>Ahora debuta con este delicioso native de Providencia, que comanda junto a\u00a0la sommelier <strong>Rosario Onetto<\/strong>. \u00a1Aplausos para ese equipazo!<\/p>\n<p>Otra de las novedades en la versi\u00f3n latina del rating de los mejores restaurantes e\u00a0<a target=\"_blank\" href=\"https:\/\/finde.latercera.com\/comer\/la-calma-restaurante-pescados-mariscos\/\" rel=\"noopener\">La Calma<\/a>, a cargo del chef\u00a0<strong>Ignacio Ovalle<\/strong>, quien debuta en en el <strong>lugar 98<\/strong>\u00a0con esta cocina que es una oda al mar chileno y estupendo servicio.<\/p>\n<p><a target=\"_blank\" href=\"https:\/\/www.theworlds50best.com\/latinamerica\/en\/list\/1-50\" rel=\"noopener\">Puedes revisar ac\u00e1 el listado completo de los 100 mejores restaurantes 2022.<\/a><\/p>\n<\/p><\/div>\n<p><script>\n!function(f,b,e,v,n,t,s)\n{if(f.fbq)return;n=f.fbq=function(){n.callMethod?\nn.callMethod.apply(n,arguments):n.queue.push(arguments)};\nif(!f._fbq)f._fbq=n;n.push=n;n.loaded=!0;n.version='2.0';\nn.queue=[];t=b.createElement(e);t.async=!0;\nt.src=v;s=b.getElementsByTagName(e)[0];\ns.parentNode.insertBefore(t,s)}(window, document,'script',\n'https:\/\/connect.facebook.net\/en_US\/fbevents.js');\nfbq('init', '337244956761913');\nfbq('track', 'PageView');\n<\/script><script>(function(d, s, id) {\n    var js, fjs = d.getElementsByTagName(s)[0];\n    if (d.getElementById(id)) return;\n    js = d.createElement(s); js.id = id;\n    js.src = \"\/\/connect.facebook.net\/es_LA\/sdk.js#xfbml=1&version=v2.8\";\n    fjs.parentNode.insertBefore(js, fjs);\n    }(document, 'script', 'facebook-jssdk'));\n  <\/script><br \/>\n<br \/><\/p>\n<p><em> \u2018 The preceding article may include information circulated by third parties \u2019 <\/em><\/p>\n<p><em> \u2018 Some details of this article were extracted from the following source news.google.com \u2019 <\/em><\/p>\n","protected":false},"excerpt":{"rendered":"<p>Ya se dio a conocer\u00a050 Greatest Eating places,\u00a0uno de los rankings m\u00e1s esperados y renombrados de la gastronom\u00eda mundial\u00a0y que premia a los mejores restaurantes del planeta. Te hablamos de la lista que cada a\u00f1o lleva a cabo la organizaci\u00f3n del mismo nombre que tiene su base en el Reino Unido. Adem\u00e1s, incluye una lista [&hellip;]<\/p>\n","protected":false},"author":2,"featured_media":428389,"comment_status":"open","ping_status":"closed","sticky":false,"template":"","format":"standard","meta":{"om_disable_all_campaigns":false,"jnews-multi-image_gallery":[],"jnews_single_post":[],"jnews_primary_category":[],"jnews_social_meta":[],"footnotes":""},"categories":[43],"tags":[],"class_list":["post-428388","post","type-post","status-publish","format-standard","has-post-thumbnail","hentry","category-gourmet"],"_links":{"self":[{"href":"https:\/\/dimensionturistica.com\/es\/wp-json\/wp\/v2\/posts\/428388","targetHints":{"allow":["GET"]}}],"collection":[{"href":"https:\/\/dimensionturistica.com\/es\/wp-json\/wp\/v2\/posts"}],"about":[{"href":"https:\/\/dimensionturistica.com\/es\/wp-json\/wp\/v2\/types\/post"}],"author":[{"embeddable":true,"href":"https:\/\/dimensionturistica.com\/es\/wp-json\/wp\/v2\/users\/2"}],"replies":[{"embeddable":true,"href":"https:\/\/dimensionturistica.com\/es\/wp-json\/wp\/v2\/comments?post=428388"}],"version-history":[{"count":0,"href":"https:\/\/dimensionturistica.com\/es\/wp-json\/wp\/v2\/posts\/428388\/revisions"}],"wp:featuredmedia":[{"embeddable":true,"href":"https:\/\/dimensionturistica.com\/es\/wp-json\/wp\/v2\/media\/428389"}],"wp:attachment":[{"href":"https:\/\/dimensionturistica.com\/es\/wp-json\/wp\/v2\/media?parent=428388"}],"wp:term":[{"taxonomy":"category","embeddable":true,"href":"https:\/\/dimensionturistica.com\/es\/wp-json\/wp\/v2\/categories?post=428388"},{"taxonomy":"post_tag","embeddable":true,"href":"https:\/\/dimensionturistica.com\/es\/wp-json\/wp\/v2\/tags?post=428388"}],"curies":[{"name":"wp","href":"https:\/\/api.w.org\/{rel}","templated":true}]}}