{"id":428259,"date":"2022-11-18T17:18:01","date_gmt":"2022-11-18T17:18:01","guid":{"rendered":"https:\/\/dimensionturistica.com\/es\/?p=428259"},"modified":"2022-11-18T17:18:01","modified_gmt":"2022-11-18T17:18:01","slug":"acuerdan-agricultura-y-productores-vitivinicolas-fortalecer-acciones-fitosanitarias-en-el-valle-de-guadalupe","status":"publish","type":"post","link":"https:\/\/dimensionturistica.com\/es\/acuerdan-agricultura-y-productores-vitivinicolas-fortalecer-acciones-fitosanitarias-en-el-valle-de-guadalupe\/","title":{"rendered":"Acuerdan Agricultura y productores vitivin\u00edcolas fortalecer acciones fitosanitarias en el Valle de Guadalupe"},"content":{"rendered":"<p>La industria de Baja California prev\u00e9 triplicar las plantaciones de vid en los pr\u00f3ximos cinco a\u00f1os.<br \/>\nCon el prop\u00f3sito de avanzar en el control y erradicaci\u00f3n de las principales plagas y enfermedades de la vid en el Valle de Guadalupe, Baja California y, con ello, potenciar la<img decoding=\"async\" class=\"size-medium wp-image-428291 alignright\" src=\"https:\/\/dimensionturistica.com\/es\/wp-content\/uploads\/2022\/11\/UVASDE-300x200.jpg\" alt=\"\" width=\"300\" height=\"200\" srcset=\"https:\/\/dimensionturistica.com\/es\/wp-content\/uploads\/2022\/11\/UVASDE-300x200.jpg 300w, https:\/\/dimensionturistica.com\/es\/wp-content\/uploads\/2022\/11\/UVASDE.jpg 600w\" sizes=\"(max-width: 300px) 100vw, 300px\" \/> productividad y competitividad del vino de la regi\u00f3n, la Secretar\u00eda de Agricultura y Desarrollo Rural y productores acordaron fortalecer la capacitaci\u00f3n t\u00e9cnica e instalar una estaci\u00f3n de cuarentena para material propagativo que entra a la entidad, para certificar la sanidad de nuevas plantaciones<br \/>\nEn el marco de los trabajos del 43 Congreso Mundial de la Vi\u00f1a y el Vino que se desarrolla en Ensenada, representantes del Servicio Nacional de Sanidad, Inocuidad y Calidad Agroalimentaria (Senasica) y del Instituto Nacional de Investigaciones Forestales, Agr\u00edcolas y Pecuarias (INIFAP) se\u00f1alaron que, gracias al trabajo coordinado con la industria, durante el \u00faltimo a\u00f1o se han reportado avances en el combate del piojo harinoso de la vid (PHV) en los vi\u00f1edos de la regi\u00f3n.<br \/>\nEl director en jefe del Senasica, Francisco Javier Trujillo Arriaga, se\u00f1al\u00f3 que actualmente, la dependencia opera el Plan de Trabajo para el Manejo del PHV en Baja California, el cual consiste en muestrear 75 plantas aleatoriamente por cada 10 hect\u00e1reas y colocar trampas con feromonas para machos, lo cual permite la detecci\u00f3n oportuna del insecto.<br \/>\nEn los sitios donde se detecta la plaga, t\u00e9cnicos de sanidad vegetal y productores aplican diferentes t\u00e9cnicas fitosanitarias, entre ellas, medidas de control biol\u00f3gico, es decir, liberar<img decoding=\"async\" class=\"size-medium wp-image-428290 alignright\" src=\"https:\/\/dimensionturistica.com\/es\/wp-content\/uploads\/2022\/11\/feS2oqsQ-300x200.jpeg\" alt=\"\" width=\"300\" height=\"200\" srcset=\"https:\/\/dimensionturistica.com\/es\/wp-content\/uploads\/2022\/11\/feS2oqsQ-300x200.jpeg 300w, https:\/\/dimensionturistica.com\/es\/wp-content\/uploads\/2022\/11\/feS2oqsQ-1024x683.jpeg 1024w, https:\/\/dimensionturistica.com\/es\/wp-content\/uploads\/2022\/11\/feS2oqsQ-768x512.jpeg 768w, https:\/\/dimensionturistica.com\/es\/wp-content\/uploads\/2022\/11\/feS2oqsQ-1536x1024.jpeg 1536w, https:\/\/dimensionturistica.com\/es\/wp-content\/uploads\/2022\/11\/feS2oqsQ-2048x1365.jpeg 2048w, https:\/\/dimensionturistica.com\/es\/wp-content\/uploads\/2022\/11\/feS2oqsQ-750x500.jpeg 750w, https:\/\/dimensionturistica.com\/es\/wp-content\/uploads\/2022\/11\/feS2oqsQ-1140x760.jpeg 1140w\" sizes=\"(max-width: 300px) 100vw, 300px\" \/> enemigos naturales del insecto como el Cryptolaemus montrouzieri, la Chrysoperla carnea Stephens y la Anagyrus vladimiri Triapitsyn<br \/>\nEl funcionario federal asegur\u00f3 que las medidas que se adoptaron hace m\u00e1s de un a\u00f1o han sido eficaces, ya que se ha logrado la contenci\u00f3n del PHV, sin embargo, dijo, para erradicarlo es necesario sensibilizar a la totalidad de los productores para aplicar las acciones fitosanitarias en todo el Valle de Guadalupe y eliminar focos de infestaci\u00f3n que pudieran afectar a vi\u00f1edos libres de la plaga.<br \/>\nTrujillo Arriaga subray\u00f3 que al igual que en otros giros productivos, la participaci\u00f3n activa de los agricultores es fundamental para mejorar las condiciones sanitarias, ya que son ellos quienes est\u00e1n en contacto permanente con sus cultivos y pueden detectar, notificar y controlar los primeros brotes.<br \/>\nAdelant\u00f3 que una vez que el PHV est\u00e9 en proceso de erradicaci\u00f3n, el siguiente paso ser\u00e1 implementar una estrategia para la enfermedad de Pierce, la cual tendr\u00e1 como principal objetivo detectar a los insectos vectores del pat\u00f3geno que la causa, com\u00fanmente llamados chicharritas.<br \/>\nPrecis\u00f3 que en el estado no se ha reportado presencia del principal transmisor de la enfermedad, la chicharrita de alas cristalinas, sin embargo, es necesario fortalecer las tareas preventivas en las unidades de producci\u00f3n.<br \/>\nA nombre de los vitivinicultores, Fernando P\u00e9rez Castro, de la Finca La Carrodilla, se\u00f1al\u00f3 que el<img decoding=\"async\" class=\"size-medium wp-image-428270 alignright\" src=\"https:\/\/dimensionturistica.com\/es\/wp-content\/uploads\/2022\/11\/YY5w7zqM-300x200.jpeg\" alt=\"\" width=\"300\" height=\"200\" srcset=\"https:\/\/dimensionturistica.com\/es\/wp-content\/uploads\/2022\/11\/YY5w7zqM-300x200.jpeg 300w, https:\/\/dimensionturistica.com\/es\/wp-content\/uploads\/2022\/11\/YY5w7zqM-1024x683.jpeg 1024w, https:\/\/dimensionturistica.com\/es\/wp-content\/uploads\/2022\/11\/YY5w7zqM-768x512.jpeg 768w, https:\/\/dimensionturistica.com\/es\/wp-content\/uploads\/2022\/11\/YY5w7zqM-1536x1024.jpeg 1536w, https:\/\/dimensionturistica.com\/es\/wp-content\/uploads\/2022\/11\/YY5w7zqM-2048x1365.jpeg 2048w, https:\/\/dimensionturistica.com\/es\/wp-content\/uploads\/2022\/11\/YY5w7zqM-750x500.jpeg 750w, https:\/\/dimensionturistica.com\/es\/wp-content\/uploads\/2022\/11\/YY5w7zqM-1140x760.jpeg 1140w\" sizes=\"(max-width: 300px) 100vw, 300px\" \/> pr\u00f3ximo mes la industria organizar\u00e1 una reuni\u00f3n con la mayor parte de la representaci\u00f3n vitivin\u00edcola del estado y la autoridad sanitaria nacional, para establecer las regulaciones que deber\u00e1n seguir a corto, mediano y largo plazo.<br \/>\nIndic\u00f3 que las acciones fitosanitarias permitir\u00e1n brindar certeza a los socios comerciales, toda vez que se espera que, en los pr\u00f3ximos cinco a\u00f1os, las superficies de plantaci\u00f3n pasen de alrededor de dos mil hect\u00e1reas a casi seis mil en el Valle de Guadalupe.<br \/>\nEn el evento se report\u00f3 que la producci\u00f3n nacional de vino en la \u00faltima d\u00e9cada se ha mantenido en torno a los 400 mil hectolitros, cifra que posiciona al pa\u00eds como el vig\u00e9simo tercer productor mundial.<\/p>\n","protected":false},"excerpt":{"rendered":"<p>La industria de Baja California prev\u00e9 triplicar las plantaciones de vid en los pr\u00f3ximos cinco a\u00f1os. Con el prop\u00f3sito de avanzar en el control y erradicaci\u00f3n de las principales plagas y enfermedades de la vid en el Valle de Guadalupe, Baja California y, con ello, potenciar la productividad y competitividad del vino de la regi\u00f3n, [&hellip;]<\/p>\n","protected":false},"author":1,"featured_media":428292,"comment_status":"open","ping_status":"closed","sticky":false,"template":"","format":"standard","meta":{"om_disable_all_campaigns":false,"jnews-multi-image_gallery":[],"jnews_single_post":{"source_name":"","source_url":"","via_name":"","via_url":"","override_template":"0","override":[{"template":"1","single_blog_custom":"","parallax":"1","fullscreen":"1","layout":"right-sidebar","sidebar":"default-sidebar","second_sidebar":"default-sidebar","sticky_sidebar":"1","share_position":"top","share_float_style":"share-monocrhome","show_share_counter":"1","show_view_counter":"1","show_featured":"1","show_post_meta":"1","show_post_author":"1","show_post_author_image":"1","show_post_date":"1","post_date_format":"default","post_date_format_custom":"Y\/m\/d","show_post_category":"1","show_post_reading_time":"0","post_reading_time_wpm":"300","show_zoom_button":"0","zoom_button_out_step":"2","zoom_button_in_step":"3","show_post_tag":"1","show_prev_next_post":"1","show_popup_post":"1","number_popup_post":"1","show_author_box":"0","show_post_related":"0","show_inline_post_related":"0"}],"override_image_size":"0","image_override":[{"single_post_thumbnail_size":"crop-500","single_post_gallery_size":"crop-500"}],"trending_post":"0","trending_post_position":"meta","trending_post_label":"Trending","sponsored_post":"0","sponsored_post_label":"Sponsored by","sponsored_post_name":"","sponsored_post_url":"","sponsored_post_logo_enable":"0","sponsored_post_logo":"","sponsored_post_desc":"","disable_ad":"0"},"jnews_primary_category":{"id":"","hide":""},"jnews_social_meta":{"fb_title":"","fb_description":"","fb_image":"","twitter_title":"","twitter_description":"","twitter_image":""},"footnotes":""},"categories":[43],"tags":[],"class_list":["post-428259","post","type-post","status-publish","format-standard","has-post-thumbnail","hentry","category-gourmet"],"_links":{"self":[{"href":"https:\/\/dimensionturistica.com\/es\/wp-json\/wp\/v2\/posts\/428259","targetHints":{"allow":["GET"]}}],"collection":[{"href":"https:\/\/dimensionturistica.com\/es\/wp-json\/wp\/v2\/posts"}],"about":[{"href":"https:\/\/dimensionturistica.com\/es\/wp-json\/wp\/v2\/types\/post"}],"author":[{"embeddable":true,"href":"https:\/\/dimensionturistica.com\/es\/wp-json\/wp\/v2\/users\/1"}],"replies":[{"embeddable":true,"href":"https:\/\/dimensionturistica.com\/es\/wp-json\/wp\/v2\/comments?post=428259"}],"version-history":[{"count":0,"href":"https:\/\/dimensionturistica.com\/es\/wp-json\/wp\/v2\/posts\/428259\/revisions"}],"wp:featuredmedia":[{"embeddable":true,"href":"https:\/\/dimensionturistica.com\/es\/wp-json\/wp\/v2\/media\/428292"}],"wp:attachment":[{"href":"https:\/\/dimensionturistica.com\/es\/wp-json\/wp\/v2\/media?parent=428259"}],"wp:term":[{"taxonomy":"category","embeddable":true,"href":"https:\/\/dimensionturistica.com\/es\/wp-json\/wp\/v2\/categories?post=428259"},{"taxonomy":"post_tag","embeddable":true,"href":"https:\/\/dimensionturistica.com\/es\/wp-json\/wp\/v2\/tags?post=428259"}],"curies":[{"name":"wp","href":"https:\/\/api.w.org\/{rel}","templated":true}]}}