{"id":428230,"date":"2022-11-18T15:53:40","date_gmt":"2022-11-18T15:53:40","guid":{"rendered":"https:\/\/dimensionturistica.com\/es\/?p=428230"},"modified":"2022-11-18T15:53:40","modified_gmt":"2022-11-18T15:53:40","slug":"gastaran-de-media-unos-70-euros-al-dia","status":"publish","type":"post","link":"https:\/\/dimensionturistica.com\/es\/gastaran-de-media-unos-70-euros-al-dia\/","title":{"rendered":"gastar\u00e1n de media unos 70 euros al d\u00eda"},"content":{"rendered":"<p> <br \/>\n<\/p>\n<div id=\"article-body-content\" data-action=\"toggle\" data-status=\"on\">\n<p class=\"paragraph\" id=\"paragraph_1\"><span><strong>Cerca de\u00a0<\/strong><\/span><span><strong>30.000 cruceristas visitar\u00e1n Alicante en los dos \u00faltimos meses del 2022 a bordo de diez barcos <\/strong>que tienen previsto realizar escala en la ciudad. Este viernes ha atracado en el Puerto el MSC Musica, con <strong>capacidad para 3.223 pasajeros, que han disfrutado de paseos y compras durante la ma\u00f1ana y tienen prevista su partida a las 17 horas.<\/strong><\/span><\/p>\n<p class=\"paragraph\" id=\"paragraph_2\"><a rel=\"nofollow noopener\" target=\"_blank\" href=\"https:\/\/www.elespanol.com\/alicante\/economia\/turismo\/20220926\/msc-cruceros-redobla-apuesta-alicante-programa-puerto\/706179587_0.html\"><em>[MSC Cruceros redobla su apuesta por Alicante y programa 23 salidas desde el Puerto en 2023, un 92 % m\u00e1s]<\/em><\/a><\/p>\n<p class=\"paragraph\" id=\"paragraph_3\"><span>Seg\u00fan destaca el Ayuntamiento de Alicante en un comunicado hecho p\u00fablico este viernes, <strong>el mes de noviembre ha sido positivo en cuanto a la llegada de cruceros con ocho barcos<\/strong> que ya han visitado Alicante o lo har\u00e1n antes del d\u00eda 30, lo que generar\u00e1 <strong>un impacto econ\u00f3mico de unos 1,4 millones<\/strong> y alcanzar\u00e1 los dos millones si se suman los dos cruceros que llegar\u00e1n en diciembre.<\/span><\/p>\n<p class=\"paragraph\" id=\"paragraph_4\"><span><a rel=\"nofollow noopener\" target=\"_blank\" href=\"https:\/\/www.elespanol.com\/alicante\/economia\/turismo\/20221104\/alicante-llena-cruceristas-primera-semana-noviembre\/715928694_0.html\">Como ya inform\u00f3 el consistorio en su momento<\/a>,<strong> 13.000 de estos cruceristas llegaron a la ciudad en la primera semana de noviembre<\/strong> a bordo del\u00a0<\/span><span>Marella Explorer, el Iona, de la compa\u00f1\u00eda P&amp;O Cruises, el Norwegian Escape, de la compa\u00f1\u00eda Norwegian Cruise Traces,\u00a0<\/span><span>y el<\/span><span>\u00a0Volendam, de la Compa\u00f1\u00eda Holland Am\u00e9rica.\u00a0<\/span><\/p>\n<p class=\"paragraph\" id=\"paragraph_5\"><span>Tras la escala del MSC Musica, llegar\u00e1n el Marina, de Oceania Cruises, con capacidad para 1.250 pasajeros, y el MSC Armonia, que puede transportar a 2.679 personas.\u00a0<\/span><span>En diciembre est\u00e1 prevista, pues, la llegada del\u00a0<\/span><span>Iona, de P&amp;O Cruises, que puede albergar a 5.206 cruceristas, y el Aida Stella, con capacidad para 2.700 pasajeros.<\/span><\/p>\n<p class=\"paragraph\" id=\"paragraph_6\">Estos diez cruceros contribuyen a la <strong>desestacionalizaci\u00f3n del turismo en la ciudad<\/strong>, seg\u00fan destacan en el Patronato de Turismo Alicante Metropolis&amp;Seashore, teniendo en cuenta que Alicante acoge a sus principales turistas durante la primavera y, sobre todo, el verano.\u00a0<\/p>\n<p class=\"paragraph\" id=\"paragraph_7\">Por el momento, el calendario de cruceros para 2023 tiene prevista <strong>la llegada de 80 barcos tras duplicar la naviera MSC Cruceros su apuesta por la ciudad<\/strong> como puerto de embarque despu\u00e9s de los buenos resultados obtenidos este ejercicio.<\/p>\n<p class=\"paragraph\" id=\"paragraph_8\">Cabe recordar a este respecto que <strong>el gasto de los cruceristas que hacen escala en la ciudad<\/strong> se reparte entre restauraci\u00f3n, comercio y excursiones fundamentalmente. El gasto medio en el caso de las escalas asciende a <strong>unos 70 euros por d\u00eda<\/strong>, seg\u00fan han estimado fuentes del Ayuntamiento de Alicante.\u00a0<\/p>\n<h3 class=\"content__summary-title\"><strong><span>ImpulsaCultura Proyecta\u00a0<\/span><\/strong><\/h3>\n<p class=\"paragraph\" id=\"paragraph_9\">Por otro lado, la\u00a0<strong><span>plataforma de lanzamiento de proyectos culturales y creativos<\/span><\/strong><strong><span>\u00a0<\/span><\/strong><strong><span>Impulsa Alicante Proyecta <\/span><\/strong>de l<span>a Agencia Native de Desarrollo del Ayuntamiento de Alicante, organiza este s\u00e1bado de 11 a 14 horas en la Plaza Castell\u00f3n una jornada destinada a la creatividad art\u00edstica\u00a0<\/span><span>en la III edici\u00f3n del Demo Day, con m\u00faltiples actividades dirigidas a toda la familia.<\/span><\/p>\n<p class=\"paragraph\" id=\"paragraph_10\"><span>El emprendimiento cultural<\/span><span>\u00a0alicantin<\/span><span>o<\/span><span>\u00a0\u201ctomar\u00e1\u201d la plaza de les Palmeretes ubicada en la Zona Edusi para celebrar\u00a0<\/span><span>este evento en el que la comunidad creativa alicantina mostrar\u00e1 sus proyectos para darse a conocer y crear sinergias.\u00a0<\/span><span>El evento contar\u00e1 con<\/span><span>\u00a0<\/span><span><strong>actuaciones musicales, presentaciones de los 15 proyectos seleccionados en la edici\u00f3n de este a\u00f1o en vivo, exposiciones art\u00edsticas<\/strong>, actividades familiares, moda y productos sostenibles, artesan\u00eda y animaci\u00f3n de calle.<\/span><\/p>\n<p class=\"paragraph\" id=\"paragraph_11\">La concejala de Empleo y responsable de la Agencia Native, Mari Carmen de Espa\u00f1a, ha se\u00f1alado \u201cla importancia de apoyar el HUB cultural y art\u00edstico de la ciudad, un sector que est\u00e1 en plena creaci\u00f3n y expansi\u00f3n, del que nos sentimos tremendamente orgullosos de apoyar puesto que implica potenciar y desarrollar el nivel creativo en el entorno art\u00edstico de Alicante\u201d.<\/p>\n<h3 class=\"follow-topics-title\"><span class=\"follow-topics-title__icon\"\/>Sigue los temas que te interesan<\/h3>\n<\/p><\/div>\n\n<p><em> &#8221; Fuentes news.google.com &#8221; <\/em><\/p>\n","protected":false},"excerpt":{"rendered":"<p>Cerca de\u00a030.000 cruceristas visitar\u00e1n Alicante en los dos \u00faltimos meses del 2022 a bordo de diez barcos que tienen previsto realizar escala en la ciudad. Este viernes ha atracado en el Puerto el MSC Musica, con capacidad para 3.223 pasajeros, que han disfrutado de paseos y compras durante la ma\u00f1ana y tienen prevista su partida [&hellip;]<\/p>\n","protected":false},"author":4,"featured_media":428231,"comment_status":"open","ping_status":"closed","sticky":false,"template":"","format":"standard","meta":{"om_disable_all_campaigns":false,"jnews-multi-image_gallery":[],"jnews_single_post":[],"jnews_primary_category":[],"jnews_social_meta":[],"footnotes":""},"categories":[41],"tags":[23332,19663,3005,543,544],"class_list":["post-428230","post","type-post","status-publish","format-standard","has-post-thumbnail","hentry","category-cruceros","tag-alicante-ciudad","tag-alicante-provincia","tag-comunidad-valenciana","tag-cruceros","tag-turismo"],"_links":{"self":[{"href":"https:\/\/dimensionturistica.com\/es\/wp-json\/wp\/v2\/posts\/428230","targetHints":{"allow":["GET"]}}],"collection":[{"href":"https:\/\/dimensionturistica.com\/es\/wp-json\/wp\/v2\/posts"}],"about":[{"href":"https:\/\/dimensionturistica.com\/es\/wp-json\/wp\/v2\/types\/post"}],"author":[{"embeddable":true,"href":"https:\/\/dimensionturistica.com\/es\/wp-json\/wp\/v2\/users\/4"}],"replies":[{"embeddable":true,"href":"https:\/\/dimensionturistica.com\/es\/wp-json\/wp\/v2\/comments?post=428230"}],"version-history":[{"count":0,"href":"https:\/\/dimensionturistica.com\/es\/wp-json\/wp\/v2\/posts\/428230\/revisions"}],"wp:featuredmedia":[{"embeddable":true,"href":"https:\/\/dimensionturistica.com\/es\/wp-json\/wp\/v2\/media\/428231"}],"wp:attachment":[{"href":"https:\/\/dimensionturistica.com\/es\/wp-json\/wp\/v2\/media?parent=428230"}],"wp:term":[{"taxonomy":"category","embeddable":true,"href":"https:\/\/dimensionturistica.com\/es\/wp-json\/wp\/v2\/categories?post=428230"},{"taxonomy":"post_tag","embeddable":true,"href":"https:\/\/dimensionturistica.com\/es\/wp-json\/wp\/v2\/tags?post=428230"}],"curies":[{"name":"wp","href":"https:\/\/api.w.org\/{rel}","templated":true}]}}