{"id":428226,"date":"2022-11-18T16:17:01","date_gmt":"2022-11-18T16:17:01","guid":{"rendered":"https:\/\/dimensionturistica.com\/es\/?p=428226"},"modified":"2022-11-18T16:17:01","modified_gmt":"2022-11-18T16:17:01","slug":"con-un-programa-el-cual-incluyo-desde-venas-a-6-manos-circuitos-gastronomicos-y-venta-productos-paneles-de-discusion-y-mucha-comida","status":"publish","type":"post","link":"https:\/\/dimensionturistica.com\/es\/con-un-programa-el-cual-incluyo-desde-venas-a-6-manos-circuitos-gastronomicos-y-venta-productos-paneles-de-discusion-y-mucha-comida\/","title":{"rendered":"Con un programa el cual incluyo desde Venas a 6 manos, Circuitos Gastron\u00f3micos, y Venta productos, Paneles de discusi\u00f3n y mucha comida"},"content":{"rendered":"<p>En el segundo d\u00eda de SABORES DE YUCAT\u00c1N; M\u00e9rida mostr\u00f3 nuevamente el por qu\u00e9 es la capital cultural y gastron\u00f3mica del sureste de M\u00e9xico, con un universo de quehaceres y placeres que<img decoding=\"async\" class=\"size-medium wp-image-428250 alignright\" src=\"https:\/\/dimensionturistica.com\/es\/wp-content\/uploads\/2022\/11\/YUCA-300x200.jpg\" alt=\"\" width=\"300\" height=\"200\" srcset=\"https:\/\/dimensionturistica.com\/es\/wp-content\/uploads\/2022\/11\/YUCA-300x200.jpg 300w, https:\/\/dimensionturistica.com\/es\/wp-content\/uploads\/2022\/11\/YUCA.jpg 600w\" sizes=\"(max-width: 300px) 100vw, 300px\" \/> logran enmarcar su cocina a trav\u00e9s de diferentes actores; como lo son sus productores, cocineras y cocineros tradicionales, chefs, especias end\u00e9micas, arquitectura y arqueol\u00f3gica, pero sobre todo el sabor de lo local.<br \/>\nLos Circuitos Gastron\u00f3micos de este s\u00e1bado repitieron toda una aventura de descubrimiento a trav\u00e9s de sabores en un ambiente lleno de diversidad entre visitantes y locales que se tradujo en encuentros alrededor de la cultura y la gastronom\u00eda.<br \/>\nDurante el programa Acad\u00e9mico de SABORES DE YUCAT\u00c1N y como escenario principal en el Minaret, una de las grandes casonas que han subsistido al deterioro de la belleza urbana original de la avenida, y que a\u00fan le dan vista y presencia hist\u00f3rica al Paseo de Montejo, testigo de una \u00e9poca del esplendor, no solo del estado sino del pa\u00eds; se llev\u00f3 a cabo un destacado Programa<img decoding=\"async\" class=\"size-medium wp-image-428245 alignright\" src=\"https:\/\/dimensionturistica.com\/es\/wp-content\/uploads\/2022\/11\/YUCATA-300x200.jpg\" alt=\"\" width=\"300\" height=\"200\" srcset=\"https:\/\/dimensionturistica.com\/es\/wp-content\/uploads\/2022\/11\/YUCATA-300x200.jpg 300w, https:\/\/dimensionturistica.com\/es\/wp-content\/uploads\/2022\/11\/YUCATA.jpg 600w\" sizes=\"(max-width: 300px) 100vw, 300px\" \/> Acad\u00e9mico con diversos paneles, y este d\u00eda destac\u00f3 el de \u201clas T\u00e9cnicas que nos unen\u201d en el que participaron los Chefs \u00c1lvaro Clavijo, Rubens Salfer, Celia Florian y Gaby Ruiz; quienes compartieron sobre los obst\u00e1culos y oportunidades de la ense\u00f1anza de sus platillos, al querer exponerlos en otros sitios y culturas.<br \/>\nOtro de los paneles fue el \u201cde qu\u00e9 hablamos cuando hablamos de Sustentabilidad y Trazabilidad\u201d con la participaci\u00f3n de los Chefs Andr\u00e9 Cruz, Andrea Figueroa, Vidal El\u00edas, Ruffo Ibarra y Jorge Ildefonso; en donde explicaron desde el \u00e1mbito gastron\u00f3mico y bajo su propia experiencia c\u00f3mo es posible desarrollar productos con experiencias gastron\u00f3micas que cumplan con la sustentabilidad, trazabilidad y aporte a la seguridad alimentaria.<br \/>\nOtro de los paneles que mayor atenci\u00f3n tuvieron por los asistentes fue el de \u201c365 d\u00edas de Sabor\u201d en donde la moderadora, Michelle Fridman, titular de la Secretar\u00eda de Fomento Tur\u00edstico del Estado, (Sefotur), que acompa\u00f1\u00f3 a los participantes como Benigno Ram\u00edrez, Dalia Yam, el<img decoding=\"async\" class=\"size-medium wp-image-428244 alignright\" src=\"https:\/\/dimensionturistica.com\/es\/wp-content\/uploads\/2022\/11\/YUCATAN-1-300x200.jpg\" alt=\"\" width=\"300\" height=\"200\" srcset=\"https:\/\/dimensionturistica.com\/es\/wp-content\/uploads\/2022\/11\/YUCATAN-1-300x200.jpg 300w, https:\/\/dimensionturistica.com\/es\/wp-content\/uploads\/2022\/11\/YUCATAN-1.jpg 600w\" sizes=\"(max-width: 300px) 100vw, 300px\" \/> cocinero tradicional Wilson Alonzo y Jos\u00e9 Rodr\u00edguez quienes hablaron del proceso de las experiencias y los beneficios que tiene la visita de los turistas a las comunidades. Tambi\u00e9n, la importancia de utilizar los productos end\u00e9micos de cada regi\u00f3n y poder explicarles a estos visitantes su valor y as\u00ed poder integrar a los extranjeros a la comunidad.<br \/>\nSABORES DE YUCAT\u00c1N tambi\u00e9n present\u00f3 algunos talleres como el de \u201cEncuentro de sabores mayas del oriente y poniente\u201d, impartido, tambi\u00e9n por Wilson Alonzo de Yaaxch\u00e9 Centro Etnogastron\u00f3mico y Luc\u00eda Cosgaya, cocinera tradicional de Valladolid. As\u00ed como, el \u201cTaller Miel Apis\u201d por Benigno Ram\u00edrez de Apiturismo Sinanch\u00e9.<br \/>\nOtros talleres relevantes del segundo d\u00eda de SABORES DE YUCAT\u00c1N:<br \/>\n\u201cCata de licores yucatecos\u201d por Licor de naranja agria, Chan Antonio<br \/>\n\u201cEntomofagia, el arte de comer insectos\u201dpor Celia Flori\u00e1n (Oaxaca)<br \/>\n\u201cCocina de la Amazonia\u201d por Rubens Salfer<br \/>\n\u201cCata los vinos de Baja California\u201d por la Sommelier Ana Ley (Baja California)<br \/>\n\u201cEntre frutas, flores y saberes de los montes mayas\u201d por Wilson Alonzo de Yaaxch\u00e9 Centro Etnogastron\u00f3mico<br \/>\n\u201cCata de vino natural OCT\u00c1GONO\u201d por Marcelo Castro Vera (Fundador y winemaker).<br \/>\nCata de mieles con Queen Bee Honey\u201d por Bego\u00f1a Quijano<br \/>\n\u201cCata M\u00e9mora Vino Fundadores 2019\u201d por Patrick Richaud (En\u00f3logo)<br \/>\nFinalizando el segundo d\u00eda con las esperadas cenas a seis manos de los Chefs Roberto Solis, Dominique Creen, Jos\u00e9 Luis Hinostroza, Luis ronz\u00f3n, \u00c1lvaro Clavijo, Luis Robledo, Alex M\u00e9ndez, Anthony Genovese, Anthony Petracca, Regia Escalante, Gabriela Ruiz, Carlos Gayt\u00e1n; Gustavo Macuitl, Erick Bautista y Anthar Amoros quienes nuevamente transportaron a los comensales a descubrir nuevas emociones a trav\u00e9s de sus paladares. Todo en colaboraci\u00f3n con algunos de los restaurantes iconos de la ciudad y del mundo, como N\u00e9ctar, Ixi&#8217;im Astro, Merci y Avec Amour.<\/p>\n","protected":false},"excerpt":{"rendered":"<p>En el segundo d\u00eda de SABORES DE YUCAT\u00c1N; M\u00e9rida mostr\u00f3 nuevamente el por qu\u00e9 es la capital cultural y gastron\u00f3mica del sureste de M\u00e9xico, con un universo de quehaceres y placeres que logran enmarcar su cocina a trav\u00e9s de diferentes actores; como lo son sus productores, cocineras y cocineros tradicionales, chefs, especias end\u00e9micas, arquitectura y [&hellip;]<\/p>\n","protected":false},"author":1,"featured_media":428243,"comment_status":"open","ping_status":"closed","sticky":false,"template":"","format":"standard","meta":{"om_disable_all_campaigns":false,"jnews-multi-image_gallery":[],"jnews_single_post":{"source_name":"","source_url":"","via_name":"","via_url":"","override_template":"0","override":[{"template":"1","single_blog_custom":"","parallax":"1","fullscreen":"1","layout":"right-sidebar","sidebar":"default-sidebar","second_sidebar":"default-sidebar","sticky_sidebar":"1","share_position":"top","share_float_style":"share-monocrhome","show_share_counter":"1","show_view_counter":"1","show_featured":"1","show_post_meta":"1","show_post_author":"1","show_post_author_image":"1","show_post_date":"1","post_date_format":"default","post_date_format_custom":"Y\/m\/d","show_post_category":"1","show_post_reading_time":"0","post_reading_time_wpm":"300","show_zoom_button":"0","zoom_button_out_step":"2","zoom_button_in_step":"3","show_post_tag":"1","show_prev_next_post":"1","show_popup_post":"1","number_popup_post":"1","show_author_box":"0","show_post_related":"0","show_inline_post_related":"0"}],"override_image_size":"0","image_override":[{"single_post_thumbnail_size":"crop-500","single_post_gallery_size":"crop-500"}],"trending_post":"0","trending_post_position":"meta","trending_post_label":"Trending","sponsored_post":"0","sponsored_post_label":"Sponsored by","sponsored_post_name":"","sponsored_post_url":"","sponsored_post_logo_enable":"0","sponsored_post_logo":"","sponsored_post_desc":"","disable_ad":"0"},"jnews_primary_category":{"id":"","hide":""},"jnews_social_meta":{"fb_title":"","fb_description":"","fb_image":"","twitter_title":"","twitter_description":"","twitter_image":""},"footnotes":""},"categories":[43],"tags":[],"class_list":["post-428226","post","type-post","status-publish","format-standard","has-post-thumbnail","hentry","category-gourmet"],"_links":{"self":[{"href":"https:\/\/dimensionturistica.com\/es\/wp-json\/wp\/v2\/posts\/428226","targetHints":{"allow":["GET"]}}],"collection":[{"href":"https:\/\/dimensionturistica.com\/es\/wp-json\/wp\/v2\/posts"}],"about":[{"href":"https:\/\/dimensionturistica.com\/es\/wp-json\/wp\/v2\/types\/post"}],"author":[{"embeddable":true,"href":"https:\/\/dimensionturistica.com\/es\/wp-json\/wp\/v2\/users\/1"}],"replies":[{"embeddable":true,"href":"https:\/\/dimensionturistica.com\/es\/wp-json\/wp\/v2\/comments?post=428226"}],"version-history":[{"count":0,"href":"https:\/\/dimensionturistica.com\/es\/wp-json\/wp\/v2\/posts\/428226\/revisions"}],"wp:featuredmedia":[{"embeddable":true,"href":"https:\/\/dimensionturistica.com\/es\/wp-json\/wp\/v2\/media\/428243"}],"wp:attachment":[{"href":"https:\/\/dimensionturistica.com\/es\/wp-json\/wp\/v2\/media?parent=428226"}],"wp:term":[{"taxonomy":"category","embeddable":true,"href":"https:\/\/dimensionturistica.com\/es\/wp-json\/wp\/v2\/categories?post=428226"},{"taxonomy":"post_tag","embeddable":true,"href":"https:\/\/dimensionturistica.com\/es\/wp-json\/wp\/v2\/tags?post=428226"}],"curies":[{"name":"wp","href":"https:\/\/api.w.org\/{rel}","templated":true}]}}