{"id":428211,"date":"2022-11-18T15:40:14","date_gmt":"2022-11-18T15:40:14","guid":{"rendered":"https:\/\/dimensionturistica.com\/es\/?p=428211"},"modified":"2022-11-18T15:40:14","modified_gmt":"2022-11-18T15:40:14","slug":"crucero-marella-discovery2-inicia-temporada-invernal-de-turismo-fotos","status":"publish","type":"post","link":"https:\/\/dimensionturistica.com\/es\/crucero-marella-discovery2-inicia-temporada-invernal-de-turismo-fotos\/","title":{"rendered":"Crucero Marella Discovery2 inicia temporada invernal de turismo (+Fotos)"},"content":{"rendered":"<p> <br \/>\n<\/p>\n<div id=\"\">\n\t\t\t\t\t\t\t\t&#13;<\/p>\n<p>\u00a0<\/p>\n<p>&#13;<\/p>\n<p><img decoding=\"async\" src=\"https:\/\/news.google.com\/images\/2022\/Noviembre\/1118-crucero4.jpg\" alt=\"1118-crucero4.jpg\" width=\"800\" height=\"533\"\/><\/p>\n<p>&#13;<\/p>\n<p>La Habana, 18 nov ( ACN) El barco Marella Discovery2 lleg\u00f3 hoy por primera vez a esta capital en este a\u00f1o, e inicia la temporada de invierno del turismo en Cuba, dijo en exclusiva a la ACN Carlos Alberto Rivera Garc\u00eda, director de la sucursal occidente de Cubatur, receptivo del viaje.<\/p>\n<p>&#13;<\/p>\n<p><img decoding=\"async\" src=\"https:\/\/news.google.com\/images\/2022\/Noviembre\/1118-crucero3.jpg\" alt=\"1118-crucero3.jpg\" width=\"800\" height=\"533\"\/><\/p>\n<p>&#13;<\/p>\n<p>Con mil 600 viajeros a bordo, el barco perteneciente a la compa\u00f1\u00eda brit\u00e1nicaTUI OK, estar\u00e1 27 horas varado para seguir luego su periplo por el Caribe y cada 15 d\u00edas volver\u00e1 a tocar puerto cubano.<\/p>\n<p>&#13;<\/p>\n<p><img decoding=\"async\" src=\"https:\/\/news.google.com\/images\/2022\/Noviembre\/1118-crucero.jpg\" alt=\"1118-crucero.jpg\"\/><\/p>\n<p>&#13;<\/p>\n<p>Rivera Garc\u00eda coment\u00f3 que los turistas ingleses llegan \u00e1vidos por recorrer el destino, para ello unos quedan libres de caminar La Habana Vieja, otros van de excursi\u00f3n a Pinar del R\u00edo, y muchos prefieren pasear en los autos cl\u00e1sicos de \u00e9poca por varios sitios de la Ciudad Maravilla.<\/p>\n<p>&#13;<\/p>\n<p><img decoding=\"async\" src=\"https:\/\/news.google.com\/images\/2022\/Noviembre\/1118-crucero1.jpg\" alt=\"1118-crucero1.jpg\"\/><\/p>\n<p>&#13;<\/p>\n<p>La compa\u00f1\u00eda de Cruceros TUI OK ya trajo este a\u00f1o en marzo, el barco Marella Explorer2 y con este que lleg\u00f3 hoy se mantendr\u00e1 operando durante toda la llamada temporada alta del sector tur\u00edstico.<\/p>\n<p>&#13;<\/p>\n<p>El directivo augur\u00f3 una exitosa temporada de invierno para el turismo de Crucero, pues a partir de enero arribar\u00e1n otros barcos, no s\u00f3lo con Cubatur, sino con otros receptivos cubanos.<\/p>\n<p>&#13;<\/p>\n<p>Marella Discovery2, es barco l\u00edder de la clase de Cruceros y puede transportar hasta dos mil 074 pasajeros.<\/p>\n<p>&#13;<\/p>\n<p><img decoding=\"async\" src=\"https:\/\/news.google.com\/images\/2022\/Noviembre\/1118-crucero2.jpg\" alt=\"1118-crucero2.jpg\" width=\"800\" height=\"533\"\/><\/p>\n<\/p><\/div>\n\n<p><em> &#8221; Fuentes news.google.com &#8221; <\/em><\/p>\n","protected":false},"excerpt":{"rendered":"<p>&#13; \u00a0 &#13; &#13; La Habana, 18 nov ( ACN) El barco Marella Discovery2 lleg\u00f3 hoy por primera vez a esta capital en este a\u00f1o, e inicia la temporada de invierno del turismo en Cuba, dijo en exclusiva a la ACN Carlos Alberto Rivera Garc\u00eda, director de la sucursal occidente de Cubatur, receptivo del viaje. [&hellip;]<\/p>\n","protected":false},"author":4,"featured_media":0,"comment_status":"open","ping_status":"closed","sticky":false,"template":"","format":"standard","meta":{"om_disable_all_campaigns":false,"jnews-multi-image_gallery":[],"jnews_single_post":[],"jnews_primary_category":[],"jnews_social_meta":[],"footnotes":""},"categories":[41],"tags":[57363,956],"class_list":["post-428211","post","type-post","status-publish","format-standard","hentry","category-cruceros","tag-crucero-marella-discovery2","tag-cuba"],"_links":{"self":[{"href":"https:\/\/dimensionturistica.com\/es\/wp-json\/wp\/v2\/posts\/428211","targetHints":{"allow":["GET"]}}],"collection":[{"href":"https:\/\/dimensionturistica.com\/es\/wp-json\/wp\/v2\/posts"}],"about":[{"href":"https:\/\/dimensionturistica.com\/es\/wp-json\/wp\/v2\/types\/post"}],"author":[{"embeddable":true,"href":"https:\/\/dimensionturistica.com\/es\/wp-json\/wp\/v2\/users\/4"}],"replies":[{"embeddable":true,"href":"https:\/\/dimensionturistica.com\/es\/wp-json\/wp\/v2\/comments?post=428211"}],"version-history":[{"count":0,"href":"https:\/\/dimensionturistica.com\/es\/wp-json\/wp\/v2\/posts\/428211\/revisions"}],"wp:attachment":[{"href":"https:\/\/dimensionturistica.com\/es\/wp-json\/wp\/v2\/media?parent=428211"}],"wp:term":[{"taxonomy":"category","embeddable":true,"href":"https:\/\/dimensionturistica.com\/es\/wp-json\/wp\/v2\/categories?post=428211"},{"taxonomy":"post_tag","embeddable":true,"href":"https:\/\/dimensionturistica.com\/es\/wp-json\/wp\/v2\/tags?post=428211"}],"curies":[{"name":"wp","href":"https:\/\/api.w.org\/{rel}","templated":true}]}}