{"id":428187,"date":"2022-11-18T15:45:32","date_gmt":"2022-11-18T15:45:32","guid":{"rendered":"https:\/\/dimensionturistica.com\/es\/?p=428187"},"modified":"2022-11-18T15:46:56","modified_gmt":"2022-11-18T15:46:56","slug":"dia-mundial-de-la-diabetes-educar-para-proteger-el-futuro","status":"publish","type":"post","link":"https:\/\/dimensionturistica.com\/es\/dia-mundial-de-la-diabetes-educar-para-proteger-el-futuro\/","title":{"rendered":"D\u00eda Mundial de la Diabetes: Educar para proteger el futuro"},"content":{"rendered":"<p>Como cada a\u00f1o, el 14 de noviembre se conmemora el D\u00eda Mundial de la Diabetes, fecha creada por la Federaci\u00f3n Internacional de Diabetes (FID) y la Organizaci\u00f3n Mundial de la Salud (OMS)<img decoding=\"async\" class=\"size-medium wp-image-428214 alignright\" src=\"https:\/\/dimensionturistica.com\/es\/wp-content\/uploads\/2022\/11\/th-16-300x300.jpeg\" alt=\"\" width=\"300\" height=\"300\" srcset=\"https:\/\/dimensionturistica.com\/es\/wp-content\/uploads\/2022\/11\/th-16-300x300.jpeg 300w, https:\/\/dimensionturistica.com\/es\/wp-content\/uploads\/2022\/11\/th-16-150x150.jpeg 150w, https:\/\/dimensionturistica.com\/es\/wp-content\/uploads\/2022\/11\/th-16-75x75.jpeg 75w, https:\/\/dimensionturistica.com\/es\/wp-content\/uploads\/2022\/11\/th-16-350x350.jpeg 350w, https:\/\/dimensionturistica.com\/es\/wp-content\/uploads\/2022\/11\/th-16.jpeg 474w\" sizes=\"(max-width: 300px) 100vw, 300px\" \/> para reforzar la respuesta a la creciente amenaza a la salud que representa la diabetes, y que tambi\u00e9n recuerda el aniversario de Frederick Banting, quien descubri\u00f3 la insulina en 1921 junto con Charles Best.<br \/>\nEl lema 2021-2023 es el acceso a los cuidados de la diabetes, y en especial este 2022 se hace un llamado a educar para proteger el futuro. Si tomamos en cuenta que al 2021 se contaban aproximadamente 537 millones de adultos que viven con diabetes (y se estima que el n\u00famero aumente a 643 millones para 2030), es indispensable destacar que a\u00fan hay millones de personas con esta enfermedad cr\u00f3nica que no pueden acceder a los cuidados que necesitan.<br \/>\nA m\u00e1s de 100 a\u00f1os de que se descubriera la insulina, hoy somos testigos de avances importantes en la investigaci\u00f3n y desarrollo de nuevas insulinas, pero tambi\u00e9n de medicamentos y tecnolog\u00edas que buscan mejorar el cuidado de la diabetes y que por tanto, deben estar al alcance de las personas que los necesitan.<br \/>\nTodas y todos podemos colaborar para aumentar las inversiones en los cuidados, la prevenci\u00f3n y la detecci\u00f3n temprana de la diabetes; para garantizar el acceso a educaci\u00f3n continua y que los pacientes entiendan la enfermedad, mejoren su autocuidado y control a fin de evitar complicaciones; y para que el personal de salud cuenten con los conocimientos y las herramientas para mejorar la atenci\u00f3n de la diabetes.<br \/>\nEn la industria farmac\u00e9utica mantenemos el compromiso de seguir innovando y desarrollando soluciones de salud para las personas que viven con diabetes tipo 1 o tipo 2.<br \/>\nTan solo en 2022 se cuentan m\u00e1s de 70 medicamentos en desarrollo, y que se encuentran en<\/p>\n<p><img decoding=\"async\" class=\"size-medium wp-image-428202 alignright\" src=\"https:\/\/dimensionturistica.com\/es\/wp-content\/uploads\/2022\/11\/unnamed-2-10-300x200.jpg\" alt=\"\" width=\"300\" height=\"200\" srcset=\"https:\/\/dimensionturistica.com\/es\/wp-content\/uploads\/2022\/11\/unnamed-2-10-300x200.jpg 300w, https:\/\/dimensionturistica.com\/es\/wp-content\/uploads\/2022\/11\/unnamed-2-10-768x512.jpg 768w, https:\/\/dimensionturistica.com\/es\/wp-content\/uploads\/2022\/11\/unnamed-2-10-750x500.jpg 750w, https:\/\/dimensionturistica.com\/es\/wp-content\/uploads\/2022\/11\/unnamed-2-10.jpg 1000w\" sizes=\"(max-width: 300px) 100vw, 300px\" \/><\/p>\n<p>ensayos cl\u00ednicos o en fase de revisi\u00f3n por parte de la Administraci\u00f3n de Drogas y Alimentos de EE.UU., FDA, para esta condici\u00f3n.<br \/>\nLos principales problemas de salud en 2022<br \/>\nEl Ipsos Global Health Service Monitor es un estudio anual que analiza las principales preocupaciones de salud a nivel mundial, y explora la percepci\u00f3n que tienen las personas sobre qu\u00e9 tan preparados est\u00e1n sus sistemas de salud para afrontar los retos de salud.<br \/>\nLa encuesta se llev\u00f3 a cabo en 34 pa\u00edses (M\u00e9xico incluido) a m\u00e1s de 23 mil adultos y estos son algunos de los principales hallazgos:<br \/>\nLa covid-19 sigue siendo el mayor problema de salud que enfrentan las personas en todo el mundo, por tercer a\u00f1o consecutivo (47% a nivel mundial frente al 70% en 2021).<br \/>\nLa salud mental se coloca como la segunda mayor preocupaci\u00f3n entre las personas (36% frente al 31% del a\u00f1o anterior) y por primera vez est\u00e1 delante del c\u00e1ncer en los informes de Ipsos.<br \/>\nEl estr\u00e9s tambi\u00e9n se menciona como uno de los principales problemas de salud (26%) y supera otras condiciones como la obesidad (22%).<br \/>\nSobre las percepciones de los servicios de atenci\u00f3n m\u00e9dica, el 53% de los encuestados cree que recibir\u00e1 el mejor tratamiento. Sin embargo, solo 33% cree que su servicio de atenci\u00f3n m\u00e9dica mejorar\u00e1 en los pr\u00f3ximos a\u00f1os.<br \/>\nSi revisamos los pa\u00edses de Am\u00e9rica Latina, Brasil (31%), M\u00e9xico (31%) y Per\u00fa (35%) describen su atenci\u00f3n m\u00e9dica como deficiente.<br \/>\nSobre los desaf\u00edos en la atenci\u00f3n m\u00e9dica, tres de cada cinco personas en el mundo (66%) cree que su sistema de salud est\u00e1 sobrecargado<br \/>\nCuatro de cada diez personas ve el acceso al tratamiento y los tiempos de espera como los<img decoding=\"async\" class=\"size-medium wp-image-428205 alignright\" src=\"https:\/\/dimensionturistica.com\/es\/wp-content\/uploads\/2022\/11\/th-1-12-300x157.jpeg\" alt=\"\" width=\"300\" height=\"157\" srcset=\"https:\/\/dimensionturistica.com\/es\/wp-content\/uploads\/2022\/11\/th-1-12-300x157.jpeg 300w, https:\/\/dimensionturistica.com\/es\/wp-content\/uploads\/2022\/11\/th-1-12.jpeg 474w\" sizes=\"(max-width: 300px) 100vw, 300px\" \/> principales problemas en sus sistemas de salud<br \/>\nLa falta de inversi\u00f3n en salud preventiva, el envejecimiento de las poblaciones y la burocracia, tambi\u00e9n figuran en la lista.<br \/>\nSobre M\u00e9xico:<br \/>\nLas enfermedades que m\u00e1s preocupan son la obesidad y el coronavirus, respectivamente. Llama la atenci\u00f3n que, sobre la preocupaci\u00f3n por la salud mental, M\u00e9xico es el pen\u00faltimo lugar de los 34 pa\u00edses encuestados.<br \/>\nLos gobiernos, el sector privado y todos los actores del ecosistema de salud tenemos un papel que desempe\u00f1ar para fortalecer los sistemas de salud y mejorar la atenci\u00f3n para todas las personas.<br \/>\nInnovaci\u00f3n y optimismo en el tratamiento del c\u00e1ncer de pulm\u00f3n<br \/>\nEl c\u00e1ncer de pulm\u00f3n ocupa el segundo lugar en incidencia mundial con m\u00e1s de dos millones de casos registrados en 2020 y se coloca solo por detr\u00e1s del c\u00e1ncer de mama. En M\u00e9xico, de acuerdo con Globocan, se registraron 7 mil 588 nuevos casos y 7 mil 100 fallecimientos, convirti\u00e9ndose en uno de los diez tipos de c\u00e1ncer con mayor impacto para la poblaci\u00f3n.<br \/>\nY si bien las cifras son impactantes, tambi\u00e9n podemos hablar de progreso en la lucha contra este tipo de c\u00e1ncer. De acuerdo con la Sociedad Americana del C\u00e1ncer, los pacientes en EE.UU. viven m\u00e1s tiempo, ya que el 31% sobreviven 3 a\u00f1os despu\u00e9s del diagn\u00f3stico en comparaci\u00f3n con el 21% una d\u00e9cada atr\u00e1s. Tambi\u00e9n, el 28% de los c\u00e1nceres se detectaron en una etapa localizada en 2018 frente al 17% en 2004.<br \/>\nParte de estos avances se puede explicar gracias a un mayor acceso a la atenci\u00f3n y la detecci\u00f3n, as\u00ed como a la mejora en los tratamientos. En esta revisi\u00f3n publicada en The Oncologist, se enlistan los esfuerzos de d\u00e9cadas en ensayos cl\u00ednicos que han dado como resultado nuevos<\/p>\n<p><img decoding=\"async\" class=\"size-medium wp-image-428203 alignright\" src=\"https:\/\/dimensionturistica.com\/es\/wp-content\/uploads\/2022\/11\/unnamed-1-12-300x200.jpg\" alt=\"\" width=\"300\" height=\"200\" srcset=\"https:\/\/dimensionturistica.com\/es\/wp-content\/uploads\/2022\/11\/unnamed-1-12-300x200.jpg 300w, https:\/\/dimensionturistica.com\/es\/wp-content\/uploads\/2022\/11\/unnamed-1-12-768x512.jpg 768w, https:\/\/dimensionturistica.com\/es\/wp-content\/uploads\/2022\/11\/unnamed-1-12-750x500.jpg 750w, https:\/\/dimensionturistica.com\/es\/wp-content\/uploads\/2022\/11\/unnamed-1-12.jpg 1000w\" sizes=\"(max-width: 300px) 100vw, 300px\" \/><\/p>\n<p>No obstante, tenemos que seguir mejorando todo el abordaje del c\u00e1ncer de pulm\u00f3n, desde las acciones de prevenci\u00f3n y la consideraci\u00f3n de todos los factores de riesgo, hasta el diagn\u00f3stico temprano y el acceso a terapias en las diferentes etapas de la enfermedad.<br \/>\nEl futuro es esperanzador y con las 141 terapias en desarrollo para c\u00e1ncer de pulm\u00f3n, podemos ser optimistas y construir un mundo en el que esta enfermedad ya no signifique una sentencia de muerte.<br \/>\nMecanismos de participaci\u00f3n ciudadana en el sector salud<br \/>\nTe invitamos al conversatorio sobre el estudio \u201cMecanismos de participaci\u00f3n ciudadana, sector salud\u201d, elaborado por el Instituto para el Desarrollo Democr\u00e1tico y la Competitividad (IDdeco).<br \/>\nEl documento contiene informaci\u00f3n y un an\u00e1lisis para conocer sobre los mecanismos e instrumentos de participaci\u00f3n ciudadana en temas de salud y de otros sectores en nuestro pa\u00eds. Asimismo, se compartir\u00e1n herramientas que pueden ser aprovechadas por instituciones p\u00fablicas, empresas del sector privado, organizaciones de la sociedad civil, academia y comunidades.<br \/>\nLas empresas jugamos un papel fundamental para impulsar el desarrollo econ\u00f3mico, pol\u00edtico y social, pues esto se traduce en la mejora de la salud, el bienestar y la calidad de vida de las personas.<\/p>\n","protected":false},"excerpt":{"rendered":"<p>Como cada a\u00f1o, el 14 de noviembre se conmemora el D\u00eda Mundial de la Diabetes, fecha creada por la Federaci\u00f3n Internacional de Diabetes (FID) y la Organizaci\u00f3n Mundial de la Salud (OMS) para reforzar la respuesta a la creciente amenaza a la salud que representa la diabetes, y que tambi\u00e9n recuerda el aniversario de Frederick [&hellip;]<\/p>\n","protected":false},"author":1,"featured_media":428215,"comment_status":"open","ping_status":"closed","sticky":false,"template":"","format":"standard","meta":{"om_disable_all_campaigns":false,"jnews-multi-image_gallery":[],"jnews_single_post":{"source_name":"","source_url":"","via_name":"","via_url":"","override_template":"0","override":[{"template":"1","single_blog_custom":"","parallax":"1","fullscreen":"1","layout":"right-sidebar","sidebar":"default-sidebar","second_sidebar":"default-sidebar","sticky_sidebar":"1","share_position":"top","share_float_style":"share-monocrhome","show_share_counter":"1","show_view_counter":"1","show_featured":"1","show_post_meta":"1","show_post_author":"1","show_post_author_image":"1","show_post_date":"1","post_date_format":"default","post_date_format_custom":"Y\/m\/d","show_post_category":"1","show_post_reading_time":"0","post_reading_time_wpm":"300","show_zoom_button":"0","zoom_button_out_step":"2","zoom_button_in_step":"3","show_post_tag":"1","show_prev_next_post":"1","show_popup_post":"1","number_popup_post":"1","show_author_box":"0","show_post_related":"0","show_inline_post_related":"0"}],"override_image_size":"0","image_override":[{"single_post_thumbnail_size":"crop-500","single_post_gallery_size":"crop-500"}],"trending_post":"0","trending_post_position":"meta","trending_post_label":"Trending","sponsored_post":"0","sponsored_post_label":"Sponsored by","sponsored_post_name":"","sponsored_post_url":"","sponsored_post_logo_enable":"0","sponsored_post_logo":"","sponsored_post_desc":"","disable_ad":"0"},"jnews_primary_category":{"id":"","hide":""},"jnews_social_meta":{"fb_title":"","fb_description":"","fb_image":"","twitter_title":"","twitter_description":"","twitter_image":""},"footnotes":""},"categories":[40],"tags":[],"class_list":["post-428187","post","type-post","status-publish","format-standard","has-post-thumbnail","hentry","category-industria"],"_links":{"self":[{"href":"https:\/\/dimensionturistica.com\/es\/wp-json\/wp\/v2\/posts\/428187","targetHints":{"allow":["GET"]}}],"collection":[{"href":"https:\/\/dimensionturistica.com\/es\/wp-json\/wp\/v2\/posts"}],"about":[{"href":"https:\/\/dimensionturistica.com\/es\/wp-json\/wp\/v2\/types\/post"}],"author":[{"embeddable":true,"href":"https:\/\/dimensionturistica.com\/es\/wp-json\/wp\/v2\/users\/1"}],"replies":[{"embeddable":true,"href":"https:\/\/dimensionturistica.com\/es\/wp-json\/wp\/v2\/comments?post=428187"}],"version-history":[{"count":0,"href":"https:\/\/dimensionturistica.com\/es\/wp-json\/wp\/v2\/posts\/428187\/revisions"}],"wp:featuredmedia":[{"embeddable":true,"href":"https:\/\/dimensionturistica.com\/es\/wp-json\/wp\/v2\/media\/428215"}],"wp:attachment":[{"href":"https:\/\/dimensionturistica.com\/es\/wp-json\/wp\/v2\/media?parent=428187"}],"wp:term":[{"taxonomy":"category","embeddable":true,"href":"https:\/\/dimensionturistica.com\/es\/wp-json\/wp\/v2\/categories?post=428187"},{"taxonomy":"post_tag","embeddable":true,"href":"https:\/\/dimensionturistica.com\/es\/wp-json\/wp\/v2\/tags?post=428187"}],"curies":[{"name":"wp","href":"https:\/\/api.w.org\/{rel}","templated":true}]}}