{"id":428134,"date":"2022-11-18T14:18:43","date_gmt":"2022-11-18T14:18:43","guid":{"rendered":"https:\/\/dimensionturistica.com\/es\/?p=428134"},"modified":"2022-11-18T14:18:43","modified_gmt":"2022-11-18T14:18:43","slug":"arrecife-vive-un-renacimiento-de-cruceros","status":"publish","type":"post","link":"https:\/\/dimensionturistica.com\/es\/arrecife-vive-un-renacimiento-de-cruceros\/","title":{"rendered":"Arrecife vive un &#8216;renacimiento&#8217; de cruceros"},"content":{"rendered":"<p> <br \/>\n<\/p>\n<div>\n<p>                <span itemprop=\"articleBody\"><\/p>\n<p><strong>\u00a0<\/p>\n<div class=\"jeg_video_container jeg_video_content\"><iframe loading=\"lazy\" title=\"Arrecife vive un &#039;renacimiento&#039; de cruceros\" width=\"500\" height=\"281\" src=\"https:\/\/www.youtube.com\/embed\/RpMlmUzcA50?feature=oembed\" frameborder=\"0\" allow=\"accelerometer; autoplay; clipboard-write; encrypted-media; gyroscope; picture-in-picture; web-share\" referrerpolicy=\"strict-origin-when-cross-origin\" allowfullscreen><\/iframe><\/div>\n<p><\/strong><\/p>\n<p>&#13;<\/p>\n<p><strong>Este viernes llegaban a la capital cuatro grandes embarcaciones de lujo<\/strong><\/p>\n<p>&#13;<br \/>\n &#13;<\/p>\n<p>\u00a0<\/p>\n<p>&#13;<\/p>\n<li class=\"texto\"><i class=\"fa fa-file-text-o\"\/>Lancelot Digital<\/li>\n<p>&#13;<\/p>\n<p>\u00a0<\/p>\n<p>&#13;<\/p>\n<p>Hasta cuatro cruceros atracaban esta ma\u00f1ana en el Puerto de Los M\u00e1rmoles. Barcos como el Europa, Amera, Ventura y La Belles de Oceans daban esta estampa en la instalaci\u00f3n portuaria de Arrecife, que est\u00e1 viviendo un renacimiento en la llegada de estas embarcaciones de lujo.<\/p>\n<p>&#13;<\/p>\n<p>\u00a0<\/p>\n<p>&#13;<\/p>\n<p>Armando Santana, concejal de Turismo del Ayuntamiento de Arrecife, se\u00f1alaba que \u201cest\u00e1n llegando cruceros que no hab\u00edan venido nunca a nuestro puerto, este mes tenemos dos o tres buques que vienen por primera a Arrecife y lo celebramos mucho porque es una gran oportunidad de comercio para la capital\u201d.<\/p>\n<p>&#13;<\/p>\n<p>\u00a0<\/p>\n<p>&#13;<\/p>\n<p>Y lo mejor es que Lanzarote ya no es solo un destino de cruceros de invierno, cada vez son m\u00e1s las navieras que alargan las temporadas, incluso llegando al verano. \u201cEl verano pasado recibimos varios cruceros, algo que no hab\u00eda sucedido nunca y creo que esa va a ser la tendencia para los pr\u00f3ximos a\u00f1os. Quieren que Arrecife sea un puerto de turismo durante todo el a\u00f1o, aunque el invierno seguir\u00e1 siendo la temporada m\u00e1s fuerte\u201d.<\/p>\n<p>&#13;<\/p>\n<p>\u00a0<\/p>\n<p>&#13;<\/p>\n<p>El concejal de Turismo se sent\u00eda orgulloso al decir que cada vez m\u00e1s los cruceristas eligen pasar el d\u00eda en la capital y disfrutar tanto de la hosteler\u00eda como de la playa y la marina arrecife\u00f1a.<\/p>\n<p>                    <\/span><\/p><\/div>\n<p><script src=\"https:\/\/connect.facebook.net\/es_ES\/all.js#xfbml=1\" type=\"text\/javascript\"><\/script><script type=\"text\/javascript\">\n\/\/<![CDATA[\n   \twindow.fbAsyncInit = function() {\n\t\tFB.init({ appId: '171342606239806', \n\t\t\tstatus: true, \n\t\t\tcookie: true,\n\t\t\txfbml: true,\n\t\t\toauth: true\n\t\t});\n   \t\t    \n\t  \t\t};\n    \/\/      \n    jQuery(window).load(function() {\n    \t(function(){\n    \t\tif(!document.getElementById('fb-root')) {\n    \t\t\tvar root = document.createElement('div');\n    \t\t\troot.id = 'fb-root';\n    \t\t\tdocument.getElementById('gkfb-root').appendChild(root);\n    \t\t\tvar e = document.createElement('script');\n    \t\t\te.src = document.location.protocol + '\/\/connect.facebook.net\/es_ES\/all.js';\n    \t\t\te.async = true;\n    \t\t\tdocument.getElementById('fb-root').appendChild(e);\n    \t\t}  \n    \t})();\n    });\n    \/\/]]>\n<\/script><br \/>\n<br \/><\/p>\n<p><em> &#8221; Fuentes news.google.com &#8221; <\/em><\/p>\n","protected":false},"excerpt":{"rendered":"<p>\u00a0 &#13; Este viernes llegaban a la capital cuatro grandes embarcaciones de lujo &#13; &#13; \u00a0 &#13; Lancelot Digital &#13; \u00a0 &#13; Hasta cuatro cruceros atracaban esta ma\u00f1ana en el Puerto de Los M\u00e1rmoles. Barcos como el Europa, Amera, Ventura y La Belles de Oceans daban esta estampa en la instalaci\u00f3n portuaria de Arrecife, que [&hellip;]<\/p>\n","protected":false},"author":4,"featured_media":428135,"comment_status":"open","ping_status":"closed","sticky":false,"template":"","format":"standard","meta":{"om_disable_all_campaigns":false,"jnews-multi-image_gallery":[],"jnews_single_post":[],"jnews_primary_category":[],"jnews_social_meta":[],"footnotes":""},"categories":[41],"tags":[946],"class_list":["post-428134","post","type-post","status-publish","format-standard","has-post-thumbnail","hentry","category-cruceros","tag-lancelot-digital-noticias-lanzarote-diario-digital-periodico-canarias-sucesos-deportes-cultura-vida-social-opinion-semanario-revista"],"_links":{"self":[{"href":"https:\/\/dimensionturistica.com\/es\/wp-json\/wp\/v2\/posts\/428134","targetHints":{"allow":["GET"]}}],"collection":[{"href":"https:\/\/dimensionturistica.com\/es\/wp-json\/wp\/v2\/posts"}],"about":[{"href":"https:\/\/dimensionturistica.com\/es\/wp-json\/wp\/v2\/types\/post"}],"author":[{"embeddable":true,"href":"https:\/\/dimensionturistica.com\/es\/wp-json\/wp\/v2\/users\/4"}],"replies":[{"embeddable":true,"href":"https:\/\/dimensionturistica.com\/es\/wp-json\/wp\/v2\/comments?post=428134"}],"version-history":[{"count":0,"href":"https:\/\/dimensionturistica.com\/es\/wp-json\/wp\/v2\/posts\/428134\/revisions"}],"wp:featuredmedia":[{"embeddable":true,"href":"https:\/\/dimensionturistica.com\/es\/wp-json\/wp\/v2\/media\/428135"}],"wp:attachment":[{"href":"https:\/\/dimensionturistica.com\/es\/wp-json\/wp\/v2\/media?parent=428134"}],"wp:term":[{"taxonomy":"category","embeddable":true,"href":"https:\/\/dimensionturistica.com\/es\/wp-json\/wp\/v2\/categories?post=428134"},{"taxonomy":"post_tag","embeddable":true,"href":"https:\/\/dimensionturistica.com\/es\/wp-json\/wp\/v2\/tags?post=428134"}],"curies":[{"name":"wp","href":"https:\/\/api.w.org\/{rel}","templated":true}]}}