{"id":427970,"date":"2022-11-18T10:13:05","date_gmt":"2022-11-18T10:13:05","guid":{"rendered":"https:\/\/dimensionturistica.com\/es\/?p=427970"},"modified":"2022-11-18T10:13:05","modified_gmt":"2022-11-18T10:13:05","slug":"soprole-cambia-de-dueno-fonterra-traspasa-compania-a-grupo-peruano-gloria-foods","status":"publish","type":"post","link":"https:\/\/dimensionturistica.com\/es\/soprole-cambia-de-dueno-fonterra-traspasa-compania-a-grupo-peruano-gloria-foods\/","title":{"rendered":"Soprole cambia de due\u00f1o: Fonterra traspasa compa\u00f1\u00eda a grupo peruano Gloria Foods"},"content":{"rendered":"<p> <br \/>\n<\/p>\n<div>\n<p>Tras meses de negociaciones, el grupo neozeland\u00e9s\u00a0Fonterra\u00a0vendi\u00f3 la marca\u00a0Soprole\u00a0luego de 30 a\u00f1os de funcionamiento en Chile.<\/p>\n<p>La fabricante de productos l\u00e1cteos chilena inform\u00f3 a la\u00a0Comisi\u00f3n para el Mercado Financiero\u00a0(CMF) que el 100% de las acciones ahora pasar\u00e1n al grupo peruano\u00a0Gloria Meals.<\/p>\n<p>En una comunicaci\u00f3n enviada al regulador peruano, Gloria Meals detall\u00f3 que\u00a0la transacci\u00f3n considera un precio de alrededor de US$ 210 millones por las acciones adquiridas, m\u00e1s la cancelaci\u00f3n de deuda con Fonterra de las sociedades a adquirirse al cierre del negocio.<\/p>\n<p>El cierre de la transacci\u00f3n a\u00fan se encuentra sujeto a la aprobaci\u00f3n de la Fiscal\u00eda Nacional Econ\u00f3mica (FNE) en Chile, y el lanzamiento, por parte del comprador, de una oferta p\u00fablica \u201cpura y simple e irrevocable de la totalidad de las acciones de la sociedad que no sean propiedad de Fonterra\u201d.<\/p>\n<p>El Grupo Gloria cuenta con diversas empresas l\u00e1cteas alrededor de Latinoam\u00e1rica: Pil Andina en Bolivia; Suiza Dairy Company en Puerto Rico; Gloria Colombia; Leche Gloria Ecuador; Gloria Meals del Uruguay; Gloria Argentina; Leche Gloria en Per\u00fa y ahora Chile con Soprole.<\/p>\n<p>\u201cLa oportunidad de incorporar una empresa de la categor\u00eda de Soprole a nuestro portafolio de negocios ser\u00e1 un orgullo para nuestro holding alimentario\u201c, declar\u00f3 al mencionado medio el director ejecutivo de Gloria Meals, Claudio Rodr\u00edguez.<\/p>\n<p><iframe loading=\"lazy\" src=\"https:\/\/www.docdroid.net\/5XE3irg\/soprole-pdf\" width=\"100%\" height=\"600\" frameborder=\"0\" allowfullscreen=\"allowfullscreen\" data-mce-fragment=\"1\"><\/iframe><\/p>\n<\/div>\n<p><script async defer crossorigin=\"anonymous\" src=\"https:\/\/connect.facebook.net\/es_ES\/sdk.js#xfbml=1&#038;version=v13.0&#038;appId=1174450312643847&#038;autoLogAppEvents=1\"><\/script><br \/>\n<br \/><\/p>\n<p><em> \u2018 The preceding article may include information circulated by third parties \u2019 <\/em><\/p>\n<p><em> \u2018 Some details of this article were extracted from the following source news.google.com \u2019 <\/em><\/p>\n","protected":false},"excerpt":{"rendered":"<p>Tras meses de negociaciones, el grupo neozeland\u00e9s\u00a0Fonterra\u00a0vendi\u00f3 la marca\u00a0Soprole\u00a0luego de 30 a\u00f1os de funcionamiento en Chile. La fabricante de productos l\u00e1cteos chilena inform\u00f3 a la\u00a0Comisi\u00f3n para el Mercado Financiero\u00a0(CMF) que el 100% de las acciones ahora pasar\u00e1n al grupo peruano\u00a0Gloria Meals. En una comunicaci\u00f3n enviada al regulador peruano, Gloria Meals detall\u00f3 que\u00a0la transacci\u00f3n considera un [&hellip;]<\/p>\n","protected":false},"author":2,"featured_media":427971,"comment_status":"open","ping_status":"closed","sticky":false,"template":"","format":"standard","meta":{"om_disable_all_campaigns":false,"jnews-multi-image_gallery":[],"jnews_single_post":[],"jnews_primary_category":[],"jnews_social_meta":[],"footnotes":""},"categories":[43],"tags":[],"class_list":["post-427970","post","type-post","status-publish","format-standard","has-post-thumbnail","hentry","category-gourmet"],"_links":{"self":[{"href":"https:\/\/dimensionturistica.com\/es\/wp-json\/wp\/v2\/posts\/427970","targetHints":{"allow":["GET"]}}],"collection":[{"href":"https:\/\/dimensionturistica.com\/es\/wp-json\/wp\/v2\/posts"}],"about":[{"href":"https:\/\/dimensionturistica.com\/es\/wp-json\/wp\/v2\/types\/post"}],"author":[{"embeddable":true,"href":"https:\/\/dimensionturistica.com\/es\/wp-json\/wp\/v2\/users\/2"}],"replies":[{"embeddable":true,"href":"https:\/\/dimensionturistica.com\/es\/wp-json\/wp\/v2\/comments?post=427970"}],"version-history":[{"count":0,"href":"https:\/\/dimensionturistica.com\/es\/wp-json\/wp\/v2\/posts\/427970\/revisions"}],"wp:featuredmedia":[{"embeddable":true,"href":"https:\/\/dimensionturistica.com\/es\/wp-json\/wp\/v2\/media\/427971"}],"wp:attachment":[{"href":"https:\/\/dimensionturistica.com\/es\/wp-json\/wp\/v2\/media?parent=427970"}],"wp:term":[{"taxonomy":"category","embeddable":true,"href":"https:\/\/dimensionturistica.com\/es\/wp-json\/wp\/v2\/categories?post=427970"},{"taxonomy":"post_tag","embeddable":true,"href":"https:\/\/dimensionturistica.com\/es\/wp-json\/wp\/v2\/tags?post=427970"}],"curies":[{"name":"wp","href":"https:\/\/api.w.org\/{rel}","templated":true}]}}