{"id":427605,"date":"2022-11-17T21:17:06","date_gmt":"2022-11-17T21:17:06","guid":{"rendered":"https:\/\/dimensionturistica.com\/es\/?p=427605"},"modified":"2022-11-17T21:18:48","modified_gmt":"2022-11-17T21:18:48","slug":"el-festival-internacional-de-las-luces-filux-llegara-a-los-municipios-de-yucatan","status":"publish","type":"post","link":"https:\/\/dimensionturistica.com\/es\/el-festival-internacional-de-las-luces-filux-llegara-a-los-municipios-de-yucatan\/","title":{"rendered":"El Festival Internacional de Las Luces \u201cFilux\u201d, llegara a los municipios de Yucat\u00e1n"},"content":{"rendered":"<p>A partir del 24 de noviembre, los asistentes podr\u00e1n disfrutar de obras de arte realizadas con luz como proyecciones, video mapping, esculturas de luz, instalaciones, iluminaci\u00f3n arquitect\u00f3nica,<img decoding=\"async\" class=\"size-medium wp-image-427654 alignright\" src=\"https:\/\/dimensionturistica.com\/es\/wp-content\/uploads\/2022\/11\/YUCATAR-300x225.jpg\" alt=\"\" width=\"300\" height=\"225\" srcset=\"https:\/\/dimensionturistica.com\/es\/wp-content\/uploads\/2022\/11\/YUCATAR-300x225.jpg 300w, https:\/\/dimensionturistica.com\/es\/wp-content\/uploads\/2022\/11\/YUCATAR.jpg 510w\" sizes=\"(max-width: 300px) 100vw, 300px\" \/> caminos de luz, cine, entre muchas m\u00e1s.<\/p>\n<p>Como resultado del impulso para seguir transformando la cultura y acercarla a m\u00e1s habitantes de la entidad, el Gobernador Mauricio Vila Dosal; a trav\u00e9s de la Secretar\u00eda de Fomento Tur\u00edstico del estado, inform\u00f3 que, a partir del 24 de noviembre se llevar\u00e1 cabo en la ciudad de M\u00e9rida el Festival Internacional de las Luces (Filux); asimismo se presentar\u00e1 por primera vez en los municipios de Tekax y Valladolid con el objetivo de que m\u00e1s familias yucatecas disfruten del recorrido nocturno, totalmente gratuito, con obras de arte realizadas con luz.<br \/>\nEl Filux se presenta en la ciudad de M\u00e9rida del 24 al 27 de noviembre. Mientras que los habitantes del Municipio de Valladolid podr\u00e1n disfrutar del festival, del 1 al 4 de diciembre; mientras que en Tekax del 8 al 10 de diciembre de 18:00 a 23:00 horas.<br \/>\nFilux se presenta con un acervo de 24 obras de arte realizadas con el uso de luz que incluyen proyecciones, video mapping, esculturas, instalaciones, iluminaci\u00f3n arquitect\u00f3nica, cine, entre otras m\u00e1s; que estar\u00e1n a lo largo de un camino de luz en cada municipio donde se presentar\u00e1.<br \/>\nDe igual manera, se presentar\u00e1n obras de artistas nacionales tituladas como Museum of the<img decoding=\"async\" class=\"size-medium wp-image-427653 alignright\" src=\"https:\/\/dimensionturistica.com\/es\/wp-content\/uploads\/2022\/11\/YUCATAYU-300x225.jpg\" alt=\"\" width=\"300\" height=\"225\" srcset=\"https:\/\/dimensionturistica.com\/es\/wp-content\/uploads\/2022\/11\/YUCATAYU-300x225.jpg 300w, https:\/\/dimensionturistica.com\/es\/wp-content\/uploads\/2022\/11\/YUCATAYU.jpg 510w\" sizes=\"(max-width: 300px) 100vw, 300px\" \/> moon, Mandala labrador, Mandala Naya and Mandala Perrier; Intrude, Lo fortuito, Ecos, P\u00e1jaro toh, Viviendo la luz, Life, Tradici\u00f3n que ilumina, Ataraxia, Faro, Lepidopter, Mana, Ausencia, Caminantes, Global rainbow, Solar flare, Primitivo, Lluvia, sol y refracci\u00f3n; En el sendero de un jard\u00edn rocoso, El jard\u00edn secreto, Alienaci\u00f3n, Te quiero mucho, Rapitichiemih, Ni\u00f1os de dulce; adem\u00e1s de iluminaci\u00f3n arquitect\u00f3nica, e intervenciones comunitarias.<br \/>\nEntre las que destacan una luna de 9 metros de di\u00e1metro realizada por un artista de Reino Unido; con una impresi\u00f3n real 3D que es r\u00e9plica de una fotograf\u00eda del sat\u00e9lite natural, tambi\u00e9n se tendr\u00e1n las piezas de conejos inflables de gran tama\u00f1o que le han dado la vuelta al mundo,<img decoding=\"async\" class=\"size-medium wp-image-427656 alignleft\" src=\"https:\/\/dimensionturistica.com\/es\/wp-content\/uploads\/2022\/11\/YUCATAN-300x225.jpg\" alt=\"\" width=\"300\" height=\"225\" srcset=\"https:\/\/dimensionturistica.com\/es\/wp-content\/uploads\/2022\/11\/YUCATAN-300x225.jpg 300w, https:\/\/dimensionturistica.com\/es\/wp-content\/uploads\/2022\/11\/YUCATAN-768x576.jpg 768w, https:\/\/dimensionturistica.com\/es\/wp-content\/uploads\/2022\/11\/YUCATAN-750x563.jpg 750w, https:\/\/dimensionturistica.com\/es\/wp-content\/uploads\/2022\/11\/YUCATAN.jpg 800w\" sizes=\"(max-width: 300px) 100vw, 300px\" \/> el arco\u00edris global que mide 30 kil\u00f3metros de distancia y zonas lum\u00ednicas con las que los asistentes podr\u00e1n interactuar.<br \/>\nDesde el 2013, Filux es el primer festival internacional de las luces del continente realizado por Filux lab en alianza con instituciones y empresas para la creaci\u00f3n de proyectos culturales vinculados al cine y las artes visuales en Am\u00e9rica Latina, consolidando de esta forma a las ciudades donde se presenta como un escenario cultural internacional, de integraci\u00f3n social y recuperaci\u00f3n del espacio p\u00fablico.<br \/>\nToda la informaci\u00f3n acerca de las fechas, obras y mapas de cada municipio est\u00e1 disponible en la p\u00e1gina web www.filux.info<\/p>\n","protected":false},"excerpt":{"rendered":"<p>A partir del 24 de noviembre, los asistentes podr\u00e1n disfrutar de obras de arte realizadas con luz como proyecciones, video mapping, esculturas de luz, instalaciones, iluminaci\u00f3n arquitect\u00f3nica, caminos de luz, cine, entre muchas m\u00e1s. Como resultado del impulso para seguir transformando la cultura y acercarla a m\u00e1s habitantes de la entidad, el Gobernador Mauricio Vila [&hellip;]<\/p>\n","protected":false},"author":1,"featured_media":427655,"comment_status":"open","ping_status":"closed","sticky":false,"template":"","format":"standard","meta":{"om_disable_all_campaigns":false,"jnews-multi-image_gallery":[],"jnews_single_post":{"source_name":"","source_url":"","via_name":"","via_url":"","override_template":"0","override":[{"template":"1","single_blog_custom":"","parallax":"1","fullscreen":"1","layout":"right-sidebar","sidebar":"default-sidebar","second_sidebar":"default-sidebar","sticky_sidebar":"1","share_position":"top","share_float_style":"share-monocrhome","show_share_counter":"1","show_view_counter":"1","show_featured":"1","show_post_meta":"1","show_post_author":"1","show_post_author_image":"1","show_post_date":"1","post_date_format":"default","post_date_format_custom":"Y\/m\/d","show_post_category":"1","show_post_reading_time":"0","post_reading_time_wpm":"300","show_zoom_button":"0","zoom_button_out_step":"2","zoom_button_in_step":"3","show_post_tag":"1","show_prev_next_post":"1","show_popup_post":"1","number_popup_post":"1","show_author_box":"0","show_post_related":"0","show_inline_post_related":"0"}],"override_image_size":"0","image_override":[{"single_post_thumbnail_size":"crop-500","single_post_gallery_size":"crop-500"}],"trending_post":"0","trending_post_position":"meta","trending_post_label":"Trending","sponsored_post":"0","sponsored_post_label":"Sponsored by","sponsored_post_name":"","sponsored_post_url":"","sponsored_post_logo_enable":"0","sponsored_post_logo":"","sponsored_post_desc":"","disable_ad":"0"},"jnews_primary_category":{"id":"","hide":""},"jnews_social_meta":{"fb_title":"","fb_description":"","fb_image":"","twitter_title":"","twitter_description":"","twitter_image":""},"footnotes":""},"categories":[39],"tags":[],"class_list":["post-427605","post","type-post","status-publish","format-standard","has-post-thumbnail","hentry","category-viajes"],"_links":{"self":[{"href":"https:\/\/dimensionturistica.com\/es\/wp-json\/wp\/v2\/posts\/427605","targetHints":{"allow":["GET"]}}],"collection":[{"href":"https:\/\/dimensionturistica.com\/es\/wp-json\/wp\/v2\/posts"}],"about":[{"href":"https:\/\/dimensionturistica.com\/es\/wp-json\/wp\/v2\/types\/post"}],"author":[{"embeddable":true,"href":"https:\/\/dimensionturistica.com\/es\/wp-json\/wp\/v2\/users\/1"}],"replies":[{"embeddable":true,"href":"https:\/\/dimensionturistica.com\/es\/wp-json\/wp\/v2\/comments?post=427605"}],"version-history":[{"count":0,"href":"https:\/\/dimensionturistica.com\/es\/wp-json\/wp\/v2\/posts\/427605\/revisions"}],"wp:featuredmedia":[{"embeddable":true,"href":"https:\/\/dimensionturistica.com\/es\/wp-json\/wp\/v2\/media\/427655"}],"wp:attachment":[{"href":"https:\/\/dimensionturistica.com\/es\/wp-json\/wp\/v2\/media?parent=427605"}],"wp:term":[{"taxonomy":"category","embeddable":true,"href":"https:\/\/dimensionturistica.com\/es\/wp-json\/wp\/v2\/categories?post=427605"},{"taxonomy":"post_tag","embeddable":true,"href":"https:\/\/dimensionturistica.com\/es\/wp-json\/wp\/v2\/tags?post=427605"}],"curies":[{"name":"wp","href":"https:\/\/api.w.org\/{rel}","templated":true}]}}