{"id":427358,"date":"2022-11-17T18:07:29","date_gmt":"2022-11-17T18:07:29","guid":{"rendered":"https:\/\/dimensionturistica.com\/es\/?p=427358"},"modified":"2022-11-17T18:07:29","modified_gmt":"2022-11-17T18:07:29","slug":"volaris-se-suma-al-proyecto-que-viva-la-selva-lacandona","status":"publish","type":"post","link":"https:\/\/dimensionturistica.com\/es\/volaris-se-suma-al-proyecto-que-viva-la-selva-lacandona\/","title":{"rendered":"Volaris se suma al proyecto: \u00a1Que Viva la Selva Lacandona!"},"content":{"rendered":"<p>Volaris, la aerol\u00ednea mexicana de ultra bajo costo que opera en M\u00e9xico, Estados Unidos, Centroam\u00e9rica y Sudam\u00e9rica, en alianza con Fundaci\u00f3n Azteca, transport\u00f3 a 36 ni\u00f1os ganadores<img decoding=\"async\" class=\"size-medium wp-image-427518 alignright\" src=\"https:\/\/dimensionturistica.com\/es\/wp-content\/uploads\/2022\/11\/th-2-8-300x203.jpeg\" alt=\"\" width=\"300\" height=\"203\" srcset=\"https:\/\/dimensionturistica.com\/es\/wp-content\/uploads\/2022\/11\/th-2-8-300x203.jpeg 300w, https:\/\/dimensionturistica.com\/es\/wp-content\/uploads\/2022\/11\/th-2-8.jpeg 474w\" sizes=\"(max-width: 300px) 100vw, 300px\" \/> del concurso de dibujo \u00a1Que Viva la Selva Lacandona!, quienes viajaron a Chiapas, a la Biosfera de Montes Azules por 6 d\u00edas, para conocer de primera mano la explosi\u00f3n de vida que existe en la selva.<br \/>\nCada a\u00f1o, el proyecto Que Viva la Selva Lacandona busca que los ni\u00f1os establezcan un v\u00ednculo con el medio ambiente, convirti\u00e9ndolos en embajadores de sus entornos entre familia <img decoding=\"async\" class=\"size-medium wp-image-427519 alignleft\" src=\"https:\/\/dimensionturistica.com\/es\/wp-content\/uploads\/2022\/11\/th-1-11-300x175.jpeg\" alt=\"\" width=\"300\" height=\"175\" srcset=\"https:\/\/dimensionturistica.com\/es\/wp-content\/uploads\/2022\/11\/th-1-11-300x175.jpeg 300w, https:\/\/dimensionturistica.com\/es\/wp-content\/uploads\/2022\/11\/th-1-11.jpeg 474w\" sizes=\"(max-width: 300px) 100vw, 300px\" \/>y comunidad, para que estos aprendan acerca de las especies de flora y fauna que existen en una de las reservas naturales emblem\u00e1ticas del pa\u00eds.<br \/>\nEn esta ocasi\u00f3n, Volaris a trav\u00e9s de su Programa Corporativo de Sustentabilidad y la Pol\u00edtica Integral de Protecci\u00f3n al Medio Ambiente, se suma a la causa para concientizar sobre la importancia de la protecci\u00f3n de estos ecosistemas, otorgando 25 boletos y 36 pases con tarifa preferencial para los ni\u00f1os ganadores de esta edici\u00f3n.<br \/>\nLa Selva Lacandona, es la selva tropical h\u00fameda con m\u00e1s biodiversa del pa\u00eds. Est\u00e1 clasificada entre las 25 zonas biol\u00f3gicas cr\u00edticas del planeta despu\u00e9s de 230 mil a\u00f1os de existencia. Es hogar del mayor n\u00famero de especies de murci\u00e9lagos del mundo, lo mismo que de fauna rara,<img decoding=\"async\" class=\"size-medium wp-image-427516 alignright\" src=\"https:\/\/dimensionturistica.com\/es\/wp-content\/uploads\/2022\/11\/th-12-300x200.jpeg\" alt=\"\" width=\"300\" height=\"200\" srcset=\"https:\/\/dimensionturistica.com\/es\/wp-content\/uploads\/2022\/11\/th-12-300x200.jpeg 300w, https:\/\/dimensionturistica.com\/es\/wp-content\/uploads\/2022\/11\/th-12.jpeg 474w\" sizes=\"(max-width: 300px) 100vw, 300px\" \/> end\u00e9mica, amenazada o en peligro de extinci\u00f3n como el tapir, la nutria de r\u00edo, el jaguar, la guacamaya roja, el mono ara\u00f1a, el mono aullador, el \u00e1guila arp\u00eda, el cocodrilo de r\u00edo y la tortuga blanca.<br \/>\nDurante los \u00faltimos a\u00f1os, Volaris ha contribuido a distintas causas en pro de la protecci\u00f3n del medio ambiente gracias a sus distintas iniciativas, como el Programa de Ahorro de Combustible, con el que, gracias al 52 por ciento su flota perteneciente a la familia Airbus NEO, reduce hasta en 15 por ciento las emisiones de CO2, as\u00ed como su programa #CielitoLimpio, con el que sus Clientes pueden compensar voluntariamente las emisiones de CO2 que su viaje genera, y los diversos programas con los que cuenta para el ahorro de papel y energ\u00eda el\u00e9ctrica en sus oficinas corporativas.<\/p>\n","protected":false},"excerpt":{"rendered":"<p>Volaris, la aerol\u00ednea mexicana de ultra bajo costo que opera en M\u00e9xico, Estados Unidos, Centroam\u00e9rica y Sudam\u00e9rica, en alianza con Fundaci\u00f3n Azteca, transport\u00f3 a 36 ni\u00f1os ganadores del concurso de dibujo \u00a1Que Viva la Selva Lacandona!, quienes viajaron a Chiapas, a la Biosfera de Montes Azules por 6 d\u00edas, para conocer de primera mano la [&hellip;]<\/p>\n","protected":false},"author":1,"featured_media":427517,"comment_status":"open","ping_status":"closed","sticky":false,"template":"","format":"standard","meta":{"om_disable_all_campaigns":false,"jnews-multi-image_gallery":[],"jnews_single_post":{"source_name":"","source_url":"","via_name":"","via_url":"","override_template":"0","override":[{"template":"1","single_blog_custom":"","parallax":"1","fullscreen":"1","layout":"right-sidebar","sidebar":"default-sidebar","second_sidebar":"default-sidebar","sticky_sidebar":"1","share_position":"top","share_float_style":"share-monocrhome","show_share_counter":"1","show_view_counter":"1","show_featured":"1","show_post_meta":"1","show_post_author":"1","show_post_author_image":"1","show_post_date":"1","post_date_format":"default","post_date_format_custom":"Y\/m\/d","show_post_category":"1","show_post_reading_time":"0","post_reading_time_wpm":"300","show_zoom_button":"0","zoom_button_out_step":"2","zoom_button_in_step":"3","show_post_tag":"1","show_prev_next_post":"1","show_popup_post":"1","number_popup_post":"1","show_author_box":"0","show_post_related":"0","show_inline_post_related":"0"}],"override_image_size":"0","image_override":[{"single_post_thumbnail_size":"crop-500","single_post_gallery_size":"crop-500"}],"trending_post":"0","trending_post_position":"meta","trending_post_label":"Trending","sponsored_post":"0","sponsored_post_label":"Sponsored by","sponsored_post_name":"","sponsored_post_url":"","sponsored_post_logo_enable":"0","sponsored_post_logo":"","sponsored_post_desc":"","disable_ad":"0"},"jnews_primary_category":{"id":"","hide":""},"jnews_social_meta":{"fb_title":"","fb_description":"","fb_image":"","twitter_title":"","twitter_description":"","twitter_image":""},"footnotes":""},"categories":[39],"tags":[],"class_list":["post-427358","post","type-post","status-publish","format-standard","has-post-thumbnail","hentry","category-viajes"],"_links":{"self":[{"href":"https:\/\/dimensionturistica.com\/es\/wp-json\/wp\/v2\/posts\/427358","targetHints":{"allow":["GET"]}}],"collection":[{"href":"https:\/\/dimensionturistica.com\/es\/wp-json\/wp\/v2\/posts"}],"about":[{"href":"https:\/\/dimensionturistica.com\/es\/wp-json\/wp\/v2\/types\/post"}],"author":[{"embeddable":true,"href":"https:\/\/dimensionturistica.com\/es\/wp-json\/wp\/v2\/users\/1"}],"replies":[{"embeddable":true,"href":"https:\/\/dimensionturistica.com\/es\/wp-json\/wp\/v2\/comments?post=427358"}],"version-history":[{"count":0,"href":"https:\/\/dimensionturistica.com\/es\/wp-json\/wp\/v2\/posts\/427358\/revisions"}],"wp:featuredmedia":[{"embeddable":true,"href":"https:\/\/dimensionturistica.com\/es\/wp-json\/wp\/v2\/media\/427517"}],"wp:attachment":[{"href":"https:\/\/dimensionturistica.com\/es\/wp-json\/wp\/v2\/media?parent=427358"}],"wp:term":[{"taxonomy":"category","embeddable":true,"href":"https:\/\/dimensionturistica.com\/es\/wp-json\/wp\/v2\/categories?post=427358"},{"taxonomy":"post_tag","embeddable":true,"href":"https:\/\/dimensionturistica.com\/es\/wp-json\/wp\/v2\/tags?post=427358"}],"curies":[{"name":"wp","href":"https:\/\/api.w.org\/{rel}","templated":true}]}}