{"id":427149,"date":"2022-11-17T09:06:09","date_gmt":"2022-11-17T09:06:09","guid":{"rendered":"https:\/\/dimensionturistica.com\/es\/?p=427149"},"modified":"2022-11-17T09:06:10","modified_gmt":"2022-11-17T09:06:10","slug":"intur-negocios-pone-en-contacto-a-70-touroperadores-y-agencias-de-viajes-de-13-paises-con-mas-de-300-empresas","status":"publish","type":"post","link":"https:\/\/dimensionturistica.com\/es\/intur-negocios-pone-en-contacto-a-70-touroperadores-y-agencias-de-viajes-de-13-paises-con-mas-de-300-empresas\/","title":{"rendered":"Intur Negocios pone en contacto a 70 touroperadores y agencias de viajes de 13 pa\u00edses con m\u00e1s de 300 empresas"},"content":{"rendered":"<p> <br \/>\n<\/p>\n<div id=\"\">\n<p>Un complete de 70 touroperadores y agencias de viajes procedentes de 13 pa\u00edses participan desde este jueves 17 de noviembre en Intur Negocios, la jornada para profesionales del turismo de inside que se celebra en Feria de Valladolid y cuenta con el patrocinio de la Consejer\u00eda de Cultura, Turismo y Deporte de la Junta de Castilla y Le\u00f3n.<\/p>\n<p>Los intereses de estos compradores abarcan, entre otros, viajes a medida, familiares, itinerarios culturales, el Camino de Santiago, astroturismo, experiencias en la naturaleza, enoturismo, plataformas de reservas, agencias on-line y turismo accesible, entre otros.<\/p>\n<p>Los contenidos de Intur Negocios se articulan en torno a tres espacios, un mercado de contrataci\u00f3n, un \u00e1rea de exposici\u00f3n y un foro de an\u00e1lisis. El n\u00famero de empresas inscritas supera las 300, con perfiles dispares, desde grandes grupos tur\u00edsticos hasta pymes que trabajan en \u00e1reas como alojamientos, espacios para eventos, transporte, servicios para la industria tur\u00edstica, turismo cultural, rural y enogastronom\u00eda.<\/p>\n<aside style=\"max-width:615px;min-width:300px;width:100%;height:462px\" class=\"ad all sunmedia1 bg-placeholder \"\/>\n<p>Su procedencia dibuja un mapa con toda las comunidades aut\u00f3nomas espa\u00f1olas y Portugal. Destaca especialmente la presencia de profesionales de Andaluc\u00eda, Galicia, Madrid y Castilla y Le\u00f3n.<\/p>\n<p>Intur Negocios incorpora un \u00e1rea de exposici\u00f3n en el que est\u00e1n representados 24 destinos y empresas de diferentes sectores tur\u00edsticos como transporte, alojamientos, seguros, soluciones tecnol\u00f3gicas, enoturismo y turismo de reuniones. Nombres como el nuevo operador ferroviario Iryo, Renfe Viajeros, la agencia chipriota Knossos Journey y la especializada en el Mekong Picture Journey, la cadena hotelera Domus Selecta, agencias como DIT Gesti\u00f3n y Avasa Group, Vi\u00f1a Costeira, Pipeline Software program; y destinos como Gran Canaria, Zamora, Gij\u00f3n, Valladolid, Medina del Campo y el Museo Casa Botines Gaud\u00ed dan forma a este espacio expositivo junto a Dielmo 3D, <a rel=\"nofollow noopener\" target=\"_blank\" href=\"http:\/\/Hotelmanager.es\">Hotelmanager.es<\/a>, Pleo Applied sciences, Profitroom, Encosta do Sobreiro, Tour Sal\u00f3n, Caser e Intermundial.<\/p>\n<aside style=\"max-width:300px;min-width:300px;width:100%;height:600px\" class=\"ad all right1 bg-placeholder \"\/>\n<p>El programa del jueves incluye incluye tambi\u00e9n un espacio para analizar, de la mano de expertos, diferentes segmentos del turismo de inside. Desde las as soon as de la ma\u00f1ana, en tramos de 30 minutos, se desarrollar\u00e1n presentaciones y charlas sobre mercados internacionales, comercializaci\u00f3n de experiencias de inside, tendencias de futuro en turismo de reuniones, sostenibilidad en eventos y alojamientos, qu\u00e9 demanda hoy el turista rural, eficiencia y ahorro energ\u00e9tico y criterios para elegir la mejor plataforma de reservas. El formato de esta iniciativa, denominada Intur Talks, prev\u00e9 exposiciones de 15 minutos y posterior coloquio con los asistentes.<\/p>\n<p><strong>Reconocimientos 25 ediciones<\/strong><\/p>\n<p>Con motivo de la celebraci\u00f3n del 25 aniversario, Intur distingue a personas e instituciones que han contribuido al desarrollo del turismo de inside en basic y de sus destinos en specific. La entrega de estos reconocimientos tendr\u00e1 lugar el jueves 17 de noviembre a las 18.30 horas en Feria de Valladolid.<\/p>\n<aside style=\"max-width:300px;min-width:300px;width:100%;height:600px\" class=\"ad all right2 bg-placeholder \"\/>\n<p>Los galardonados son Turismo de Portugal, por su firme apuesta por el turismo de inside en todas sus facetas; Museo Guggenheim de Bilbao, por su capacidad transformadora de un destino tur\u00edstico y cultural; Feria Fromago de Zamora, por desarrollar la mayor acci\u00f3n de impacto tur\u00edstico en Castilla y Le\u00f3n; y Fernando Gallardo, por dar visibilidad al turismo de inside en su conjunto.<\/p>\n<\/div>\n\n<p><em> &#8221; Fuentes news.google.com &#8221; <\/em><\/p>\n","protected":false},"excerpt":{"rendered":"<p>Un complete de 70 touroperadores y agencias de viajes procedentes de 13 pa\u00edses participan desde este jueves 17 de noviembre en Intur Negocios, la jornada para profesionales del turismo de inside que se celebra en Feria de Valladolid y cuenta con el patrocinio de la Consejer\u00eda de Cultura, Turismo y Deporte de la Junta de [&hellip;]<\/p>\n","protected":false},"author":4,"featured_media":419406,"comment_status":"open","ping_status":"closed","sticky":false,"template":"","format":"standard","meta":{"om_disable_all_campaigns":false,"jnews-multi-image_gallery":[],"jnews_single_post":[],"jnews_primary_category":[],"jnews_social_meta":[],"footnotes":""},"categories":[39],"tags":[2026,1935,544],"class_list":["post-427149","post","type-post","status-publish","format-standard","has-post-thumbnail","hentry","category-viajes","tag-castilla-y-leon","tag-negocios","tag-turismo"],"_links":{"self":[{"href":"https:\/\/dimensionturistica.com\/es\/wp-json\/wp\/v2\/posts\/427149","targetHints":{"allow":["GET"]}}],"collection":[{"href":"https:\/\/dimensionturistica.com\/es\/wp-json\/wp\/v2\/posts"}],"about":[{"href":"https:\/\/dimensionturistica.com\/es\/wp-json\/wp\/v2\/types\/post"}],"author":[{"embeddable":true,"href":"https:\/\/dimensionturistica.com\/es\/wp-json\/wp\/v2\/users\/4"}],"replies":[{"embeddable":true,"href":"https:\/\/dimensionturistica.com\/es\/wp-json\/wp\/v2\/comments?post=427149"}],"version-history":[{"count":0,"href":"https:\/\/dimensionturistica.com\/es\/wp-json\/wp\/v2\/posts\/427149\/revisions"}],"wp:featuredmedia":[{"embeddable":true,"href":"https:\/\/dimensionturistica.com\/es\/wp-json\/wp\/v2\/media\/419406"}],"wp:attachment":[{"href":"https:\/\/dimensionturistica.com\/es\/wp-json\/wp\/v2\/media?parent=427149"}],"wp:term":[{"taxonomy":"category","embeddable":true,"href":"https:\/\/dimensionturistica.com\/es\/wp-json\/wp\/v2\/categories?post=427149"},{"taxonomy":"post_tag","embeddable":true,"href":"https:\/\/dimensionturistica.com\/es\/wp-json\/wp\/v2\/tags?post=427149"}],"curies":[{"name":"wp","href":"https:\/\/api.w.org\/{rel}","templated":true}]}}