{"id":426725,"date":"2022-11-16T19:45:12","date_gmt":"2022-11-16T19:45:12","guid":{"rendered":"https:\/\/dimensionturistica.com\/es\/?p=426725"},"modified":"2022-11-16T19:45:12","modified_gmt":"2022-11-16T19:45:12","slug":"intur-negocios-conecta-70-touroperadores-y-agencias-de-viaje-de-13-paises-en-valladolid","status":"publish","type":"post","link":"https:\/\/dimensionturistica.com\/es\/intur-negocios-conecta-70-touroperadores-y-agencias-de-viaje-de-13-paises-en-valladolid\/","title":{"rendered":"Intur Negocios conecta 70 touroperadores y agencias de viaje de 13 pa\u00edses en Valladolid"},"content":{"rendered":"<p> <br \/>\n<\/p>\n<div id=\"article-body-content\" data-action=\"toggle\" data-status=\"on\">\n<section class=\"rel-news\" data-mrf-recirculation=\"noticias-relacionadas-noticia\">\n<h4>Noticias relacionadas<\/h4>\n<\/section>\n<p class=\"paragraph\" id=\"paragraph_1\">Intur Negocios conectar\u00e1 a 70 touroperadores (as soon as m\u00e1s que el a\u00f1o pasado) y agencias de viaje de 13 pa\u00edses pr\u00f3ximo el jueves 17 de noviembre en su 25 edici\u00f3n como la feria internacional de Turismo de Inside.<\/p>\n<p class=\"paragraph\" id=\"paragraph_2\">Se trata de una jornada para profesionales en la que se han inscrito ya m\u00e1s de 300 empresas con el objetivo de compartir intereses comunes como viajes a medida, familiares, itinerarios y programas culturales, as\u00ed como las ofertas asociadas al Camino de Santiago, un emergente astroturismo que permite pasar una estancia en lugares donde poder observar las estrellas, el enoturismo, agencias on-line o el turismo accesible para personas con discapacidad.<\/p>\n<p class=\"paragraph\" id=\"paragraph_3\">Dentro de las empresas que acudir\u00e1n a esta Feria Internacional de Turismo de Inside se encuentran desde grandes grupos\u00a0tur\u00edsticos hasta pymes que trabajan en \u00e1reas como alojamientos, lugares para eventos, servicios espec\u00edficos para la industria tur\u00edstica, el turismo cultural y rural o la enogastronom\u00eda.\u00a0<\/p>\n<h3 class=\"content__summary-title\">Reconocimientos tras 25 a\u00f1os impulsando este turismo<\/h3>\n<p class=\"paragraph\" id=\"paragraph_4\">Tras 25 ediciones, Intur es ya la feria m\u00e1s importante de Turismo de Inside de la pen\u00ednsula ib\u00e9rica. Un aniversario que reconocer\u00e1 en esta edici\u00f3n a\u00a0personas e instituciones que han contribuido al desarrollo del turismo de inside y cuya entrega de premios tendr\u00e1 lugar ma\u00f1ana jueves a las 18.30 horas en Feria de Valladolid.<\/p>\n<p class=\"paragraph\" id=\"paragraph_5\">Entre los premiados se encuentra\u00a0<strong>Feria Fromago de Zamora\u00a0<\/strong>por implantar la mayor acci\u00f3n de impacto tur\u00edstico de la Comunidad. Tambi\u00e9n ser\u00e1n reconocidos Turismo de Portugal por su fuerte apuesta por el turismo de inside en todos los aspectos, el Museo Guggenheim de Bilbao por su capacidad para transformar un destino tur\u00edstico y cultural, as\u00ed como el periodista Fernando Gallardo por su aportaci\u00f3n a la hora de dar visibilidad al turismo de inside en common.<\/p>\n<p class=\"paragraph\" id=\"paragraph_6\">Esta nueva edici\u00f3n de Intur Negocios suma este a\u00f1o un \u00e1rea de exposici\u00f3n en el que est\u00e1n representados 24 destinos y pymes de distinos sectores tur\u00edsticos, as\u00ed como un espacio en el que expertos en esta industria analizar\u00e1n los distintos segmentos del sector y c\u00f3mo abordar los retos a los que se enfrenta en el futuro.<\/p>\n<h3 class=\"follow-topics-title\"><span class=\"follow-topics-title__icon\"\/>Sigue los temas que te interesan<\/h3>\n<\/p><\/div>\n\n<p><em> &#8221; Fuentes news.google.com &#8221; <\/em><\/p>\n","protected":false},"excerpt":{"rendered":"<p>Noticias relacionadas Intur Negocios conectar\u00e1 a 70 touroperadores (as soon as m\u00e1s que el a\u00f1o pasado) y agencias de viaje de 13 pa\u00edses pr\u00f3ximo el jueves 17 de noviembre en su 25 edici\u00f3n como la feria internacional de Turismo de Inside. Se trata de una jornada para profesionales en la que se han inscrito ya [&hellip;]<\/p>\n","protected":false},"author":4,"featured_media":426726,"comment_status":"open","ping_status":"closed","sticky":false,"template":"","format":"standard","meta":{"om_disable_all_campaigns":false,"jnews-multi-image_gallery":[],"jnews_single_post":[],"jnews_primary_category":[],"jnews_social_meta":[],"footnotes":""},"categories":[40],"tags":[2026,544],"class_list":["post-426725","post","type-post","status-publish","format-standard","has-post-thumbnail","hentry","category-industria","tag-castilla-y-leon","tag-turismo"],"_links":{"self":[{"href":"https:\/\/dimensionturistica.com\/es\/wp-json\/wp\/v2\/posts\/426725","targetHints":{"allow":["GET"]}}],"collection":[{"href":"https:\/\/dimensionturistica.com\/es\/wp-json\/wp\/v2\/posts"}],"about":[{"href":"https:\/\/dimensionturistica.com\/es\/wp-json\/wp\/v2\/types\/post"}],"author":[{"embeddable":true,"href":"https:\/\/dimensionturistica.com\/es\/wp-json\/wp\/v2\/users\/4"}],"replies":[{"embeddable":true,"href":"https:\/\/dimensionturistica.com\/es\/wp-json\/wp\/v2\/comments?post=426725"}],"version-history":[{"count":0,"href":"https:\/\/dimensionturistica.com\/es\/wp-json\/wp\/v2\/posts\/426725\/revisions"}],"wp:featuredmedia":[{"embeddable":true,"href":"https:\/\/dimensionturistica.com\/es\/wp-json\/wp\/v2\/media\/426726"}],"wp:attachment":[{"href":"https:\/\/dimensionturistica.com\/es\/wp-json\/wp\/v2\/media?parent=426725"}],"wp:term":[{"taxonomy":"category","embeddable":true,"href":"https:\/\/dimensionturistica.com\/es\/wp-json\/wp\/v2\/categories?post=426725"},{"taxonomy":"post_tag","embeddable":true,"href":"https:\/\/dimensionturistica.com\/es\/wp-json\/wp\/v2\/tags?post=426725"}],"curies":[{"name":"wp","href":"https:\/\/api.w.org\/{rel}","templated":true}]}}