{"id":426460,"date":"2022-11-16T20:59:47","date_gmt":"2022-11-16T20:59:47","guid":{"rendered":"https:\/\/dimensionturistica.com\/es\/?p=426460"},"modified":"2022-11-16T20:59:47","modified_gmt":"2022-11-16T20:59:47","slug":"agentes-de-viajes-del-canada-eeuu-y-de-latinoamerica-premiados-generadores-de-turismo-para-el-caribe-mexicano","status":"publish","type":"post","link":"https:\/\/dimensionturistica.com\/es\/agentes-de-viajes-del-canada-eeuu-y-de-latinoamerica-premiados-generadores-de-turismo-para-el-caribe-mexicano\/","title":{"rendered":"Agentes de Viajes del Canad\u00e1,  EE:UU y de Latinoam\u00e9rica  premiados generadores de  turismo para el Caribe Mexicano"},"content":{"rendered":"<p>M\u00e1s de 150 agentes de viajes de Estados Unidos, Canad\u00e1, M\u00e9xico y Latinoam\u00e9rica asistieron a la 15ta. Edici\u00f3n del Gourmet Inclusive Vacation Consultant (GIVC), organizado en conjunto por Grupo Lomas y Karisma Hotels Resorts para premiar la lealtad de las compa\u00f1\u00edas que generaron m\u00e1s negocio y turismo hacia <img decoding=\"async\" class=\" wp-image-426782 alignright\" src=\"https:\/\/dimensionturistica.com\/es\/wp-content\/uploads\/2022\/11\/XV5-300x225.jpg\" alt=\"\" width=\"235\" height=\"176\" srcset=\"https:\/\/dimensionturistica.com\/es\/wp-content\/uploads\/2022\/11\/XV5-300x225.jpg 300w, https:\/\/dimensionturistica.com\/es\/wp-content\/uploads\/2022\/11\/XV5.jpg 600w\" sizes=\"(max-width: 235px) 100vw, 235px\" \/>sus propiedades en el Caribe Mexicano.<br \/>\nEn el encuentro tur\u00edstico que tuvo una duraci\u00f3n de cuatro d\u00edas, los agentes de viajes participaron en conferencias, talleres en las \u00e1reas de mercadotecnia, ventas y tecnolog\u00eda as\u00ed como realizaron visitas a las cadenas hoteleras que actualmente opera Karisma en la regi\u00f3n, como son Nickelodeon Hotels Resorts <img decoding=\"async\" class=\" wp-image-426779 alignleft\" src=\"https:\/\/dimensionturistica.com\/es\/wp-content\/uploads\/2022\/11\/XV2-300x163.jpg\" alt=\"\" width=\"260\" height=\"141\" srcset=\"https:\/\/dimensionturistica.com\/es\/wp-content\/uploads\/2022\/11\/XV2-300x163.jpg 300w, https:\/\/dimensionturistica.com\/es\/wp-content\/uploads\/2022\/11\/XV2.jpg 600w\" sizes=\"(max-width: 260px) 100vw, 260px\" \/>Riviera Maya, Margaritaville, Azul Beach Resorts y El Dorado Spa Resorts.<br \/>\nLos directivos de viajes, que fueron recibidos con una espectacular cena de bienvenida con motivo del D\u00eda de Muertos, tuvieron adem\u00e1s la<img decoding=\"async\" class=\" wp-image-426780 alignright\" src=\"https:\/\/dimensionturistica.com\/es\/wp-content\/uploads\/2022\/11\/XV3-300x225.jpg\" alt=\"\" width=\"219\" height=\"164\" srcset=\"https:\/\/dimensionturistica.com\/es\/wp-content\/uploads\/2022\/11\/XV3-300x225.jpg 300w, https:\/\/dimensionturistica.com\/es\/wp-content\/uploads\/2022\/11\/XV3.jpg 600w\" sizes=\"(max-width: 219px) 100vw, 219px\" \/> oportunidad de conocer el proyecto en construcci\u00f3n Margaritaville Island Reserve Riviera Maya, que contempla su apertura a principios del 2023.<br \/>\nEl magno evento concluy\u00f3 con una cena de gala en el <img decoding=\"async\" class=\" wp-image-426784 alignleft\" src=\"https:\/\/dimensionturistica.com\/es\/wp-content\/uploads\/2022\/11\/XV8-300x188.jpg\" alt=\"\" width=\"247\" height=\"155\" srcset=\"https:\/\/dimensionturistica.com\/es\/wp-content\/uploads\/2022\/11\/XV8-300x188.jpg 300w, https:\/\/dimensionturistica.com\/es\/wp-content\/uploads\/2022\/11\/XV8.jpg 600w\" sizes=\"(max-width: 247px) 100vw, 247px\" \/>Dorado Royale en d\u00f3nde Grupo Lomas y Karisma Hotels &amp;amp; Resorts entregaron los premios GIVC Awards 2022 a las agencias de cada regi\u00f3n que se destacaron por su lealtad y productividad para cada una de sus marcas y segmentos tur\u00edsticos, en alrededor de 30 categor\u00edas.<img decoding=\"async\" class=\" wp-image-426785 alignright\" src=\"https:\/\/dimensionturistica.com\/es\/wp-content\/uploads\/2022\/11\/XV9-300x202.jpg\" alt=\"\" width=\"212\" height=\"143\" srcset=\"https:\/\/dimensionturistica.com\/es\/wp-content\/uploads\/2022\/11\/XV9-300x202.jpg 300w, https:\/\/dimensionturistica.com\/es\/wp-content\/uploads\/2022\/11\/XV9.jpg 600w\" sizes=\"(max-width: 212px) 100vw, 212px\" \/><br \/>\nEste a\u00f1o fueron otorgados por primera ocasi\u00f3n los Premios Palmeras que para aquellas agencias de viajes que demostraron su tenacidad y perseverancia a pesar de la adversidad.<br \/>\n<img decoding=\"async\" class=\" wp-image-426783 alignleft\" src=\"https:\/\/dimensionturistica.com\/es\/wp-content\/uploads\/2022\/11\/XV6-300x194.jpg\" alt=\"\" width=\"235\" height=\"152\" srcset=\"https:\/\/dimensionturistica.com\/es\/wp-content\/uploads\/2022\/11\/XV6-300x194.jpg 300w, https:\/\/dimensionturistica.com\/es\/wp-content\/uploads\/2022\/11\/XV6.jpg 600w\" sizes=\"(max-width: 235px) 100vw, 235px\" \/>\u201cDurante toda esta pandemia y durante todo el tiempo que ha durado una de las tanta crisis que hemos tenido en M\u00e9xico y Latinoam\u00e9rica, Samantha y yo platicamos que ten\u00edamos que demostrar que \u00e9ramos como las palmeras. Que cuando llega un hurac\u00e1n y todo lo que se junt\u00f3 en ese tiempo, tuvimos que mantener las ra\u00edces profundas.<br \/>\nEl viento nos golpeaba, nos doblaba, trataba de tirarnos, pero nos mantuvimos\u201d, palabras de<img decoding=\"async\" class=\" wp-image-426767 alignright\" src=\"https:\/\/dimensionturistica.com\/es\/wp-content\/uploads\/2022\/11\/CURSO-300x171.jpg\" alt=\"\" width=\"267\" height=\"152\" srcset=\"https:\/\/dimensionturistica.com\/es\/wp-content\/uploads\/2022\/11\/CURSO-300x171.jpg 300w, https:\/\/dimensionturistica.com\/es\/wp-content\/uploads\/2022\/11\/CURSO-1024x585.jpg 1024w, https:\/\/dimensionturistica.com\/es\/wp-content\/uploads\/2022\/11\/CURSO-768x439.jpg 768w, https:\/\/dimensionturistica.com\/es\/wp-content\/uploads\/2022\/11\/CURSO-1536x877.jpg 1536w, https:\/\/dimensionturistica.com\/es\/wp-content\/uploads\/2022\/11\/CURSO-2048x1170.jpg 2048w, https:\/\/dimensionturistica.com\/es\/wp-content\/uploads\/2022\/11\/CURSO-750x428.jpg 750w, https:\/\/dimensionturistica.com\/es\/wp-content\/uploads\/2022\/11\/CURSO-1140x651.jpg 1140w\" sizes=\"(max-width: 267px) 100vw, 267px\" \/> Do\u00f1a Dolores L\u00f3pez Lira, Presidente del Consejo de Administraci\u00f3n de Grupo Lomas.<br \/>\nY en ese sentido, a\u00f1adi\u00f3 que \u201cel s\u00edmbolo de la palmera es que todo se puede cuando uno tiene ra\u00edces bien profundas y uno es fuerte, sabe lo que quiere y lucha por eso\u201d.<br \/>\nFinalmente, Frank Maduro, Presidente de Premier Worldwide Marketing (PWM), la compa\u00f1\u00eda de ventas y mercadotecnia para Karisma Hotels Resorts, agradeci\u00f3 la preferencia de los agentes de viajes por ofertar sus marcas hoteleras que se han posicionado como un referente tur\u00edstico en el Caribe y resalt\u00f3 que gracias a esa labor conjunta han logrado sobrepasar sus expectativas de crecimiento en el \u00faltimo a\u00f1o.<\/p>\n","protected":false},"excerpt":{"rendered":"<p>M\u00e1s de 150 agentes de viajes de Estados Unidos, Canad\u00e1, M\u00e9xico y Latinoam\u00e9rica asistieron a la 15ta. Edici\u00f3n del Gourmet Inclusive Vacation Consultant (GIVC), organizado en conjunto por Grupo Lomas y Karisma Hotels Resorts para premiar la lealtad de las compa\u00f1\u00edas que generaron m\u00e1s negocio y turismo hacia sus propiedades en el Caribe Mexicano. En [&hellip;]<\/p>\n","protected":false},"author":1,"featured_media":426768,"comment_status":"open","ping_status":"closed","sticky":false,"template":"","format":"standard","meta":{"om_disable_all_campaigns":false,"jnews-multi-image_gallery":[],"jnews_single_post":{"source_name":"","source_url":"","via_name":"","via_url":"","override_template":"0","override":[{"template":"1","single_blog_custom":"","parallax":"1","fullscreen":"1","layout":"right-sidebar","sidebar":"default-sidebar","second_sidebar":"default-sidebar","sticky_sidebar":"1","share_position":"top","share_float_style":"share-monocrhome","show_share_counter":"1","show_view_counter":"1","show_featured":"1","show_post_meta":"1","show_post_author":"1","show_post_author_image":"1","show_post_date":"1","post_date_format":"default","post_date_format_custom":"Y\/m\/d","show_post_category":"1","show_post_reading_time":"0","post_reading_time_wpm":"300","show_zoom_button":"0","zoom_button_out_step":"2","zoom_button_in_step":"3","show_post_tag":"1","show_prev_next_post":"1","show_popup_post":"1","number_popup_post":"1","show_author_box":"0","show_post_related":"0","show_inline_post_related":"0"}],"override_image_size":"0","image_override":[{"single_post_thumbnail_size":"crop-500","single_post_gallery_size":"crop-500"}],"trending_post":"0","trending_post_position":"meta","trending_post_label":"Trending","sponsored_post":"0","sponsored_post_label":"Sponsored by","sponsored_post_name":"","sponsored_post_url":"","sponsored_post_logo_enable":"0","sponsored_post_logo":"","sponsored_post_desc":"","disable_ad":"0"},"jnews_primary_category":{"id":"","hide":""},"jnews_social_meta":{"fb_title":"","fb_description":"","fb_image":"","twitter_title":"","twitter_description":"","twitter_image":""},"footnotes":""},"categories":[39],"tags":[],"class_list":["post-426460","post","type-post","status-publish","format-standard","has-post-thumbnail","hentry","category-viajes"],"_links":{"self":[{"href":"https:\/\/dimensionturistica.com\/es\/wp-json\/wp\/v2\/posts\/426460","targetHints":{"allow":["GET"]}}],"collection":[{"href":"https:\/\/dimensionturistica.com\/es\/wp-json\/wp\/v2\/posts"}],"about":[{"href":"https:\/\/dimensionturistica.com\/es\/wp-json\/wp\/v2\/types\/post"}],"author":[{"embeddable":true,"href":"https:\/\/dimensionturistica.com\/es\/wp-json\/wp\/v2\/users\/1"}],"replies":[{"embeddable":true,"href":"https:\/\/dimensionturistica.com\/es\/wp-json\/wp\/v2\/comments?post=426460"}],"version-history":[{"count":0,"href":"https:\/\/dimensionturistica.com\/es\/wp-json\/wp\/v2\/posts\/426460\/revisions"}],"wp:featuredmedia":[{"embeddable":true,"href":"https:\/\/dimensionturistica.com\/es\/wp-json\/wp\/v2\/media\/426768"}],"wp:attachment":[{"href":"https:\/\/dimensionturistica.com\/es\/wp-json\/wp\/v2\/media?parent=426460"}],"wp:term":[{"taxonomy":"category","embeddable":true,"href":"https:\/\/dimensionturistica.com\/es\/wp-json\/wp\/v2\/categories?post=426460"},{"taxonomy":"post_tag","embeddable":true,"href":"https:\/\/dimensionturistica.com\/es\/wp-json\/wp\/v2\/tags?post=426460"}],"curies":[{"name":"wp","href":"https:\/\/api.w.org\/{rel}","templated":true}]}}