{"id":426113,"date":"2022-11-15T23:58:36","date_gmt":"2022-11-15T23:58:36","guid":{"rendered":"https:\/\/dimensionturistica.com\/es\/?p=426113"},"modified":"2022-11-15T23:58:36","modified_gmt":"2022-11-15T23:58:36","slug":"cuantos-kilometros-son-del-puerto-de-lazaro-a-morelia","status":"publish","type":"post","link":"https:\/\/dimensionturistica.com\/es\/cuantos-kilometros-son-del-puerto-de-lazaro-a-morelia\/","title":{"rendered":"\u00bfCu\u00e1ntos kil\u00f3metros son del puerto de L\u00e1zaro a Morelia?"},"content":{"rendered":"<p> <br \/>\n<\/p>\n<div>\n<p><strong>Viajar de la ciudad de Morelia al puerto de L\u00e1zaro C\u00e1rdenas es relativamente f\u00e1cil<\/strong>, solo hay que estar bien alertas de los se\u00f1alamientos o activar tu aplicaci\u00f3n favorita para conocer la ruta exacta, aqu\u00ed te dejamos una de las mejores rutas que puedes seguir.<\/p>\n<p><strong>La distancia que existe entre la ciudad de Morelia y el Puerto de L\u00e1zaro C\u00e1rdenas es de\u00a0314\u00a0kil\u00f3metros por carretera<\/strong>, la duraci\u00f3n del viaje en autom\u00f3vil specific es de aproximadamente cuatro horas.<\/p>\n<p>Durante el trayecto hacia las playas de L\u00e1zaro de C\u00e1rdenas te encontrar\u00e1s con casetas, as\u00ed que es necesario que tambi\u00e9n contemples ese gasto, <strong>son aproximadamente 119 kil\u00f3metros los que se recorren por autopista.<\/strong><\/p>\n<p>Los expertos en viajes se\u00f1alan que <strong>un veh\u00edculo gasta aproximadamente en un viaje de ida\u00a025 litros de gasolina.<\/strong><\/p>\n<p>Algunos de los pueblos que pasaras y que podr\u00edas tener en cuenta para conocer o como parada de descanso son:\u00a0P\u00e1tzcuaro, Ziracuaretiro, Nueva Italia de Ru\u00edz, Tac\u00edcuaro, Capula, El Correo e Iratzio.<\/p>\n<p><strong>Hay 6 cabinas de peaje entre Morelia y L\u00e1zaro C\u00e1rdenas<\/strong>:\u00a0Feliciano,\u00a0Las Ca\u00f1as,\u00a0Santa Casilda,\u00a0Taretan,\u00a0Zurumucapio\u00a0y\u00a0Zirahuen.<\/p>\n<h2>Ruta Morelia &#8211; L\u00e1zaro C\u00e1rdenas<\/h2>\n<ul>\n<li>Toma Av. Francisco I. Madero Pte\/Guadalajara-Morelia\/M\u00e9xico 15 S gira a la izquierda y se convierte en Calzada\u00a0La Huerta\/<strong>Morelia &#8211; Uruapan<\/strong>\/M\u00e9xico 14<\/li>\n<li>Gira levemente a la izquierda con direcci\u00f3n a M\u00e9xico 14D (indicaciones para Sta. Clara del Cobre)<\/li>\n<li>Incorp\u00f3rate a <strong>P\u00e1tzcuaro &#8211; Cuitzeo<\/strong>\/M\u00e9xico 14D<\/li>\n<li>Mantente a la izquierda para continuar por M\u00e9xico 14D.<\/li>\n<li><strong>Contin\u00faa por M\u00e9xico 14D<\/strong><\/li>\n<li><strong>Toma la salida M\u00e9xico 37D hacia L C\u00e1rdenas\/Zihuatanejo<\/strong><\/li>\n<li>Contin\u00faa por<strong> Uruapan- L\u00e1zaro C\u00e1rdenas<\/strong>\/M\u00e9xico 37D<\/li>\n<li><strong>Mantente a la derecha para continuar por Uruapan- L\u00e1zaro C\u00e1rdenas\/Zihuatanejo-Manzanillo\/M\u00e9xico 37D.<\/strong><\/li>\n<li>Gira a la izquierda con direcci\u00f3n a Av. L\u00e1zaro C\u00e1rdenas\/M\u00e9xico 200<\/li>\n<\/ul>\n<p>Te recomendamos leer:<\/p>\n<div class=\"ck-video-player\"> <amp-iframe width=\"640\" height=\"360\" sandbox=\"allow-scripts allow-same-origin allow-presentation\" allowfullscreen=\"\" frameborder=\"0\" layout=\"responsive\" src=\"https:\/\/iframe.debate.com.mx\/ajax\/get_share_video.html?id=\/videos\/video-flash\/2022\/11\/15\/adan_y_bedolla.mp4\" class=\"i-amphtml-layout-responsive i-amphtml-layout-size-defined\" i-amphtml-layout=\"responsive\"><i-amphtml-sizer style=\"display:block;padding-top:56.25%\"\/> <amp-img src=\"https:\/\/news.google.com\/img\/2022\/11\/15\/bedolla_manejando.jpg\" layout=\"fill\" placeholder=\"\" class=\"i-amphtml-layout-fill i-amphtml-layout-size-defined\" i-amphtml-layout=\"fill\"\/> <\/amp-iframe><figcaption> Gobernador de Michoac\u00e1n organiza gira a Ad\u00e1n Augusto despu\u00e9s de destaparlo como candidato <\/figcaption><\/div>\n<\/div>\n<div>\n<p class=\"authorbox__description\">Me conocen como Eliza Flores, soy egresada de la licenciatura en Derecho y Ciencias Sociales, de la Universidad Michoacana de San Nicol\u00e1s de Hidalgo. Desde peque\u00f1a tuve la curiosidad de trabajar para revistas de divulgaci\u00f3n cient\u00edfica. He trabajado como fotoperiodista y co conductora en la radio native. Desde el 5 de abril del 2022 ingres\u00e9 a laborar para El Debate, desempe\u00f1ando el puesto de Reportera Internet, cubriendo el estado de Michoac\u00e1n. Estoy lista para escuchar todo tipo de historias, me puedes contactar en mi correo electr\u00f3nico elizabeth.flores@debate.com.mx<\/p>\n<p>  <a rel=\"nofollow noopener\" target=\"_blank\" href=\"https:\/\/www.debate.com.mx\/staff\/elizabeth.flores\" title=\"Eliza Flores\" class=\"authorbox__link\">Ver m\u00e1s<\/a> <\/div>\n\n<p><em> &#8221; Fuentes news.google.com &#8221; <\/em><\/p>\n","protected":false},"excerpt":{"rendered":"<p>Viajar de la ciudad de Morelia al puerto de L\u00e1zaro C\u00e1rdenas es relativamente f\u00e1cil, solo hay que estar bien alertas de los se\u00f1alamientos o activar tu aplicaci\u00f3n favorita para conocer la ruta exacta, aqu\u00ed te dejamos una de las mejores rutas que puedes seguir. La distancia que existe entre la ciudad de Morelia y el [&hellip;]<\/p>\n","protected":false},"author":4,"featured_media":426114,"comment_status":"open","ping_status":"closed","sticky":false,"template":"","format":"standard","meta":{"om_disable_all_campaigns":false,"jnews-multi-image_gallery":[],"jnews_single_post":[],"jnews_primary_category":[],"jnews_social_meta":[],"footnotes":""},"categories":[39],"tags":[16313,6037,10982],"class_list":["post-426113","post","type-post","status-publish","format-standard","has-post-thumbnail","hentry","category-viajes","tag-lazaro-cardenas","tag-michoacan","tag-morelia"],"_links":{"self":[{"href":"https:\/\/dimensionturistica.com\/es\/wp-json\/wp\/v2\/posts\/426113","targetHints":{"allow":["GET"]}}],"collection":[{"href":"https:\/\/dimensionturistica.com\/es\/wp-json\/wp\/v2\/posts"}],"about":[{"href":"https:\/\/dimensionturistica.com\/es\/wp-json\/wp\/v2\/types\/post"}],"author":[{"embeddable":true,"href":"https:\/\/dimensionturistica.com\/es\/wp-json\/wp\/v2\/users\/4"}],"replies":[{"embeddable":true,"href":"https:\/\/dimensionturistica.com\/es\/wp-json\/wp\/v2\/comments?post=426113"}],"version-history":[{"count":0,"href":"https:\/\/dimensionturistica.com\/es\/wp-json\/wp\/v2\/posts\/426113\/revisions"}],"wp:featuredmedia":[{"embeddable":true,"href":"https:\/\/dimensionturistica.com\/es\/wp-json\/wp\/v2\/media\/426114"}],"wp:attachment":[{"href":"https:\/\/dimensionturistica.com\/es\/wp-json\/wp\/v2\/media?parent=426113"}],"wp:term":[{"taxonomy":"category","embeddable":true,"href":"https:\/\/dimensionturistica.com\/es\/wp-json\/wp\/v2\/categories?post=426113"},{"taxonomy":"post_tag","embeddable":true,"href":"https:\/\/dimensionturistica.com\/es\/wp-json\/wp\/v2\/tags?post=426113"}],"curies":[{"name":"wp","href":"https:\/\/api.w.org\/{rel}","templated":true}]}}