{"id":425779,"date":"2022-11-15T16:51:05","date_gmt":"2022-11-15T16:51:05","guid":{"rendered":"https:\/\/dimensionturistica.com\/es\/?p=425779"},"modified":"2022-11-15T16:51:06","modified_gmt":"2022-11-15T16:51:06","slug":"la-pista-de-esqui-mas-alta-de-europa","status":"publish","type":"post","link":"https:\/\/dimensionturistica.com\/es\/la-pista-de-esqui-mas-alta-de-europa\/","title":{"rendered":"La pista de esqu\u00ed m\u00e1s alta de Europa"},"content":{"rendered":"<p> <br \/>\n<\/p>\n<div>\n<div id=\"involveds\" class=\"involveds wrap\">\n<div class=\"involved-authors only-author\">\n<div class=\"first-author\">\n<figure class=\"thumb col-xs-3\">&#13;<img loading=\"lazy\" decoding=\"async\" src=\"https:\/\/news.google.com\/medio\/2021\/12\/15\/xell_b48658f1_600x600.png\" alt=\"Xell\" class=\"lazyload\" width=\"600\" height=\"600\" data-aspectratio=\"600\/600\"\/><noscript><img decoding=\"async\" src=\"https:\/\/news.google.com\/medio\/2021\/12\/15\/xell_b48658f1_600x600.png\" alt=\"Xell\"\/><\/noscript>&#13;<\/figure>\n<\/div>\n<\/div>\n<\/div>\n<p class=\"date\"> <time itemprop=\"dateModified\" datetime=\"2022-11-16T07:00:00+01:00\" data-timestamp=\"1668582000\">&#13;16 de noviembre de 2022 \u00b7 07:00<\/time>&#13;<\/p>\n<\/div>\n<div id=\"article-text\">\n<div class=\"txt\">\n<aside class=\"subscription-highlighted\">\n<div class=\"subscription-container\">\n<div class=\"non-subscribed\">\n<p class=\"description\">Somos de rutas, no de rutinas. Descubre Viajes Nationwide Geographic<\/p>\n<p><a rel=\"nofollow noopener\" target=\"_blank\" href=\"https:\/\/tienda.rba.es\/revistas\/viajes-national-geographic?rba_source=viajes.nationalgeographic.com.es&amp;rba_medium=referral&amp;rba_campaign=NGMV&amp;rba_content=frase-articulo\" class=\"more-link\">SABER M\u00c1S<\/a><\/div>\n<\/div>\n<\/aside>\n<p style=\"display: none;\"><img decoding=\"async\" id=\"ctl01_ctl00_phMain_phMain_ctl00_ctl02_ctl17_ctl01_imgContent\" src=\"https:\/\/news.google.com\/medio\/2022\/11\/15\/klein-matterhorn_dd38868b_800x800.jpg\" alt=\"Klein Matterhorn\" style=\"border-width:0px;\"\/><\/p>\n<aside class=\"add300x250 publi-interior-top ad-container-r1 ad-inline\"\/>\n<p>Desde el \u00e1rea de esqu\u00ed Klein Matterhorn, <a rel=\"nofollow noopener\" target=\"_blank\" href=\"https:\/\/viajes.nationalgeographic.com.es\/a\/magnetismo-cervino_16302\">el Cervino<\/a> se ve desde una perspectiva privilegiada, sobre todo la cara sur de esta monta\u00f1a fronteriza entre Suiza e Italia. Quienes se atreven a subir por el telef\u00e9rico m\u00e1s alto de Europa (3.883 metros), tambi\u00e9n obtienen una de las panor\u00e1micas m\u00e1s espectaculares de los Alpes: el Mont Blanc, el Grand Paradiso, el Matterhorn y el grupo de los Mischabel.<\/p>\n<p>Los trabajos de construcci\u00f3n del telef\u00e9rico y de las instalaciones del \u00e1rea de esqu\u00ed empezaron en agosto de 1976 y tres a\u00f1os m\u00e1s tarde, el 23 de diciembre de 1979, se inauguraron las cabinas. Con los a\u00f1os, en la cumbre del Matterhorn glacier paradise se construy\u00f3 un restaurante que funciona como refugio en casos de emergencia. Aparte de disfrutar de sus instalaciones y de poder descender la pista m\u00e1s alta de Europa, el telef\u00e9rico del Klein Matterhorn se utiliza como punto de partida para ascender al Breithorn (4.164m) y para realizar diversas traves\u00edas.<\/p>\n<aside class=\"add300x600 publi-interior-bot ad-inline ad-container-r2\"\/><\/div>\n<p><!-- START:toolbar --><!-- END:toolbar --><\/div>\n\n<p><em> &#8221; Fuentes news.google.com &#8221; <\/em><\/p>\n","protected":false},"excerpt":{"rendered":"<p>&#13;&#13; &#13;16 de noviembre de 2022 \u00b7 07:00&#13; Somos de rutas, no de rutinas. Descubre Viajes Nationwide Geographic SABER M\u00c1S Desde el \u00e1rea de esqu\u00ed Klein Matterhorn, el Cervino se ve desde una perspectiva privilegiada, sobre todo la cara sur de esta monta\u00f1a fronteriza entre Suiza e Italia. Quienes se atreven a subir por el [&hellip;]<\/p>\n","protected":false},"author":4,"featured_media":425780,"comment_status":"open","ping_status":"closed","sticky":false,"template":"","format":"standard","meta":{"om_disable_all_campaigns":false,"jnews-multi-image_gallery":[],"jnews_single_post":[],"jnews_primary_category":[],"jnews_social_meta":[],"footnotes":""},"categories":[39],"tags":[47258,47257],"class_list":["post-425779","post","type-post","status-publish","format-standard","has-post-thumbnail","hentry","category-viajes","tag-cargado-desde-el-fichero-de-recursos","tag-keywords-por-defecto"],"_links":{"self":[{"href":"https:\/\/dimensionturistica.com\/es\/wp-json\/wp\/v2\/posts\/425779","targetHints":{"allow":["GET"]}}],"collection":[{"href":"https:\/\/dimensionturistica.com\/es\/wp-json\/wp\/v2\/posts"}],"about":[{"href":"https:\/\/dimensionturistica.com\/es\/wp-json\/wp\/v2\/types\/post"}],"author":[{"embeddable":true,"href":"https:\/\/dimensionturistica.com\/es\/wp-json\/wp\/v2\/users\/4"}],"replies":[{"embeddable":true,"href":"https:\/\/dimensionturistica.com\/es\/wp-json\/wp\/v2\/comments?post=425779"}],"version-history":[{"count":0,"href":"https:\/\/dimensionturistica.com\/es\/wp-json\/wp\/v2\/posts\/425779\/revisions"}],"wp:featuredmedia":[{"embeddable":true,"href":"https:\/\/dimensionturistica.com\/es\/wp-json\/wp\/v2\/media\/425780"}],"wp:attachment":[{"href":"https:\/\/dimensionturistica.com\/es\/wp-json\/wp\/v2\/media?parent=425779"}],"wp:term":[{"taxonomy":"category","embeddable":true,"href":"https:\/\/dimensionturistica.com\/es\/wp-json\/wp\/v2\/categories?post=425779"},{"taxonomy":"post_tag","embeddable":true,"href":"https:\/\/dimensionturistica.com\/es\/wp-json\/wp\/v2\/tags?post=425779"}],"curies":[{"name":"wp","href":"https:\/\/api.w.org\/{rel}","templated":true}]}}