{"id":425643,"date":"2022-11-15T13:26:22","date_gmt":"2022-11-15T13:26:22","guid":{"rendered":"https:\/\/dimensionturistica.com\/es\/?p=425643"},"modified":"2022-11-15T13:26:22","modified_gmt":"2022-11-15T13:26:22","slug":"azul-marino-viajes-nuevo-patrocinador-del-equipo-paralimpico-espanol-hasta-paris-2024-lider-en-informacion-social","status":"publish","type":"post","link":"https:\/\/dimensionturistica.com\/es\/azul-marino-viajes-nuevo-patrocinador-del-equipo-paralimpico-espanol-hasta-paris-2024-lider-en-informacion-social\/","title":{"rendered":"Azul Marino Viajes, nuevo patrocinador del equipo paral\u00edmpico espa\u00f1ol hasta Par\u00eds 2024 | L\u00edder en Informaci\u00f3n Social"},"content":{"rendered":"<p> <br \/>\n<\/p>\n<div id=\"block-servimedia-content\">\n<div class=\"srvm-news-detail\">\n<p>\n    <span>Noticias<\/span><br \/>\n          <span class=\"srvm_nw_scc\">Sociedad<\/span><br \/>\n          <span class=\"srvm_nw_scc\">Discapacidad<\/span>\n      <\/p>\n<div class=\"srvm-nw__stl\">\n<p>&#8211; Con \u00dabico Sports activities como gestor de los viajes<\/p>\n<\/p><\/div>\n<div class=\"srvm-nw__img\">\n      <img decoding=\"async\" src=\"https:\/\/www.servimedia.es\/sites\/default\/files\/noticias\/A\/A1-3490156-1.jpg\" alt=\"\"\/><\/p><\/div>\n<p>\n          <time class=\"srvm-nw__dt\" datetime=\"2022-11-15CET14:11\"><br \/>\n        <span class=\"srvm-nw__dtd\">15 Nov 2022<\/span><br \/>\n        <span class=\"srvm-nw__dtt\">14:17H<\/span><br \/>\n      <\/time><br \/>\n                      <span class=\"srvm-nw__pr\">MADRID<\/span>\n                <\/p>\n<p>\n    <span>SERVIMEDIA<\/span>\n      <\/p>\n<p>  <!-- The Modal --><\/p>\n<p>  <!-- End Modal --><\/p>\n<p><h2>El Comit\u00e9 Paral\u00edmpico Espa\u00f1ol (CPE) y el Grupo W2M presentaron este martes en Madrid su acuerdo de patrocinio para el ciclo que desembocar\u00e1 en los Juegos de Par\u00eds 2024, con el que la agencia de viajes \u00dabico Sports activities gestionar\u00e1 los desplazamientos de la familia paral\u00edmpica a competiciones y Azul Marino Viajes figurar\u00e1 como marca oficial del patrocinio.<\/h2>\n<\/p>\n<div class=\"srvm-nw__body\">\n<div class=\"srvm-nw__access\">\n<h2>Acceso clientes<\/h2>\n<p>Para acceder a la mayor\u00eda de las noticias, debes ser usuario registrado.<\/p>\n<p>Si deseas acceder a las noticias de Servimedia, escribe un correo a la siguiente direcci\u00f3n: suscripciones@servimedia.es<\/p>\n<p><a rel=\"nofollow noopener\" target=\"_blank\" href=\"https:\/\/news.google.com\/user\/password\">\u00bfHas olvidado la contrase\u00f1a?<\/a><\/p>\n<\/div><\/div>\n<\/div>\n<p><textarea id=\"scopyme\" class=\"srvmcopyme visually-hidden\" aria-hidden=\"true\" tabindex=\"-1\"><br \/>\nDeporte<\/p>\n<p>\tAzul Marino Viajes, nuevo patrocinador del equipo paral\u00edmpico espa\u00f1ol hasta Par\u00eds 2024<\/p>\n<p>&#8211; Con \u00dabico Sports activities como gestor de los viajes<\/p>\n<p>El Comit\u00e9 Paral\u00edmpico Espa\u00f1ol (CPE) y el Grupo W2M presentaron este martes en Madrid su acuerdo de patrocinio para el ciclo que desembocar\u00e1 en los Juegos de Par\u00eds 2024, con el que la agencia de viajes \u00dabico Sports activities gestionar\u00e1 los desplazamientos de la familia paral\u00edmpica a competiciones y Azul Marino Viajes figurar\u00e1 como marca oficial del patrocinio.<\/p>\n<p>  Acceso clientes<br \/>\n  Para acceder a la mayor\u00eda de las noticias, debes ser usuario registrado.<\/p>\n<p>  Si deseas acceder a las noticias de Servimedia, escribe un correo a la siguiente direcci\u00f3n: suscripciones@servimedia.es<\/p>\n<p>  \u00bfHas olvidado la contrase\u00f1a?<\/p>\n<p>      Nombre de usuario<\/p>\n<p>      Escriba su nombre de usuario en Servimedia.<\/p>\n<p>      Contrase\u00f1a<\/p>\n<p>      Escriba la contrase\u00f1a asignada a su nombre de usuario.<\/p>\n<p>\u00a9 El contenido de esta noticia pertenece a la agencia de noticias Servimedia y est\u00e1 protegido por derechos de autor. S\u00f3lo est\u00e1 permitido su uso a clientes de Servimedia y rogamos que se firme a nuestra agencia o se cite como fuente. Muchas gracias.<br \/>\n<\/textarea><\/p><\/div>\n\n<p><em> &#8221; Fuentes news.google.com &#8221; <\/em><\/p>\n","protected":false},"excerpt":{"rendered":"<p>Noticias Sociedad Discapacidad &#8211; Con \u00dabico Sports activities como gestor de los viajes 15 Nov 2022 14:17H MADRID SERVIMEDIA El Comit\u00e9 Paral\u00edmpico Espa\u00f1ol (CPE) y el Grupo W2M presentaron este martes en Madrid su acuerdo de patrocinio para el ciclo que desembocar\u00e1 en los Juegos de Par\u00eds 2024, con el que la agencia de viajes [&hellip;]<\/p>\n","protected":false},"author":4,"featured_media":425644,"comment_status":"open","ping_status":"closed","sticky":false,"template":"","format":"standard","meta":{"om_disable_all_campaigns":false,"jnews-multi-image_gallery":[],"jnews_single_post":[],"jnews_primary_category":[],"jnews_social_meta":[],"footnotes":""},"categories":[39],"tags":[8956,1907],"class_list":["post-425643","post","type-post","status-publish","format-standard","has-post-thumbnail","hentry","category-viajes","tag-discapacidad","tag-sociedad"],"_links":{"self":[{"href":"https:\/\/dimensionturistica.com\/es\/wp-json\/wp\/v2\/posts\/425643","targetHints":{"allow":["GET"]}}],"collection":[{"href":"https:\/\/dimensionturistica.com\/es\/wp-json\/wp\/v2\/posts"}],"about":[{"href":"https:\/\/dimensionturistica.com\/es\/wp-json\/wp\/v2\/types\/post"}],"author":[{"embeddable":true,"href":"https:\/\/dimensionturistica.com\/es\/wp-json\/wp\/v2\/users\/4"}],"replies":[{"embeddable":true,"href":"https:\/\/dimensionturistica.com\/es\/wp-json\/wp\/v2\/comments?post=425643"}],"version-history":[{"count":0,"href":"https:\/\/dimensionturistica.com\/es\/wp-json\/wp\/v2\/posts\/425643\/revisions"}],"wp:featuredmedia":[{"embeddable":true,"href":"https:\/\/dimensionturistica.com\/es\/wp-json\/wp\/v2\/media\/425644"}],"wp:attachment":[{"href":"https:\/\/dimensionturistica.com\/es\/wp-json\/wp\/v2\/media?parent=425643"}],"wp:term":[{"taxonomy":"category","embeddable":true,"href":"https:\/\/dimensionturistica.com\/es\/wp-json\/wp\/v2\/categories?post=425643"},{"taxonomy":"post_tag","embeddable":true,"href":"https:\/\/dimensionturistica.com\/es\/wp-json\/wp\/v2\/tags?post=425643"}],"curies":[{"name":"wp","href":"https:\/\/api.w.org\/{rel}","templated":true}]}}