{"id":425549,"date":"2022-11-15T10:40:08","date_gmt":"2022-11-15T10:40:08","guid":{"rendered":"https:\/\/dimensionturistica.com\/es\/?p=425549"},"modified":"2024-02-29T17:15:50","modified_gmt":"2024-02-29T17:15:50","slug":"mesas-decoradas-los-viajes-y-la-pasion-por-la-vajilla-incentivaron-a-una-madre-y-su-hija-a-crear-su-propio-negocio","status":"publish","type":"post","link":"https:\/\/dimensionturistica.com\/es\/mesas-decoradas-los-viajes-y-la-pasion-por-la-vajilla-incentivaron-a-una-madre-y-su-hija-a-crear-su-propio-negocio\/","title":{"rendered":"Mesas decoradas: los viajes y la pasi\u00f3n por la vajilla incentivaron a una madre y su hija a crear su propio negocio"},"content":{"rendered":"<p> <br \/>\n<\/p>\n<div>\n<p class=\"com-paragraph  --capital --s\">Sin saberlo, los viajes por el mundo que a lo largo de los a\u00f1os encararon en familia fueron el germen para que <strong>Any Silva y Renata Vischi, madre e hija, decidieran dar rienda suelta a su pasi\u00f3n por las mesas<\/strong> creando un negocio que comenz\u00f3 en 2018, de manera digital. En sus inicios se centr\u00f3 en la decoraci\u00f3n en basic, hasta que, finalmente, se enfocaron en vajilla y en todo lo relacionado con la mesa. Sus platos parecen de porcelana italiana y son, sin embargo, de cer\u00e1mica brasile\u00f1a, elaborados con una tecnolog\u00eda que los vuelve m\u00e1s resistentes. Sus creadoras no se equivocaron con el proyecto y ya abrieron dos locales.<\/p>\n<p class=\"com-paragraph   --s\">En un d\u00eda todav\u00eda fresco de primavera, las creadoras de Caribou House recibieron en su casa a LA NACION <em>revista<\/em>, con sus mesas desplegadas. En las puertas de la temporada alta de encuentros familiares y sociales, revelaron lo que viene en mesas, compartieron las claves para armarlas de una manera distinta y private, y desplegaron su <em>know the way<\/em> en <strong>el arte de recibir, para crear el ambiente propicio para que los invitados se sientan como en su casa.<\/strong><\/p>\n<div class=\"content-media\">\n<section role=\"button\" class=\"mod-media   \">\n<figure role=\"button\" class=\"mod-figure \">\n<div class=\"placeholder \"><img src=\"https:\/\/resizer.glanacion.com\/resizer\/phZw9M8PQYfi2wv2-18or4KZwWs=\/310x0\/filters:format(webp):quality(80)\/cloudfront-us-east-1.images.arcpublishing.com\/lanacionar\/Q45XLBUCQRF7BKJD3MSYHST6HI.jpg\" alt=\"Any Silva y Renata Vischi, madre e hija\" width=\"2000\" height=\"1333\" class=\"com-image \" srcset=\"https:\/\/resizer.glanacion.com\/resizer\/LnlvVOwx5nutT1i6SmwvYCuvgzU=\/879x0\/filters:format(webp):quality(80)\/cloudfront-us-east-1.images.arcpublishing.com\/lanacionar\/Q45XLBUCQRF7BKJD3MSYHST6HI.jpg 879w, https:\/\/resizer.glanacion.com\/resizer\/UxgREZyR3lt2TbSfPcdAVBTOlMw=\/690x0\/filters:format(webp):quality(80)\/cloudfront-us-east-1.images.arcpublishing.com\/lanacionar\/Q45XLBUCQRF7BKJD3MSYHST6HI.jpg 690w, https:\/\/resizer.glanacion.com\/resizer\/4vHNZD0VYOkgh6lzyLKt8lFv1zY=\/768x0\/filters:format(webp):quality(80)\/cloudfront-us-east-1.images.arcpublishing.com\/lanacionar\/Q45XLBUCQRF7BKJD3MSYHST6HI.jpg 768w, https:\/\/resizer.glanacion.com\/resizer\/LErDbfd7FQDXjqsfMl-6WCvXz9s=\/350x0\/filters:format(webp):quality(80)\/cloudfront-us-east-1.images.arcpublishing.com\/lanacionar\/Q45XLBUCQRF7BKJD3MSYHST6HI.jpg 350w, https:\/\/resizer.glanacion.com\/resizer\/phZw9M8PQYfi2wv2-18or4KZwWs=\/310x0\/filters:format(webp):quality(80)\/cloudfront-us-east-1.images.arcpublishing.com\/lanacionar\/Q45XLBUCQRF7BKJD3MSYHST6HI.jpg 310w\" loading=\"lazy\" fetchpriority=\"low\" decoding=\"async\"\/><\/div><figcaption class=\"mod-figcaption\"><span class=\"com-text --caption --twoxs\">Any Silva y Renata Vischi, madre e hija<\/span><span class=\"com-text --credit --twoxs\">Silvio Zuccheri<\/span><\/figcaption><\/figure>\n<\/section>\n<\/div>\n<p class=\"com-paragraph   --s\"><strong>-\u00bfC\u00f3mo naci\u00f3 Caribou?<\/strong><\/p>\n<p class=\"com-paragraph   --s\">&#8211;<em>Renata<\/em>: Empec\u00e9 a trabajar con pap\u00e1 en log\u00edstica, en comercio exterior. Cuando mi hermano y yo crecimos y nos hicimos independientes, mam\u00e1 quiso hacer algo con su sue\u00f1o, que siempre hab\u00eda sido la decoraci\u00f3n. Carib\u00fa es un animal de la familia de los ciervos, que puede verse en la Patagonia y se caracteriza por ser el animal terrestre que m\u00e1s migra, recorriendo muchos kil\u00f3metros por a\u00f1o. Tiene que ver con nosotras que siempre estamos viajando y recorriendo muchos kil\u00f3metros en busca de distintas piezas de dise\u00f1o y de tendencias.<\/p>\n<p class=\"com-paragraph   --s\">&#8211;<em>Any<\/em>: Nos mueven dos pasiones. Nos encanta viajar en familia. Y a m\u00ed se me suma la pasi\u00f3n de siempre por la decoraci\u00f3n.<\/p>\n<p class=\"com-paragraph   --s\"><strong>-\u00bfSiempre tuvieron ojo con la decoraci\u00f3n?<\/strong><\/p>\n<p class=\"com-paragraph   --s\">&#8211;<em>Any<\/em>: Siempre arm\u00e9 todas mis casas y lo hac\u00eda de a poco. Nunca fui a un lugar y me compr\u00e9 todo ah\u00ed. Si hac\u00e9s eso, un d\u00eda pas\u00e1s y dec\u00eds: \u201cEsa vidriera es mi casa\u201d y no me gusta. Cada casa debe reflejar la identidad y la personalidad del due\u00f1o. Entonces, iba juntando cosas por el mundo. Me dec\u00edan, \u201c\u00bfvas a llevar eso en la valija?\u201d<\/p>\n<div class=\"content-media\">\n<section role=\"button\" class=\"mod-media   \">\n<figure role=\"button\" class=\"mod-figure \">\n<div class=\"placeholder \"><img src=\"https:\/\/resizer.glanacion.com\/resizer\/US4l2W3BS2-rBqZwN_es7iEsAT8=\/310x0\/filters:format(webp):quality(80)\/cloudfront-us-east-1.images.arcpublishing.com\/lanacionar\/QM2CJWX3TFEWXK4APIPTZM2IEU.jpg\" alt=\"Los cubiertos de bamb\u00fa son la joya de la colecci\u00f3n, acompa\u00f1ados por arreglos florales y frutales\" width=\"1333\" height=\"2000\" class=\"com-image \" srcset=\"https:\/\/resizer.glanacion.com\/resizer\/J5uf-Mkb5c_Lur8cWqEPVoj4Ui4=\/879x0\/filters:format(webp):quality(80)\/cloudfront-us-east-1.images.arcpublishing.com\/lanacionar\/QM2CJWX3TFEWXK4APIPTZM2IEU.jpg 879w, https:\/\/resizer.glanacion.com\/resizer\/CmXeKDz2rIC2TqZeDgZIpU-wRZw=\/690x0\/filters:format(webp):quality(80)\/cloudfront-us-east-1.images.arcpublishing.com\/lanacionar\/QM2CJWX3TFEWXK4APIPTZM2IEU.jpg 690w, https:\/\/resizer.glanacion.com\/resizer\/3GH4L0oVVLC9bHHFuVLCtDOYLGE=\/768x0\/filters:format(webp):quality(80)\/cloudfront-us-east-1.images.arcpublishing.com\/lanacionar\/QM2CJWX3TFEWXK4APIPTZM2IEU.jpg 768w, https:\/\/resizer.glanacion.com\/resizer\/_QBN9YHNdSQGPkGlPCiHEtExyyY=\/350x0\/filters:format(webp):quality(80)\/cloudfront-us-east-1.images.arcpublishing.com\/lanacionar\/QM2CJWX3TFEWXK4APIPTZM2IEU.jpg 350w, https:\/\/resizer.glanacion.com\/resizer\/US4l2W3BS2-rBqZwN_es7iEsAT8=\/310x0\/filters:format(webp):quality(80)\/cloudfront-us-east-1.images.arcpublishing.com\/lanacionar\/QM2CJWX3TFEWXK4APIPTZM2IEU.jpg 310w\" loading=\"lazy\" fetchpriority=\"low\" decoding=\"async\"\/><\/div><figcaption class=\"mod-figcaption\"><span class=\"com-text --caption --twoxs\">Los cubiertos de bamb\u00fa son la joya de la colecci\u00f3n, acompa\u00f1ados por arreglos florales y frutales<\/span><span class=\"com-text --credit --twoxs\">Silvio Zuccheri<\/span><\/figcaption><\/figure>\n<\/section>\n<\/div>\n<p class=\"com-paragraph   --s\"><strong>-\u00bfQu\u00e9 fue lo m\u00e1s grande que te trajiste?<\/strong><\/p>\n<p class=\"com-paragraph   --s\">&#8211;<em>Any<\/em>: Unas fuentes enormes de talavera de Puebla, de M\u00e9xico. Las envolv\u00ed y llegaron perfectas. En una oportunidad fuimos a la costa italiana, sobre la Puglia, y compr\u00e9 unas jarras divinas artesanales y alfombras. Otra vez me traje un puff de Marruecos.<\/p>\n<p class=\"com-paragraph   --s\"><strong>-Con cosas de ac\u00e1 y de all\u00e1, \u00bfsus casas resultan muy ecl\u00e9cticas o hay un hilo conductor?<\/strong><\/p>\n<p class=\"com-paragraph   --s\">&#8211;<em>Any<\/em>: Voy formando un hilo. En la galer\u00eda tengo un fogonero que me traje de Brasil, a partir de eso arm\u00e9 una mesa para que est\u00e9 puesto ah\u00ed. A partir de un elemento se arma el resto.<\/p>\n<p class=\"com-paragraph   --s\">&#8211;<em>Renata<\/em>: Y generalmente son las mesas. Las dos cosas que siempre atravesaron a esta familia fueron los viajes y los encuentros alrededor de una mesa.<\/p>\n<p class=\"com-paragraph   --s\"><strong>-\u00bfFue una pasi\u00f3n heredada?<\/strong><\/p>\n<p class=\"com-paragraph   --s\">&#8211;<em>Renata<\/em>: S\u00ed, totalmente. Nos representa porque siempre fuimos anfitrionas. Desde que soy chiquita nunca recibimos a menos de 15 o 20 personas los fines de semana: t\u00edos, familia, amigos siempre alrededor de una mesa.<\/p>\n<div class=\"content-media\">\n<section role=\"button\" class=\"mod-media   \">\n<figure role=\"button\" class=\"mod-figure \">\n<div class=\"placeholder \"><img src=\"https:\/\/resizer.glanacion.com\/resizer\/mlfnDhelDHhegxQEUKy0AcQErYo=\/310x0\/filters:format(webp):quality(80)\/cloudfront-us-east-1.images.arcpublishing.com\/lanacionar\/N3ACUEKMIBGGTENK7UQH33KWIE.jpg\" alt=\"La vajilla lisa, en este caso negra, convive con la estampa, y el brillo alterna con lo opaco\" width=\"2000\" height=\"1333\" class=\"com-image \" srcset=\"https:\/\/resizer.glanacion.com\/resizer\/joBbxT_25b6f9MTK3pcAHjll6Uc=\/879x0\/filters:format(webp):quality(80)\/cloudfront-us-east-1.images.arcpublishing.com\/lanacionar\/N3ACUEKMIBGGTENK7UQH33KWIE.jpg 879w, https:\/\/resizer.glanacion.com\/resizer\/PCi1m0GM172bVLevfJGJKFL4PUI=\/690x0\/filters:format(webp):quality(80)\/cloudfront-us-east-1.images.arcpublishing.com\/lanacionar\/N3ACUEKMIBGGTENK7UQH33KWIE.jpg 690w, https:\/\/resizer.glanacion.com\/resizer\/oQEPj1KqQCQ0h8gw7FvA4RHY3oE=\/768x0\/filters:format(webp):quality(80)\/cloudfront-us-east-1.images.arcpublishing.com\/lanacionar\/N3ACUEKMIBGGTENK7UQH33KWIE.jpg 768w, https:\/\/resizer.glanacion.com\/resizer\/TrDN6s8SebaVIfsRoz48JFjdNXo=\/350x0\/filters:format(webp):quality(80)\/cloudfront-us-east-1.images.arcpublishing.com\/lanacionar\/N3ACUEKMIBGGTENK7UQH33KWIE.jpg 350w, https:\/\/resizer.glanacion.com\/resizer\/mlfnDhelDHhegxQEUKy0AcQErYo=\/310x0\/filters:format(webp):quality(80)\/cloudfront-us-east-1.images.arcpublishing.com\/lanacionar\/N3ACUEKMIBGGTENK7UQH33KWIE.jpg 310w\" loading=\"lazy\" fetchpriority=\"low\" decoding=\"async\"\/><\/div><figcaption class=\"mod-figcaption\"><span class=\"com-text --caption --twoxs\">La vajilla lisa, en este caso negra, convive con la estampa, y el brillo alterna con lo opaco<\/span><span class=\"com-text --credit --twoxs\">Silvio Zuccheri<\/span><\/figcaption><\/figure>\n<\/section>\n<\/div>\n<p class=\"com-paragraph   --s\"><strong>-\u00bfCu\u00e1les son las tem\u00e1ticas ideales?<\/strong><\/p>\n<p class=\"com-paragraph   --s\">&#8211;<em>Renata<\/em>: Hemos hecho mesas de viajes, inspiradas, por ejemplo, en Grecia, en blanco y azul. O una inglesa con porcelana con escoc\u00e9s y en colores verde y bord\u00f3.<\/p>\n<p class=\"com-paragraph   --s\"><strong>-\u00bfLa gente se acostumbra a las mesas tem\u00e1ticas?<\/strong><\/p>\n<p class=\"com-paragraph   --s\">&#8211;<em>Any<\/em>: A la gente le encanta, pero no se habit\u00faa. No se necesita hacer una inversi\u00f3n para comprar todo un juego de platos. A lo mejor con los platos blancos que est\u00e1n en casa, sumando unos de postre lindos o bols con formas que se ponen arriba del plato y, una servilleta con una cintita de coloration y una florcita o una hoja sacada del jard\u00edn, la mesa cambia completamente.<\/p>\n<p class=\"com-paragraph   --s\">&#8211;<em>Renata<\/em>: Son peque\u00f1os detalles. Tambi\u00e9n tenemos la teor\u00eda del combine &amp; match, que es mezclar vajilla. Puede ser una mesa ecl\u00e9ctica, con algo tradicional que uno tenga, agregando copas mezcladas. Proponemos sentarse en una mesa que identifique a los due\u00f1os de casa.<\/p>\n<p class=\"com-paragraph   --s\"><strong>-\u00bfCu\u00e1les son las tendencias en mesas?<\/strong><\/p>\n<p class=\"com-paragraph   --s\">&#8211;<em>Any<\/em>: El bamb\u00fa es la tendencia. Hasta Gucci hizo una cartera con las manijas de bamb\u00fa. Adem\u00e1s, se sale de tanto web y blanco. Hay que darle coloration.<\/p>\n<p class=\"com-paragraph   --s\">&#8211;<em>Renata<\/em>: Colores vibrantes, como en la moda, fucsia y verde. Mesas coloridas.<\/p>\n<p class=\"com-paragraph   --s\"><strong>-\u00bfQu\u00e9 suggestions aconsejan para quien no est\u00e1 acostumbrado a usar vajilla muy jugada?<\/strong><\/p>\n<p class=\"com-paragraph   --s\">&#8211;<em>Any<\/em>: Trabajar con una misma gama de colores. Por ejemplo, en una mesa donde predominan los verdes, los accesorios como la jarra de agua, la ensaladera y los vasos son verdes. Lo dem\u00e1s, transparente. O recurrir a un coloration que complemente, como el \u00e1mbar. Hay platos que por ah\u00ed tienen un p\u00e1jaro con un copete rojo y se puede poner una copa roja y va a quedar divino.<\/p>\n<p class=\"com-paragraph   --s\">&#8211;<em>Renata<\/em>: Los hilos conductores son la tem\u00e1tica de la mesa, los colores o, si se mezclan copas, tratar de que la vajilla sea igual. Buscar que una de las piezas se mezcle y que las dem\u00e1s sean iguales para que no sea un caos.<\/p>\n<p class=\"com-paragraph   --s\"><strong>-\u00bfSe diferencia la mesa del d\u00eda y de la noche?<\/strong><\/p>\n<p class=\"com-paragraph   --s\">&#8211;<em>Renata<\/em>: El punto es dejar de guardar la vajilla para el invitado especial y usarla todos los d\u00edas. El vajillero, que ten\u00eda las piezas de porcelana, y los cubiertos de plata, que juntan polvo durante a\u00f1os porque no se usan nunca.<\/p>\n<p class=\"com-paragraph   --s\"><strong>-\u00bfQu\u00e9 elementos prefieren en una m\u00e1s elegante?<\/strong><\/p>\n<p class=\"com-paragraph   --s\">&#8211;<em>Any<\/em>: Un mantel bordado a mano, dorado en accesorios, cubiertos con dise\u00f1o, copas con virola dorada.<\/p>\n<p class=\"com-paragraph   --s\"><strong>-\u00bfY esa vajilla que uno hered\u00f3, c\u00f3mo se usa para lograr un toque m\u00e1s contempor\u00e1neo?<\/strong><\/p>\n<p class=\"com-paragraph   --s\">&#8211;<em>Any<\/em>: Con los accesorios: platos de sitio, cubiertos de dise\u00f1o, copas de colores.<\/p>\n<p class=\"com-paragraph   --s\">&#8211;<em>Renata<\/em>: Los cubiertos son tendencia. Antes uno ten\u00eda un solo tipo de cubiertos. Ahora, seg\u00fan el men\u00fa cambia el cubierto que se va a usar.<\/p>\n<p class=\"com-paragraph   --s\"><strong>-Para el verano, \u00bfqu\u00e9 mesa se puede sugerir?<\/strong><\/p>\n<p class=\"com-paragraph   --s\">&#8211;<em>Any<\/em>: Una mesa festiva con hojas, pi\u00f1as, muy tropical, donde la gente sienta alegr\u00eda de sentarse. Por otro lado, generalmente mezclamos, entonces se genera un juego en el que cada uno se fija qu\u00e9 plato le toc\u00f3. Usar bols de colores turquesa, rojo, verde. Se los puede ya dejar puestos en un lugar para, despu\u00e9s, servir el helado o la ensalada de frutas. Y ya son decorativos. En las jarras, poner rodajas de limones y hojitas de menta.<\/p>\n<p class=\"com-paragraph   --s\">&#8211;<em>Renata<\/em>: En las mesas de verano usamos mucho individuales de fibras naturales. Da textura y calidez.<\/p>\n<p class=\"com-paragraph   --s\"><strong>-\u00bfSe juega con los elementos naturales, como frutas, verduras, flores?<\/strong><\/p>\n<p class=\"com-paragraph   --s\">&#8211;<em>Any<\/em>: S\u00ed, inclusive para un almuerzo en el que hay ensaladas se pueden presentar los ingredientes en un bol. Frescos, lavados. Es un elemento s\u00faper decorativo.<\/p>\n<p class=\"com-paragraph   --s\"><strong>-\u00bfD\u00f3nde se colocan esos elementos?<\/strong><\/p>\n<p class=\"com-paragraph   --s\">&#8211;<em>Any<\/em>: Generalmente, al costado, para que no rompa la comunicaci\u00f3n y que la gente se vea. Cuando la mesa es larga, preparo dos o tres arreglos, utilizando las flores del jard\u00edn. Pero siempre son cosas chicas y bajas, con bastantes hojas verdes. Y en un lindo bol se acomodan los tomates lavados. A veces no hace falta tener flores.<\/p>\n<p class=\"com-paragraph   --s\"><strong>-\u00bfVelas?<\/strong><\/p>\n<p class=\"com-paragraph   --s\">&#8211;<em>Renata<\/em>: Un error, poner velas con fragrance, que compite con la comida. Esas son de residing. Ninguna vela, ning\u00fan sahumerio, ni flores con olor. No se puede poner un jazm\u00edn y una vela de vainilla en la mesa.<\/p>\n<p class=\"com-paragraph   --s\">&#8211;<em>Any<\/em>: En una mesa larga pongo ramas y hojas, y armo peque\u00f1os arreglos con flores y algunas velitas distribuidas, pero todo de manera pure, que nada sea est\u00e1tico. Se mezclan distintos tama\u00f1os y alturas de velas y se pueden distribuir en la mesa. Hay que animarse a descontracturarse un poco.<\/p>\n<section class=\"mod-trust --twoxs  --trust\"><a rel=\"nofollow noopener\" target=\"_blank\" href=\"https:\/\/www.lanacion.com.ar\/tema\/the-trust-project-tid68036\/\" title=\"Ir a Proyecto Trust\" class=\"com-link --twoxs\">Conoc\u00e9 The Trust Project<\/a><\/section>\n<\/div>\n\n<p><em> &#8221; Fuentes news.google.com &#8221; <\/em><\/p>\n","protected":false},"excerpt":{"rendered":"<p>Sin saberlo, los viajes por el mundo que a lo largo de los a\u00f1os encararon en familia fueron el germen para que Any Silva y Renata Vischi, madre e hija, decidieran dar rienda suelta a su pasi\u00f3n por las mesas creando un negocio que comenz\u00f3 en 2018, de manera digital. En sus inicios se centr\u00f3 [&hellip;]<\/p>\n","protected":false},"author":4,"featured_media":425550,"comment_status":"open","ping_status":"closed","sticky":false,"template":"","format":"standard","meta":{"om_disable_all_campaigns":false,"jnews-multi-image_gallery":[],"jnews_single_post":[],"jnews_primary_category":[],"jnews_social_meta":[],"footnotes":""},"categories":[144872,39],"tags":[],"class_list":["post-425549","post","type-post","status-publish","format-standard","has-post-thumbnail","hentry","category-fashion","category-viajes"],"_links":{"self":[{"href":"https:\/\/dimensionturistica.com\/es\/wp-json\/wp\/v2\/posts\/425549","targetHints":{"allow":["GET"]}}],"collection":[{"href":"https:\/\/dimensionturistica.com\/es\/wp-json\/wp\/v2\/posts"}],"about":[{"href":"https:\/\/dimensionturistica.com\/es\/wp-json\/wp\/v2\/types\/post"}],"author":[{"embeddable":true,"href":"https:\/\/dimensionturistica.com\/es\/wp-json\/wp\/v2\/users\/4"}],"replies":[{"embeddable":true,"href":"https:\/\/dimensionturistica.com\/es\/wp-json\/wp\/v2\/comments?post=425549"}],"version-history":[{"count":0,"href":"https:\/\/dimensionturistica.com\/es\/wp-json\/wp\/v2\/posts\/425549\/revisions"}],"wp:featuredmedia":[{"embeddable":true,"href":"https:\/\/dimensionturistica.com\/es\/wp-json\/wp\/v2\/media\/425550"}],"wp:attachment":[{"href":"https:\/\/dimensionturistica.com\/es\/wp-json\/wp\/v2\/media?parent=425549"}],"wp:term":[{"taxonomy":"category","embeddable":true,"href":"https:\/\/dimensionturistica.com\/es\/wp-json\/wp\/v2\/categories?post=425549"},{"taxonomy":"post_tag","embeddable":true,"href":"https:\/\/dimensionturistica.com\/es\/wp-json\/wp\/v2\/tags?post=425549"}],"curies":[{"name":"wp","href":"https:\/\/api.w.org\/{rel}","templated":true}]}}