{"id":425318,"date":"2022-11-14T23:46:34","date_gmt":"2022-11-14T23:46:34","guid":{"rendered":"https:\/\/dimensionturistica.com\/es\/?p=425318"},"modified":"2022-11-14T23:46:34","modified_gmt":"2022-11-14T23:46:34","slug":"alessandra-ambrosio-nos-dice-sus-lugares-favoritos-para-vacacionar-en-mexico","status":"publish","type":"post","link":"https:\/\/dimensionturistica.com\/es\/alessandra-ambrosio-nos-dice-sus-lugares-favoritos-para-vacacionar-en-mexico\/","title":{"rendered":"Alessandra Ambrosio nos dice sus lugares favoritos para vacacionar en M\u00e9xico"},"content":{"rendered":"<p> <br \/>\n<\/p>\n<div>\n<p><b>Alessandra Ambrosio y su relaci\u00f3n con Omega<\/b><\/p>\n<p>Adem\u00e1s de su caf\u00e9 por la ma\u00f1ana, los d\u00edas en la playa de Malib\u00fa, una buena parrillada en familia y conocer nuevas culturas, para Alessandra el mundo de la moda y el dise\u00f1o siempre ha sido muy atractivo y apasionante por lo desde hace unos a\u00f1os, colabora con Omega, la reconocida firma de origen suizo que se dedica a la elaboraci\u00f3n de relojes de lujo. \u201cEs una marca incre\u00edble que admiro desde que era ni\u00f1a porque sus relojes son realmente fascinantes. Con ellos se mide el tiempo para los Juegos Ol\u00edmpicos, justo fue durante las Olimpiadas de Brasil que empec\u00e9 a trabajar con ellos y es un gran honor para m\u00ed ser parte de Omega, adem\u00e1s el resto de los embajadores son lo m\u00e1ximo\u201d, nos cuenta Alessandra Ambrosio.<\/p>\n<p>Para la modelo la firma es la m\u00e1s elegante dentro de la industria de los relojes y se conociera fiel admiradora de sus dise\u00f1os. Claro que cuenta con algunas piezas, es propietaria de modelos masculinos que la hacen sentir <i>cool<\/i> y otros m\u00e1s elegantes que suele utilizar en noches especiales. \u201cMi primer reloj fue un Speedmaster que a\u00fan conservo y que amo porque es muy grande y masculino, es muy ic\u00f3nico. Mi primera campa\u00f1a fue con Seamaster, amo el tama\u00f1o porque es m\u00e1s delicado y ligero, es un <i>statement<\/i>. Tambi\u00e9n tengo un Constellation que uso para cenas o eventos porque es m\u00e1s fino y elegante, tiene diamantes\u201d, nos platica la modelo brasile\u00f1a.<\/p>\n<div class=\"Enhancement\">\n           <span class=\"Enhancement-item\"> <\/p>\n<figure class=\"Figure\" itemscope=\"\" itemtype=\"http:\/\/schema.org\/ImageObject\">\n             <img loading=\"lazy\" decoding=\"async\" src=\"https:\/\/cdn-3.expansion.mx\/dims4\/default\/46567b2\/2147483647\/strip\/true\/crop\/3000x2000+0+0\/resize\/600x400!\/format\/webp\/quality\/90\/?url=https%3A%2F%2Fcdn-3.expansion.mx%2Fca%2F94%2Fb1b6e2684567899efdb4f03d5555%2Fomega-a-ambrosio-0045-e.jpg\" class=\"lazyload\" alt=\"Alessandra Ambrosio en colaboraci\u00f3n con Omega\" srcset=\"https:\/\/cdn-3.expansion.mx\/dims4\/default\/46567b2\/2147483647\/strip\/true\/crop\/3000x2000+0+0\/resize\/600x400!\/format\/webp\/quality\/90\/?url=https%3A%2F%2Fcdn-3.expansion.mx%2Fca%2F94%2Fb1b6e2684567899efdb4f03d5555%2Fomega-a-ambrosio-0045-e.jpg 1x,https:\/\/cdn-3.expansion.mx\/dims4\/default\/76ca8c4\/2147483647\/strip\/true\/crop\/3000x2000+0+0\/resize\/1200x800!\/format\/webp\/quality\/90\/?url=https%3A%2F%2Fcdn-3.expansion.mx%2Fca%2F94%2Fb1b6e2684567899efdb4f03d5555%2Fomega-a-ambrosio-0045-e.jpg 2x\" width=\"600\" height=\"400\"\/><figcaption class=\"Figure-info\">\n              <span class=\"Figure-caption\" itemprop=\"caption\">Alessandra Ambrosio en colaboraci\u00f3n con Omega<\/span><br \/>\n              <span class=\"Figure-credit\" itemprop=\"author\">(Cortes\u00eda)<\/span><br \/>\n             <\/figcaption><\/figure>\n<p> <\/span>\n          <\/div><\/div>\n<p><script>\n    window.fbAsyncInit = function() {\n        FB.init({\n                appId : '580735355658488',\n            cookie     : true,\n            xfbml      : true,\n            version    : 'v8.0'\n        });\n        FB.AppEvents.logPageView();\n    };\n    (function(d, s, id){\n        var js, fjs = d.getElementsByTagName(s)[0];\n        if (d.getElementById(id)) {return;}\n        js = d.createElement(s); js.id = id;\n        js.src = \"https:\/\/connect.facebook.net\/en_US\/sdk.js\";\n        fjs.parentNode.insertBefore(js, fjs);\n    }(document, 'script', 'facebook-jssdk'));\n<\/script><br \/>\n<br \/><\/p>\n<p><em> &#8221; Fuentes news.google.com &#8221; <\/em><\/p>\n","protected":false},"excerpt":{"rendered":"<p>Alessandra Ambrosio y su relaci\u00f3n con Omega Adem\u00e1s de su caf\u00e9 por la ma\u00f1ana, los d\u00edas en la playa de Malib\u00fa, una buena parrillada en familia y conocer nuevas culturas, para Alessandra el mundo de la moda y el dise\u00f1o siempre ha sido muy atractivo y apasionante por lo desde hace unos a\u00f1os, colabora con [&hellip;]<\/p>\n","protected":false},"author":4,"featured_media":425319,"comment_status":"open","ping_status":"closed","sticky":false,"template":"","format":"standard","meta":{"om_disable_all_campaigns":false,"jnews-multi-image_gallery":[],"jnews_single_post":[],"jnews_primary_category":[],"jnews_social_meta":[],"footnotes":""},"categories":[39],"tags":[57115,57114,57116,57117,1720,57118,57119],"class_list":["post-425318","post","type-post","status-publish","format-standard","has-post-thumbnail","hentry","category-viajes","tag-alessandra-ambrosio-colabora-con-omega","tag-alessandra-ambrosio-en-mexico","tag-colaboracion-de-alessandra-ambrosio-y-omega","tag-como-hace-para-cuidarse-alessandra-ambrosio","tag-estilo-de-vida","tag-modelo-alessandra-ambrosio","tag-modelo-alessandra-ambrosio-en-mexico"],"_links":{"self":[{"href":"https:\/\/dimensionturistica.com\/es\/wp-json\/wp\/v2\/posts\/425318","targetHints":{"allow":["GET"]}}],"collection":[{"href":"https:\/\/dimensionturistica.com\/es\/wp-json\/wp\/v2\/posts"}],"about":[{"href":"https:\/\/dimensionturistica.com\/es\/wp-json\/wp\/v2\/types\/post"}],"author":[{"embeddable":true,"href":"https:\/\/dimensionturistica.com\/es\/wp-json\/wp\/v2\/users\/4"}],"replies":[{"embeddable":true,"href":"https:\/\/dimensionturistica.com\/es\/wp-json\/wp\/v2\/comments?post=425318"}],"version-history":[{"count":0,"href":"https:\/\/dimensionturistica.com\/es\/wp-json\/wp\/v2\/posts\/425318\/revisions"}],"wp:featuredmedia":[{"embeddable":true,"href":"https:\/\/dimensionturistica.com\/es\/wp-json\/wp\/v2\/media\/425319"}],"wp:attachment":[{"href":"https:\/\/dimensionturistica.com\/es\/wp-json\/wp\/v2\/media?parent=425318"}],"wp:term":[{"taxonomy":"category","embeddable":true,"href":"https:\/\/dimensionturistica.com\/es\/wp-json\/wp\/v2\/categories?post=425318"},{"taxonomy":"post_tag","embeddable":true,"href":"https:\/\/dimensionturistica.com\/es\/wp-json\/wp\/v2\/tags?post=425318"}],"curies":[{"name":"wp","href":"https:\/\/api.w.org\/{rel}","templated":true}]}}