{"id":425208,"date":"2022-11-14T21:51:13","date_gmt":"2022-11-14T21:51:13","guid":{"rendered":"https:\/\/dimensionturistica.com\/es\/?p=425208"},"modified":"2022-11-14T21:51:13","modified_gmt":"2022-11-14T21:51:13","slug":"expertos-enfatizan-que-la-neumonia-puede-prevenirse-y-lanzan-actividades-gratuitas-en-la-cdmx-para-mejorar-la-capacidad-pulmonar-2","status":"publish","type":"post","link":"https:\/\/dimensionturistica.com\/es\/expertos-enfatizan-que-la-neumonia-puede-prevenirse-y-lanzan-actividades-gratuitas-en-la-cdmx-para-mejorar-la-capacidad-pulmonar-2\/","title":{"rendered":"Expertos enfatizan que la neumon\u00eda puede prevenirse y lanzan actividades gratuitas en la CDMX para mejorar la capacidad pulmonar"},"content":{"rendered":"<p>La neumon\u00eda es una de las principales causas de muerte en M\u00e9xico3 y aunque actualmente<img decoding=\"async\" class=\"size-medium wp-image-425219 alignright\" src=\"https:\/\/dimensionturistica.com\/es\/wp-content\/uploads\/2022\/11\/EventoNeumonia_2-1-300x169.jpg\" alt=\"\" width=\"300\" height=\"169\" srcset=\"https:\/\/dimensionturistica.com\/es\/wp-content\/uploads\/2022\/11\/EventoNeumonia_2-1-300x169.jpg 300w, https:\/\/dimensionturistica.com\/es\/wp-content\/uploads\/2022\/11\/EventoNeumonia_2-1-1024x576.jpg 1024w, https:\/\/dimensionturistica.com\/es\/wp-content\/uploads\/2022\/11\/EventoNeumonia_2-1-768x432.jpg 768w, https:\/\/dimensionturistica.com\/es\/wp-content\/uploads\/2022\/11\/EventoNeumonia_2-1-1536x864.jpg 1536w, https:\/\/dimensionturistica.com\/es\/wp-content\/uploads\/2022\/11\/EventoNeumonia_2-1-750x422.jpg 750w, https:\/\/dimensionturistica.com\/es\/wp-content\/uploads\/2022\/11\/EventoNeumonia_2-1-1140x641.jpg 1140w, https:\/\/dimensionturistica.com\/es\/wp-content\/uploads\/2022\/11\/EventoNeumonia_2-1.jpg 1600w\" sizes=\"(max-width: 300px) 100vw, 300px\" \/>se asocia con el COVID-19, esta enfermedad tambi\u00e9n es ocasionada por virus, bacterias y hongos.4 Lo que implica que una persona puede presentar m\u00e1s de una infecci\u00f3n a la vez o coinfecci\u00f3n: adquirir una neumon\u00eda por estos agentes y al mismo tiempo contagiarse de Coronavirus.5<br \/>\n<img decoding=\"async\" class=\"size-medium wp-image-425213 alignleft\" src=\"https:\/\/dimensionturistica.com\/es\/wp-content\/uploads\/2022\/11\/DraMariaDeLosAngeles-300x200.jpg\" alt=\"\" width=\"300\" height=\"200\" srcset=\"https:\/\/dimensionturistica.com\/es\/wp-content\/uploads\/2022\/11\/DraMariaDeLosAngeles-300x200.jpg 300w, https:\/\/dimensionturistica.com\/es\/wp-content\/uploads\/2022\/11\/DraMariaDeLosAngeles-1024x682.jpg 1024w, https:\/\/dimensionturistica.com\/es\/wp-content\/uploads\/2022\/11\/DraMariaDeLosAngeles-768x512.jpg 768w, https:\/\/dimensionturistica.com\/es\/wp-content\/uploads\/2022\/11\/DraMariaDeLosAngeles-750x500.jpg 750w, https:\/\/dimensionturistica.com\/es\/wp-content\/uploads\/2022\/11\/DraMariaDeLosAngeles-1140x760.jpg 1140w, https:\/\/dimensionturistica.com\/es\/wp-content\/uploads\/2022\/11\/DraMariaDeLosAngeles.jpg 1280w\" sizes=\"(max-width: 300px) 100vw, 300px\" \/>A trav\u00e9s de una experiencia inmersiva sobre la neumon\u00eda, la Dra. Mar\u00eda de los \u00c1ngeles Gutierrez, Gerente M\u00e9dica de Vacunas para Pfizer M\u00e9xico, invit\u00f3 a la poblaci\u00f3n a cuidar su salud pulmonar previniendo las co-infecciones y anunci\u00f3 la realizaci\u00f3n de actividades gratuitas de capacitaci\u00f3n pulmonar en plazas de la Ciudad de M\u00e9xico:<br \/>\n\u201cPor una parte, estamos muy cerca de la \u00e9poca invernal donde observamos un incremento de las enfermedades respiratorias6. En este sentido, hay evidencia de que las vacunas protegen contra las co-infecciones bacterianas m\u00e1s frecuentes en personas que adem\u00e1s atraviesan por un contagio de COVID-19. Por ese motivo, invitamos a la poblaci\u00f3n a participar en estos talleres para que conozcan m\u00e1s del tema y acudan a los centros de salud o con su m\u00e9dico particular para completar su esquema de vacunaci\u00f3n.\u201d<br \/>\nDe la misma forma, el Dr. Antonio Arista, infect\u00f3logo pediatra, se\u00f1al\u00f3 que cuando se trata de neumon\u00eda es muy importante que las familias est\u00e9n alertas especialmente de los ni\u00f1os, los adultos mayores y las personas con factores de riesgo significativos7 porque es la poblaci\u00f3n m\u00e1s vulnerable. Sin embargo, indic\u00f3 que tambi\u00e9n es indispensable que todos<img decoding=\"async\" class=\"size-medium wp-image-425218 alignright\" src=\"https:\/\/dimensionturistica.com\/es\/wp-content\/uploads\/2022\/11\/EventoNeumonia_1-300x169.jpg\" alt=\"\" width=\"300\" height=\"169\" srcset=\"https:\/\/dimensionturistica.com\/es\/wp-content\/uploads\/2022\/11\/EventoNeumonia_1-300x169.jpg 300w, https:\/\/dimensionturistica.com\/es\/wp-content\/uploads\/2022\/11\/EventoNeumonia_1-1024x576.jpg 1024w, https:\/\/dimensionturistica.com\/es\/wp-content\/uploads\/2022\/11\/EventoNeumonia_1-768x432.jpg 768w, https:\/\/dimensionturistica.com\/es\/wp-content\/uploads\/2022\/11\/EventoNeumonia_1-1536x864.jpg 1536w, https:\/\/dimensionturistica.com\/es\/wp-content\/uploads\/2022\/11\/EventoNeumonia_1-750x422.jpg 750w, https:\/\/dimensionturistica.com\/es\/wp-content\/uploads\/2022\/11\/EventoNeumonia_1-1140x641.jpg 1140w, https:\/\/dimensionturistica.com\/es\/wp-content\/uploads\/2022\/11\/EventoNeumonia_1.jpg 1600w\" sizes=\"(max-width: 300px) 100vw, 300px\" \/> prevengamos la enfermedad para detener posibles brotes que lleguen a estos perfiles como consecuencia de la interacci\u00f3n social.8<br \/>\n\u201cActualmente, el mundo, sin exentar M\u00e9xico, atraviesa por una fase de poner al d\u00eda las vacunas en todos los grupos de edad, debido a que a partir de la pandemia las tasas de vacunaci\u00f3n se vieron afectadas. Tan s\u00f3lo en los esquemas para los infantes se observa el mayor retroceso ininterrumpido de la vacunaci\u00f3n en treinta a\u00f1os.9 Por ese motivo, detener la propagaci\u00f3n de la neumon\u00eda en la poblaci\u00f3n y cuidar la salud pulmonar es responsabilidad de todos\u201d<br \/>\nCabe destacar que de acuerdo con datos de la Organizaci\u00f3n Mundial de la Salud y el Fondo de las Naciones Unidas para la Infancia, 23 millones de ni\u00f1os no recibieron las vacunas infantiles b\u00e1sicas administradas a trav\u00e9s de los servicios de salud habituales en 2020, la<img decoding=\"async\" class=\"size-medium wp-image-425214 alignright\" src=\"https:\/\/dimensionturistica.com\/es\/wp-content\/uploads\/2022\/11\/DrAntonioArista_1-1-225x300.jpg\" alt=\"\" width=\"225\" height=\"300\" srcset=\"https:\/\/dimensionturistica.com\/es\/wp-content\/uploads\/2022\/11\/DrAntonioArista_1-1-225x300.jpg 225w, https:\/\/dimensionturistica.com\/es\/wp-content\/uploads\/2022\/11\/DrAntonioArista_1-1-768x1024.jpg 768w, https:\/\/dimensionturistica.com\/es\/wp-content\/uploads\/2022\/11\/DrAntonioArista_1-1-1152x1536.jpg 1152w, https:\/\/dimensionturistica.com\/es\/wp-content\/uploads\/2022\/11\/DrAntonioArista_1-1-750x1000.jpg 750w, https:\/\/dimensionturistica.com\/es\/wp-content\/uploads\/2022\/11\/DrAntonioArista_1-1-1140x1520.jpg 1140w, https:\/\/dimensionturistica.com\/es\/wp-content\/uploads\/2022\/11\/DrAntonioArista_1-1.jpg 1200w\" sizes=\"(max-width: 225px) 100vw, 225px\" \/> cifra m\u00e1s elevada desde 2009 y 3,7 millones m\u00e1s que en 201910.<br \/>\nEn este sentido, los especialistas aseguraron que para combatir la neumon\u00eda todos los actores del sector salud, incluyendo la iniciativa privada, deben aprovechar estas coyunturas para acercar informaci\u00f3n a la poblaci\u00f3n e invitarlos a acudir al m\u00e9dico.<br \/>\nAcompa\u00f1ando a los expertos se dio cita Efra\u00edn Berry, cantante y actor mexicano, quien comparti\u00f3 su experiencia al haber padecido neumon\u00eda, as\u00ed como la concientizaci\u00f3n que gener\u00f3 a ra\u00edz de dicha enfermedad para el cuidado de su hijo y padres. Adem\u00e1s, lanz\u00f3 un llamado a todas las personas a que completen su cartilla de vacunaci\u00f3n y se preparen para la temporada invernal.<br \/>\nFinalmente, se destac\u00f3 que, como parte de estos esfuerzos para visibilizar y atender el padecimiento, las actividades para la capacidad pulmonar estar\u00e1n disponibles para todas las edades y dirigidos por m\u00e9dicos especialistas en Parque Delta y Parque Toreo; y ocurrir\u00e1n del 07 al 21 de noviembre en un horario de 12:00 a 08:00 p.m.<\/p>\n","protected":false},"excerpt":{"rendered":"<p>La neumon\u00eda es una de las principales causas de muerte en M\u00e9xico3 y aunque actualmentese asocia con el COVID-19, esta enfermedad tambi\u00e9n es ocasionada por virus, bacterias y hongos.4 Lo que implica que una persona puede presentar m\u00e1s de una infecci\u00f3n a la vez o coinfecci\u00f3n: adquirir una neumon\u00eda por estos agentes y al mismo [&hellip;]<\/p>\n","protected":false},"author":1,"featured_media":425210,"comment_status":"open","ping_status":"closed","sticky":false,"template":"","format":"standard","meta":{"om_disable_all_campaigns":false,"jnews-multi-image_gallery":[],"jnews_single_post":{"source_name":"","source_url":"","via_name":"","via_url":"","override_template":"0","override":[{"template":"1","single_blog_custom":"","parallax":"1","fullscreen":"1","layout":"right-sidebar","sidebar":"default-sidebar","second_sidebar":"default-sidebar","sticky_sidebar":"1","share_position":"top","share_float_style":"share-monocrhome","show_share_counter":"1","show_view_counter":"1","show_featured":"1","show_post_meta":"1","show_post_author":"1","show_post_author_image":"1","show_post_date":"1","post_date_format":"default","post_date_format_custom":"Y\/m\/d","show_post_category":"1","show_post_reading_time":"0","post_reading_time_wpm":"300","show_zoom_button":"0","zoom_button_out_step":"2","zoom_button_in_step":"3","show_post_tag":"1","show_prev_next_post":"1","show_popup_post":"1","number_popup_post":"1","show_author_box":"0","show_post_related":"0","show_inline_post_related":"0"}],"override_image_size":"0","image_override":[{"single_post_thumbnail_size":"crop-500","single_post_gallery_size":"crop-500"}],"trending_post":"0","trending_post_position":"meta","trending_post_label":"Trending","sponsored_post":"0","sponsored_post_label":"Sponsored by","sponsored_post_name":"","sponsored_post_url":"","sponsored_post_logo_enable":"0","sponsored_post_logo":"","sponsored_post_desc":"","disable_ad":"0"},"jnews_primary_category":{"id":"","hide":""},"jnews_social_meta":{"fb_title":"","fb_description":"","fb_image":"","twitter_title":"","twitter_description":"","twitter_image":""},"footnotes":""},"categories":[40],"tags":[],"class_list":["post-425208","post","type-post","status-publish","format-standard","has-post-thumbnail","hentry","category-industria"],"_links":{"self":[{"href":"https:\/\/dimensionturistica.com\/es\/wp-json\/wp\/v2\/posts\/425208","targetHints":{"allow":["GET"]}}],"collection":[{"href":"https:\/\/dimensionturistica.com\/es\/wp-json\/wp\/v2\/posts"}],"about":[{"href":"https:\/\/dimensionturistica.com\/es\/wp-json\/wp\/v2\/types\/post"}],"author":[{"embeddable":true,"href":"https:\/\/dimensionturistica.com\/es\/wp-json\/wp\/v2\/users\/1"}],"replies":[{"embeddable":true,"href":"https:\/\/dimensionturistica.com\/es\/wp-json\/wp\/v2\/comments?post=425208"}],"version-history":[{"count":0,"href":"https:\/\/dimensionturistica.com\/es\/wp-json\/wp\/v2\/posts\/425208\/revisions"}],"wp:featuredmedia":[{"embeddable":true,"href":"https:\/\/dimensionturistica.com\/es\/wp-json\/wp\/v2\/media\/425210"}],"wp:attachment":[{"href":"https:\/\/dimensionturistica.com\/es\/wp-json\/wp\/v2\/media?parent=425208"}],"wp:term":[{"taxonomy":"category","embeddable":true,"href":"https:\/\/dimensionturistica.com\/es\/wp-json\/wp\/v2\/categories?post=425208"},{"taxonomy":"post_tag","embeddable":true,"href":"https:\/\/dimensionturistica.com\/es\/wp-json\/wp\/v2\/tags?post=425208"}],"curies":[{"name":"wp","href":"https:\/\/api.w.org\/{rel}","templated":true}]}}