{"id":424913,"date":"2022-11-14T14:17:57","date_gmt":"2022-11-14T14:17:57","guid":{"rendered":"https:\/\/dimensionturistica.com\/es\/?p=424913"},"modified":"2022-11-14T14:17:58","modified_gmt":"2022-11-14T14:17:58","slug":"promueve-cuba-destino-turistico-en-salon-profesional-de-belgica","status":"publish","type":"post","link":"https:\/\/dimensionturistica.com\/es\/promueve-cuba-destino-turistico-en-salon-profesional-de-belgica\/","title":{"rendered":"Promueve Cuba destino tur\u00edstico en sal\u00f3n profesional de B\u00e9lgica"},"content":{"rendered":"<p> <br \/>\n<\/p>\n<div id=\"\">\n\t\t\t\t\t\t\t\t&#13;<\/p>\n<p><img decoding=\"async\" src=\"https:\/\/news.google.com\/images\/2022\/Noviembre\/0-14-cuba-belgica.jpg\" alt=\"La campa\u00f1a tur\u00edstica Cuba \u00danica protagoniza la presencia de la naci\u00f3n caribe\u00f1a en el sal\u00f3n de profesionales del sector Belgium Travel Expo (BTExpo), que se desarrolla en la ciudad belga de Nivelles.\"\/><\/p>\n<p>&#13;<\/p>\n<p>La Habana, 14 nov (ACN) La <strong>campa\u00f1a tur\u00edstica Cuba \u00danica<\/strong> protagoniza la presencia de la naci\u00f3n caribe\u00f1a en el sal\u00f3n de profesionales del sector <strong>Belgium Journey Expo (BTExpo)<\/strong>, que se desarrolla en la ciudad belga de Nivelles.<\/p>\n<p>&#13;<\/p>\n<p>Esta campa\u00f1a, informa hoy la <strong><a rel=\"nofollow noopener\" target=\"_blank\" href=\"https:\/\/misiones.cubaminrex.cu\">Canciller\u00eda cubana<\/a><\/strong>, se presenta en el stand de la isla, con un acercamiento al pa\u00eds que sit\u00faa a sus habitantes en el centro del atractivo, por la c\u00e1lida acogida.<\/p>\n<p>&#13;<\/p>\n<p>Seg\u00fan Diana Rosa Gonz\u00e1lez, consejera de Turismo para B\u00e9lgica y Francia, son muchas las expectativas ante la oportunidad que brinda el sal\u00f3n de intercambiar criterios con los profesionales asistentes, de cara a la meta de aumentar la emisi\u00f3n de turistas belgas hacia la naci\u00f3n antillana.<\/p>\n<p>&#13;<\/p>\n<p>B\u00e9lgica se ubica en la actualidad entre los 20 principales emisores de viajeros, en el puesto 19, pero consideramos que constituye un mercado con potencial, lo cual hemos constatado en eventos previos y en las primeras conversaciones en BTExpo, se\u00f1al\u00f3.<\/p>\n<p>&#13;<\/p>\n<p>La especialista adelant\u00f3 que la agenda en el evento ser\u00e1 extensa, con actividades en las que transmitir\u00e1 la seguridad y la confianza de un destino conocido por representar mucho m\u00e1s que sol y playa.<\/p>\n<p>&#13;<\/p>\n<p>Adem\u00e1s, coment\u00f3 que el encuentro de profesionales ser\u00e1 la antesala de talleres de formaci\u00f3n con agencias de viaje, previstos en Bruselas con una amplia participaci\u00f3n confirmada.<\/p>\n<p>&#13;<\/p>\n<p>La consejera de Turismo resalt\u00f3 el amor por Cuba mostrado por el p\u00fablico belga en diversos espacios y la importancia de foros como BTExpo para traducirlo en una mayor presencia en la isla para el disfrute de sus bondades y de la hospitalidad de su gente.<\/p>\n<p>&#13;<\/p>\n<p>De acuerdo con la fuente, esta edici\u00f3n de BTExpo ser\u00e1 la m\u00e1s concurrida desde la primera en 2004, a partir de las motivaciones por el despegue de un sector muy golpeado en los \u00faltimos a\u00f1os por la <strong><a rel=\"nofollow noopener\" target=\"_blank\" href=\"https:\/\/news.google.com\/coronavirus\">pandemia de la COVID-19<\/a><\/strong>.<\/p>\n<p>&#13;<\/p>\n<p>El evento continuar\u00e1 ma\u00f1ana en Amberes, y atrae a turoperadores, aerol\u00edneas y agencias de viaje.<\/p>\n<\/p><\/div>\n\n<p><em> &#8221; Fuentes news.google.com &#8221; <\/em><\/p>\n","protected":false},"excerpt":{"rendered":"<p>&#13; &#13; La Habana, 14 nov (ACN) La campa\u00f1a tur\u00edstica Cuba \u00danica protagoniza la presencia de la naci\u00f3n caribe\u00f1a en el sal\u00f3n de profesionales del sector Belgium Journey Expo (BTExpo), que se desarrolla en la ciudad belga de Nivelles. &#13; Esta campa\u00f1a, informa hoy la Canciller\u00eda cubana, se presenta en el stand de la isla, [&hellip;]<\/p>\n","protected":false},"author":4,"featured_media":0,"comment_status":"open","ping_status":"closed","sticky":false,"template":"","format":"standard","meta":{"om_disable_all_campaigns":false,"jnews-multi-image_gallery":[],"jnews_single_post":[],"jnews_primary_category":[],"jnews_social_meta":[],"footnotes":""},"categories":[40],"tags":[57094,956],"class_list":["post-424913","post","type-post","status-publish","format-standard","hentry","category-industria","tag-belgium-travel-expo-btexpo","tag-cuba"],"_links":{"self":[{"href":"https:\/\/dimensionturistica.com\/es\/wp-json\/wp\/v2\/posts\/424913","targetHints":{"allow":["GET"]}}],"collection":[{"href":"https:\/\/dimensionturistica.com\/es\/wp-json\/wp\/v2\/posts"}],"about":[{"href":"https:\/\/dimensionturistica.com\/es\/wp-json\/wp\/v2\/types\/post"}],"author":[{"embeddable":true,"href":"https:\/\/dimensionturistica.com\/es\/wp-json\/wp\/v2\/users\/4"}],"replies":[{"embeddable":true,"href":"https:\/\/dimensionturistica.com\/es\/wp-json\/wp\/v2\/comments?post=424913"}],"version-history":[{"count":0,"href":"https:\/\/dimensionturistica.com\/es\/wp-json\/wp\/v2\/posts\/424913\/revisions"}],"wp:attachment":[{"href":"https:\/\/dimensionturistica.com\/es\/wp-json\/wp\/v2\/media?parent=424913"}],"wp:term":[{"taxonomy":"category","embeddable":true,"href":"https:\/\/dimensionturistica.com\/es\/wp-json\/wp\/v2\/categories?post=424913"},{"taxonomy":"post_tag","embeddable":true,"href":"https:\/\/dimensionturistica.com\/es\/wp-json\/wp\/v2\/tags?post=424913"}],"curies":[{"name":"wp","href":"https:\/\/api.w.org\/{rel}","templated":true}]}}