{"id":424390,"date":"2022-11-13T16:35:56","date_gmt":"2022-11-13T16:35:56","guid":{"rendered":"https:\/\/dimensionturistica.com\/es\/?p=424390"},"modified":"2022-11-13T16:35:56","modified_gmt":"2022-11-13T16:35:56","slug":"se-inauguro-el-iv-encuentro-nacional-de-mipymes-en-expo-guadalajara","status":"publish","type":"post","link":"https:\/\/dimensionturistica.com\/es\/se-inauguro-el-iv-encuentro-nacional-de-mipymes-en-expo-guadalajara\/","title":{"rendered":"Se inaugur\u00f3 el IV Encuentro Nacional de Mipymes en Expo Guadalajara"},"content":{"rendered":"<p>. Al inaugurar el 4o. Encuentro Nacional de Mipymes, el presidente de la Confederaci\u00f3n Nacional de C\u00e1maras Industriales de la Rep\u00fablica Mexicana (CONCAMIN), Jos\u00e9 Antonio<img decoding=\"async\" class=\"size-medium wp-image-424404 alignright\" src=\"https:\/\/dimensionturistica.com\/es\/wp-content\/uploads\/2022\/11\/Hector-Perez-y-Jose-Antonio-Abugaber-300x200.jpg\" alt=\"\" width=\"300\" height=\"200\" srcset=\"https:\/\/dimensionturistica.com\/es\/wp-content\/uploads\/2022\/11\/Hector-Perez-y-Jose-Antonio-Abugaber-300x200.jpg 300w, https:\/\/dimensionturistica.com\/es\/wp-content\/uploads\/2022\/11\/Hector-Perez-y-Jose-Antonio-Abugaber-1024x682.jpg 1024w, https:\/\/dimensionturistica.com\/es\/wp-content\/uploads\/2022\/11\/Hector-Perez-y-Jose-Antonio-Abugaber-768x512.jpg 768w, https:\/\/dimensionturistica.com\/es\/wp-content\/uploads\/2022\/11\/Hector-Perez-y-Jose-Antonio-Abugaber-750x500.jpg 750w, https:\/\/dimensionturistica.com\/es\/wp-content\/uploads\/2022\/11\/Hector-Perez-y-Jose-Antonio-Abugaber-1140x760.jpg 1140w, https:\/\/dimensionturistica.com\/es\/wp-content\/uploads\/2022\/11\/Hector-Perez-y-Jose-Antonio-Abugaber.jpg 1280w\" sizes=\"(max-width: 300px) 100vw, 300px\" \/> Abugaber Andonie, asegur\u00f3 que el sector de las micro, medianas y peque\u00f1as empresas son de gran relevancia para la econom\u00eda \u201cy necesitan de mayor apoyo, por ello es importante hacer este tipo de eventos\u201d.<br \/>\nDurante la ceremonia protocolaria que encabez\u00f3 el presidente de Cadena Empresarial Enlazadot, H\u00e9ctor Gabriel P\u00e9rez Gonz\u00e1lez, el Presidente de CONCAMIN resalt\u00f3 que en esta c\u00fapula empresarial \u201ctenemos claro el rol tan importante que tienen las micros, peque\u00f1as y medianas empresas en nuestra econom\u00eda nacional\u201d.<br \/>\nPor lo anterior, agreg\u00f3, el pasado 30 de agosto \u201cfirmamos el Convenio de colaboraci\u00f3n CONCAMIN-ENLAZADOT, con el fin de fortalecer a las mipymes y acelerar su vinculaci\u00f3n a la cadena de valor, a trav\u00e9s de la Confederaci\u00f3n y sus integrantes y con ello reducir la curva de aprendizaje de las empresas del sector industrial\u201d.<br \/>\nDijo que las mipymes, no est\u00e1n exentas de los desaf\u00edos que pueden ocurrir ante la competitividad del mercado, adem\u00e1s de muchos temas pendientes. Reconoci\u00f3 tambi\u00e9n la participaci\u00f3n la participaci\u00f3n de las mujeres. \u201cHay muchas emprendedoras y aplaudo su<img decoding=\"async\" class=\"size-medium wp-image-424403 alignright\" src=\"https:\/\/dimensionturistica.com\/es\/wp-content\/uploads\/2022\/11\/Corte-de-liston-300x200.jpg\" alt=\"\" width=\"300\" height=\"200\" srcset=\"https:\/\/dimensionturistica.com\/es\/wp-content\/uploads\/2022\/11\/Corte-de-liston-300x200.jpg 300w, https:\/\/dimensionturistica.com\/es\/wp-content\/uploads\/2022\/11\/Corte-de-liston-1024x682.jpg 1024w, https:\/\/dimensionturistica.com\/es\/wp-content\/uploads\/2022\/11\/Corte-de-liston-768x512.jpg 768w, https:\/\/dimensionturistica.com\/es\/wp-content\/uploads\/2022\/11\/Corte-de-liston-750x500.jpg 750w, https:\/\/dimensionturistica.com\/es\/wp-content\/uploads\/2022\/11\/Corte-de-liston-1140x760.jpg 1140w, https:\/\/dimensionturistica.com\/es\/wp-content\/uploads\/2022\/11\/Corte-de-liston.jpg 1280w\" sizes=\"(max-width: 300px) 100vw, 300px\" \/> compromiso, por eso la importancia de seguir impuls\u00e1ndolas, porque sin duda aportan<br \/>\nfuertemente a la econom\u00eda del pa\u00eds\u201d:<br \/>\nEl gobernador de Guanajuato, Diego Sinhu\u00e9 Rodr\u00edguez Vallejo mand\u00f3 un mensaje videograbado, en donde destac\u00f3 la importancia que tienen dentro de la econom\u00eda las micro, peque\u00f1as y medianas empresas; descat\u00f3 el hecho de que hay eventos como los que<br \/>\norganiza Cadena Empresarial Enlazadot y aplaudi\u00f3 que el V Encuentro Nacional de Mipymes se vaya a llevar a cabo en Le\u00f3n, Gto.<br \/>\nCon mensaje video grabado, tambi\u00e9n particip\u00f3 la presidenta municipal de Le\u00f3n, Ale Guti\u00e9rrez Campos, quien expres\u00f3 la importancia de apoyar a las mipymes e invit\u00f3 a los empresarios asistentes a tomar en cuenta a su ciudad para realizar todo tipo de negocios.<br \/>\nPor su parte el presidente de Cadena Empresarial Enlazadot, H\u00e9ctor P\u00e9rez., destac\u00f3 que \u201ces momento de salir adelante, de triunfar, pero tambi\u00e9n es necesario reconocer lo que es una<img decoding=\"async\" class=\"size-medium wp-image-424401 alignright\" src=\"https:\/\/dimensionturistica.com\/es\/wp-content\/uploads\/2022\/11\/Aspecto-inauguracion-300x200.jpg\" alt=\"\" width=\"300\" height=\"200\" srcset=\"https:\/\/dimensionturistica.com\/es\/wp-content\/uploads\/2022\/11\/Aspecto-inauguracion-300x200.jpg 300w, https:\/\/dimensionturistica.com\/es\/wp-content\/uploads\/2022\/11\/Aspecto-inauguracion-1024x682.jpg 1024w, https:\/\/dimensionturistica.com\/es\/wp-content\/uploads\/2022\/11\/Aspecto-inauguracion-768x512.jpg 768w, https:\/\/dimensionturistica.com\/es\/wp-content\/uploads\/2022\/11\/Aspecto-inauguracion-750x500.jpg 750w, https:\/\/dimensionturistica.com\/es\/wp-content\/uploads\/2022\/11\/Aspecto-inauguracion-1140x760.jpg 1140w, https:\/\/dimensionturistica.com\/es\/wp-content\/uploads\/2022\/11\/Aspecto-inauguracion.jpg 1280w\" sizes=\"(max-width: 300px) 100vw, 300px\" \/>realidad: los apoyos gubernamentales para que los negocios micro y peque\u00f1os se mantengan en el mercado, son escasos e insuficientes.<br \/>\nDicen los expertos que ser\u00e1 dif\u00edcil que este a\u00f1o podamos recuperar los niveles de crecimiento previos a la pandemia, sobre todo en lo que tiene que ver el PIB per c\u00e1pita. La econom\u00eda y los ingresos de las familias se est\u00e1n deteriorando.<br \/>\nPero ante el escenario adverso, el llamado no puede ser diferente a otros tiempos: a Resistir y Persistir para Subsistir.\u00a0 Eso es lo que nos mantiene con vida y nos ayuda a transmitirle esa vida a nuestros negocios, precis\u00f3.<br \/>\nEn su turno y para destacar la gran labor de las mujeres, la directora de Vinculaci\u00f3n de Cadena Empresarial Enlazadot, Marcela Fuentes Vald\u00e9s, habl\u00f3 de los grandes logros que las mujeres tienen dentro del \u00e1mbito empresarial y aplaudi\u00f3 a varias de ellas que se encontraban presentes.<br \/>\nPor su parte la presidenta del Patronato del Sistema DIF Zapopan, Michelle Greicha Frangie, destac\u00f3 especialmente el gran trabajo que d\u00eda a d\u00eda realizan los pueblos originarios y el gran<img decoding=\"async\" class=\"size-medium wp-image-424400 alignright\" src=\"https:\/\/dimensionturistica.com\/es\/wp-content\/uploads\/2022\/11\/Aspecto-_inauguracion-1-300x200.jpg\" alt=\"\" width=\"300\" height=\"200\" srcset=\"https:\/\/dimensionturistica.com\/es\/wp-content\/uploads\/2022\/11\/Aspecto-_inauguracion-1-300x200.jpg 300w, https:\/\/dimensionturistica.com\/es\/wp-content\/uploads\/2022\/11\/Aspecto-_inauguracion-1-1024x682.jpg 1024w, https:\/\/dimensionturistica.com\/es\/wp-content\/uploads\/2022\/11\/Aspecto-_inauguracion-1-768x512.jpg 768w, https:\/\/dimensionturistica.com\/es\/wp-content\/uploads\/2022\/11\/Aspecto-_inauguracion-1-750x500.jpg 750w, https:\/\/dimensionturistica.com\/es\/wp-content\/uploads\/2022\/11\/Aspecto-_inauguracion-1-1140x760.jpg 1140w, https:\/\/dimensionturistica.com\/es\/wp-content\/uploads\/2022\/11\/Aspecto-_inauguracion-1.jpg 1280w\" sizes=\"(max-width: 300px) 100vw, 300px\" \/>valor que es necesario darle a sus artesan\u00edas, que son maravillosas.<br \/>\nEn el presidum tambi\u00e9n se cont\u00f3 con la presencia del presidente de Expo Guadalajara, Federico D\u00efaz; la directora general de PLAi, Nadia Mireles; la directora de Atenci\u00f3n a<br \/>\nMipymes de Le\u00f3n; Janet Razo, as\u00ed como la presidenta del Colegio de Arquitectos de Jalisco, Laila P\u00e9rez Ochoa.<\/p>\n","protected":false},"excerpt":{"rendered":"<p>. Al inaugurar el 4o. Encuentro Nacional de Mipymes, el presidente de la Confederaci\u00f3n Nacional de C\u00e1maras Industriales de la Rep\u00fablica Mexicana (CONCAMIN), Jos\u00e9 Antonio Abugaber Andonie, asegur\u00f3 que el sector de las micro, medianas y peque\u00f1as empresas son de gran relevancia para la econom\u00eda \u201cy necesitan de mayor apoyo, por ello es importante hacer [&hellip;]<\/p>\n","protected":false},"author":1,"featured_media":424402,"comment_status":"open","ping_status":"closed","sticky":false,"template":"","format":"standard","meta":{"om_disable_all_campaigns":false,"jnews-multi-image_gallery":[],"jnews_single_post":{"source_name":"","source_url":"","via_name":"","via_url":"","override_template":"0","override":[{"template":"1","single_blog_custom":"","parallax":"1","fullscreen":"1","layout":"right-sidebar","sidebar":"default-sidebar","second_sidebar":"default-sidebar","sticky_sidebar":"1","share_position":"top","share_float_style":"share-monocrhome","show_share_counter":"1","show_view_counter":"1","show_featured":"1","show_post_meta":"1","show_post_author":"1","show_post_author_image":"1","show_post_date":"1","post_date_format":"default","post_date_format_custom":"Y\/m\/d","show_post_category":"1","show_post_reading_time":"0","post_reading_time_wpm":"300","show_zoom_button":"0","zoom_button_out_step":"2","zoom_button_in_step":"3","show_post_tag":"1","show_prev_next_post":"1","show_popup_post":"1","number_popup_post":"1","show_author_box":"0","show_post_related":"0","show_inline_post_related":"0"}],"override_image_size":"0","image_override":[{"single_post_thumbnail_size":"crop-500","single_post_gallery_size":"crop-500"}],"trending_post":"0","trending_post_position":"meta","trending_post_label":"Trending","sponsored_post":"0","sponsored_post_label":"Sponsored by","sponsored_post_name":"","sponsored_post_url":"","sponsored_post_logo_enable":"0","sponsored_post_logo":"","sponsored_post_desc":"","disable_ad":"0"},"jnews_primary_category":{"id":"","hide":""},"jnews_social_meta":{"fb_title":"","fb_description":"","fb_image":"","twitter_title":"","twitter_description":"","twitter_image":""},"footnotes":""},"categories":[40],"tags":[],"class_list":["post-424390","post","type-post","status-publish","format-standard","has-post-thumbnail","hentry","category-industria"],"_links":{"self":[{"href":"https:\/\/dimensionturistica.com\/es\/wp-json\/wp\/v2\/posts\/424390","targetHints":{"allow":["GET"]}}],"collection":[{"href":"https:\/\/dimensionturistica.com\/es\/wp-json\/wp\/v2\/posts"}],"about":[{"href":"https:\/\/dimensionturistica.com\/es\/wp-json\/wp\/v2\/types\/post"}],"author":[{"embeddable":true,"href":"https:\/\/dimensionturistica.com\/es\/wp-json\/wp\/v2\/users\/1"}],"replies":[{"embeddable":true,"href":"https:\/\/dimensionturistica.com\/es\/wp-json\/wp\/v2\/comments?post=424390"}],"version-history":[{"count":0,"href":"https:\/\/dimensionturistica.com\/es\/wp-json\/wp\/v2\/posts\/424390\/revisions"}],"wp:featuredmedia":[{"embeddable":true,"href":"https:\/\/dimensionturistica.com\/es\/wp-json\/wp\/v2\/media\/424402"}],"wp:attachment":[{"href":"https:\/\/dimensionturistica.com\/es\/wp-json\/wp\/v2\/media?parent=424390"}],"wp:term":[{"taxonomy":"category","embeddable":true,"href":"https:\/\/dimensionturistica.com\/es\/wp-json\/wp\/v2\/categories?post=424390"},{"taxonomy":"post_tag","embeddable":true,"href":"https:\/\/dimensionturistica.com\/es\/wp-json\/wp\/v2\/tags?post=424390"}],"curies":[{"name":"wp","href":"https:\/\/api.w.org\/{rel}","templated":true}]}}