{"id":424195,"date":"2022-11-13T09:54:02","date_gmt":"2022-11-13T09:54:02","guid":{"rendered":"https:\/\/dimensionturistica.com\/es\/?p=424195"},"modified":"2022-11-13T09:54:02","modified_gmt":"2022-11-13T09:54:02","slug":"participa-guanajuato-en-la-conferencia-de-las-naciones-unidas-sobre-el-cambio-climatico-cop-27-en-egipto","status":"publish","type":"post","link":"https:\/\/dimensionturistica.com\/es\/participa-guanajuato-en-la-conferencia-de-las-naciones-unidas-sobre-el-cambio-climatico-cop-27-en-egipto\/","title":{"rendered":"Participa Guanajuato en la \u201cConferencia de las Naciones Unidas sobre el Cambio Clim\u00e1tico (COP 27)\u201d en Egipto"},"content":{"rendered":"<p>El Estado de Guanajuato, a trav\u00e9s de la Secretar\u00eda de Turismo (SECTUR) y la Secretar\u00eda de Medio Ambiente y Ordenamiento Territorial (SMAOT), participa en actividades que<img decoding=\"async\" class=\"size-medium wp-image-424200 alignright\" src=\"https:\/\/dimensionturistica.com\/es\/wp-content\/uploads\/2022\/11\/b24c959d-5246-49f1-a85a-e56836027c84-225x300.jpg\" alt=\"\" width=\"225\" height=\"300\" srcset=\"https:\/\/dimensionturistica.com\/es\/wp-content\/uploads\/2022\/11\/b24c959d-5246-49f1-a85a-e56836027c84-225x300.jpg 225w, https:\/\/dimensionturistica.com\/es\/wp-content\/uploads\/2022\/11\/b24c959d-5246-49f1-a85a-e56836027c84-768x1024.jpg 768w, https:\/\/dimensionturistica.com\/es\/wp-content\/uploads\/2022\/11\/b24c959d-5246-49f1-a85a-e56836027c84-1152x1536.jpg 1152w, https:\/\/dimensionturistica.com\/es\/wp-content\/uploads\/2022\/11\/b24c959d-5246-49f1-a85a-e56836027c84-750x1000.jpg 750w, https:\/\/dimensionturistica.com\/es\/wp-content\/uploads\/2022\/11\/b24c959d-5246-49f1-a85a-e56836027c84-1140x1520.jpg 1140w, https:\/\/dimensionturistica.com\/es\/wp-content\/uploads\/2022\/11\/b24c959d-5246-49f1-a85a-e56836027c84.jpg 1200w\" sizes=\"(max-width: 225px) 100vw, 225px\" \/> enmarcan la \u201cConferencia de las Naciones Unidas sobre el Cambio Clim\u00e1tico (COP 27)\u201d, realizado en Sharm El Sheij, Rep\u00fablica \u00c1rabe de Egipto, evento liderado por la Organizaci\u00f3n de las Naciones Unidas (ONU).<br \/>\nEste evento ofrece, a los responsables pol\u00edticos de alto nivel y a los l\u00edderes empresariales, una oportunidad \u00fanica de reflexionar sobre la aplicaci\u00f3n de la \u201cDeclaraci\u00f3n de Glasgow sobre la Acci\u00f3n por el Clima en el Turismo\u201d, lanzada en la COP26, centr\u00e1ndose especialmente en las perspectivas estrat\u00e9gicas de apoyo a los enfoques regenerativos en los destinos y en la financiaci\u00f3n innovadora.<br \/>\nLa Declaraci\u00f3n de Glasgow es un catalizador para incidir en la urgencia de la necesidad de acelerar la acci\u00f3n clim\u00e1tica en el turismo y lograr compromisos firmes de apoyo a los objetivos mundiales de reducir a la mitad las emisiones en la pr\u00f3xima d\u00e9cada y alcanzar el<img decoding=\"async\" class=\"size-medium wp-image-424196 alignright\" src=\"https:\/\/dimensionturistica.com\/es\/wp-content\/uploads\/2022\/11\/3f783323-707e-4a46-8249-348f193ed8b0-300x225.jpg\" alt=\"\" width=\"300\" height=\"225\" srcset=\"https:\/\/dimensionturistica.com\/es\/wp-content\/uploads\/2022\/11\/3f783323-707e-4a46-8249-348f193ed8b0-300x225.jpg 300w, https:\/\/dimensionturistica.com\/es\/wp-content\/uploads\/2022\/11\/3f783323-707e-4a46-8249-348f193ed8b0-1024x768.jpg 1024w, https:\/\/dimensionturistica.com\/es\/wp-content\/uploads\/2022\/11\/3f783323-707e-4a46-8249-348f193ed8b0-768x576.jpg 768w, https:\/\/dimensionturistica.com\/es\/wp-content\/uploads\/2022\/11\/3f783323-707e-4a46-8249-348f193ed8b0-1536x1152.jpg 1536w, https:\/\/dimensionturistica.com\/es\/wp-content\/uploads\/2022\/11\/3f783323-707e-4a46-8249-348f193ed8b0-750x563.jpg 750w, https:\/\/dimensionturistica.com\/es\/wp-content\/uploads\/2022\/11\/3f783323-707e-4a46-8249-348f193ed8b0-1140x855.jpg 1140w, https:\/\/dimensionturistica.com\/es\/wp-content\/uploads\/2022\/11\/3f783323-707e-4a46-8249-348f193ed8b0.jpg 1600w\" sizes=\"(max-width: 300px) 100vw, 300px\" \/> cero neto lo antes posible, y siempre antes de 2050.<br \/>\nEste a\u00f1o, representando a Guanajuato y a M\u00e9xico, Juan Jos\u00e9 \u00c1lvarez Brunel, secretario de Turismo, y Mar\u00eda Isabel Ortiz Mantilla, secretaria de Medio Ambiente y Ordenamiento Territorial del Estado de Guanajuato, ponen el ejemplo al liderar acciones sustentables de manera transversal: Turismo-Medio Ambiente- en el destino.<br \/>\nMisma que ha detonado un impulso a la Alianza Nacional ASETUR (Asociaci\u00f3n de Secretarios de Turismo)-ANAAE (Asociaci\u00f3n Nacional de Autoridades Ambientales Estatales), siendo reflector para las acciones que la Organizaci\u00f3n Mundial de Turismo (OMT) realiza en cumplimiento de la agenda 2030 de los Objetivos de Desarrollo<img decoding=\"async\" class=\"size-medium wp-image-424199 alignright\" src=\"https:\/\/dimensionturistica.com\/es\/wp-content\/uploads\/2022\/11\/734d86a3-fee7-4d90-b3c4-98296c97db09-300x225.jpg\" alt=\"\" width=\"300\" height=\"225\" srcset=\"https:\/\/dimensionturistica.com\/es\/wp-content\/uploads\/2022\/11\/734d86a3-fee7-4d90-b3c4-98296c97db09-300x225.jpg 300w, https:\/\/dimensionturistica.com\/es\/wp-content\/uploads\/2022\/11\/734d86a3-fee7-4d90-b3c4-98296c97db09-1024x768.jpg 1024w, https:\/\/dimensionturistica.com\/es\/wp-content\/uploads\/2022\/11\/734d86a3-fee7-4d90-b3c4-98296c97db09-768x576.jpg 768w, https:\/\/dimensionturistica.com\/es\/wp-content\/uploads\/2022\/11\/734d86a3-fee7-4d90-b3c4-98296c97db09-1536x1152.jpg 1536w, https:\/\/dimensionturistica.com\/es\/wp-content\/uploads\/2022\/11\/734d86a3-fee7-4d90-b3c4-98296c97db09-750x563.jpg 750w, https:\/\/dimensionturistica.com\/es\/wp-content\/uploads\/2022\/11\/734d86a3-fee7-4d90-b3c4-98296c97db09-1140x855.jpg 1140w, https:\/\/dimensionturistica.com\/es\/wp-content\/uploads\/2022\/11\/734d86a3-fee7-4d90-b3c4-98296c97db09.jpg 1600w\" sizes=\"(max-width: 300px) 100vw, 300px\" \/> Sostenible (ODS).<br \/>\nHoy, ambos secretarios, Juan Jos\u00e9 \u00c1lvarez y Marisa Ortiz se reunieron con Angelo Sartori, director Global de Partes Interesadas del Est\u00e1ndar Internacional Verra, con el objetivo de revisar los programas que tienen en compensaci\u00f3n de Huella de Carbono. En dicha reuni\u00f3n, organizada por SMAOT, se gener\u00f3 la posibilidad de sumar capacitaciones en este tema para el sector tur\u00edstico.<br \/>\nAdem\u00e1s, los secretarios de Guanajuato mantuvieron tambi\u00e9n reuni\u00f3n con Beth Child,<img decoding=\"async\" class=\"size-medium wp-image-424198 alignright\" src=\"https:\/\/dimensionturistica.com\/es\/wp-content\/uploads\/2022\/11\/67bb04ee-5b97-4c5e-aee2-a5b3abc69618-300x225.jpg\" alt=\"\" width=\"300\" height=\"225\" srcset=\"https:\/\/dimensionturistica.com\/es\/wp-content\/uploads\/2022\/11\/67bb04ee-5b97-4c5e-aee2-a5b3abc69618-300x225.jpg 300w, https:\/\/dimensionturistica.com\/es\/wp-content\/uploads\/2022\/11\/67bb04ee-5b97-4c5e-aee2-a5b3abc69618-1024x768.jpg 1024w, https:\/\/dimensionturistica.com\/es\/wp-content\/uploads\/2022\/11\/67bb04ee-5b97-4c5e-aee2-a5b3abc69618-768x576.jpg 768w, https:\/\/dimensionturistica.com\/es\/wp-content\/uploads\/2022\/11\/67bb04ee-5b97-4c5e-aee2-a5b3abc69618-1536x1152.jpg 1536w, https:\/\/dimensionturistica.com\/es\/wp-content\/uploads\/2022\/11\/67bb04ee-5b97-4c5e-aee2-a5b3abc69618-750x563.jpg 750w, https:\/\/dimensionturistica.com\/es\/wp-content\/uploads\/2022\/11\/67bb04ee-5b97-4c5e-aee2-a5b3abc69618-1140x855.jpg 1140w, https:\/\/dimensionturistica.com\/es\/wp-content\/uploads\/2022\/11\/67bb04ee-5b97-4c5e-aee2-a5b3abc69618.jpg 1600w\" sizes=\"(max-width: 300px) 100vw, 300px\" \/> subdirectora global de UK Pact, con el objetivo de dar seguimiento y respaldo medi\u00e1tico en los proyectos de medio ambiente y cambio clim\u00e1tico en la entidad.<br \/>\nMa\u00f1ana, 10 de noviembre, Marisa Ortiz y \u00c1lvarez Brunel, participar\u00e1n en el panel &#8220;Ampliar la acci\u00f3n clim\u00e1tica en el turismo: la Declaraci\u00f3n de Glasgow&#8221;, de la Organizaci\u00f3n Mundial de Turismo (OMT), evento con enfoque de pol\u00edticas y estrategias corporativas.<br \/>\nPersonalidades como Simon Stiell, secretario Ejecutivo de la Organizaci\u00f3n de las Naciones Unidas, Cambio Clim\u00e1tico (CMNUCC); y por Zurab Pololikashvili, secretario general de la OMT, dieron la bienvenida a los asistentes en este evento.<\/p>\n","protected":false},"excerpt":{"rendered":"<p>El Estado de Guanajuato, a trav\u00e9s de la Secretar\u00eda de Turismo (SECTUR) y la Secretar\u00eda de Medio Ambiente y Ordenamiento Territorial (SMAOT), participa en actividades que enmarcan la \u201cConferencia de las Naciones Unidas sobre el Cambio Clim\u00e1tico (COP 27)\u201d, realizado en Sharm El Sheij, Rep\u00fablica \u00c1rabe de Egipto, evento liderado por la Organizaci\u00f3n de las [&hellip;]<\/p>\n","protected":false},"author":1,"featured_media":424197,"comment_status":"open","ping_status":"closed","sticky":false,"template":"","format":"standard","meta":{"om_disable_all_campaigns":false,"jnews-multi-image_gallery":[],"jnews_single_post":{"source_name":"","source_url":"","via_name":"","via_url":"","override_template":"0","override":[{"template":"1","single_blog_custom":"","parallax":"1","fullscreen":"1","layout":"right-sidebar","sidebar":"default-sidebar","second_sidebar":"default-sidebar","sticky_sidebar":"1","share_position":"top","share_float_style":"share-monocrhome","show_share_counter":"1","show_view_counter":"1","show_featured":"1","show_post_meta":"1","show_post_author":"1","show_post_author_image":"1","show_post_date":"1","post_date_format":"default","post_date_format_custom":"Y\/m\/d","show_post_category":"1","show_post_reading_time":"0","post_reading_time_wpm":"300","show_zoom_button":"0","zoom_button_out_step":"2","zoom_button_in_step":"3","show_post_tag":"1","show_prev_next_post":"1","show_popup_post":"1","number_popup_post":"1","show_author_box":"0","show_post_related":"0","show_inline_post_related":"0"}],"override_image_size":"0","image_override":[{"single_post_thumbnail_size":"crop-500","single_post_gallery_size":"crop-500"}],"trending_post":"0","trending_post_position":"meta","trending_post_label":"Trending","sponsored_post":"0","sponsored_post_label":"Sponsored by","sponsored_post_name":"","sponsored_post_url":"","sponsored_post_logo_enable":"0","sponsored_post_logo":"","sponsored_post_desc":"","disable_ad":"0"},"jnews_primary_category":{"id":"","hide":""},"jnews_social_meta":{"fb_title":"","fb_description":"","fb_image":"","twitter_title":"","twitter_description":"","twitter_image":""},"footnotes":""},"categories":[39],"tags":[],"class_list":["post-424195","post","type-post","status-publish","format-standard","has-post-thumbnail","hentry","category-viajes"],"_links":{"self":[{"href":"https:\/\/dimensionturistica.com\/es\/wp-json\/wp\/v2\/posts\/424195","targetHints":{"allow":["GET"]}}],"collection":[{"href":"https:\/\/dimensionturistica.com\/es\/wp-json\/wp\/v2\/posts"}],"about":[{"href":"https:\/\/dimensionturistica.com\/es\/wp-json\/wp\/v2\/types\/post"}],"author":[{"embeddable":true,"href":"https:\/\/dimensionturistica.com\/es\/wp-json\/wp\/v2\/users\/1"}],"replies":[{"embeddable":true,"href":"https:\/\/dimensionturistica.com\/es\/wp-json\/wp\/v2\/comments?post=424195"}],"version-history":[{"count":0,"href":"https:\/\/dimensionturistica.com\/es\/wp-json\/wp\/v2\/posts\/424195\/revisions"}],"wp:featuredmedia":[{"embeddable":true,"href":"https:\/\/dimensionturistica.com\/es\/wp-json\/wp\/v2\/media\/424197"}],"wp:attachment":[{"href":"https:\/\/dimensionturistica.com\/es\/wp-json\/wp\/v2\/media?parent=424195"}],"wp:term":[{"taxonomy":"category","embeddable":true,"href":"https:\/\/dimensionturistica.com\/es\/wp-json\/wp\/v2\/categories?post=424195"},{"taxonomy":"post_tag","embeddable":true,"href":"https:\/\/dimensionturistica.com\/es\/wp-json\/wp\/v2\/tags?post=424195"}],"curies":[{"name":"wp","href":"https:\/\/api.w.org\/{rel}","templated":true}]}}