{"id":424129,"date":"2022-11-13T06:23:34","date_gmt":"2022-11-13T06:23:34","guid":{"rendered":"https:\/\/dimensionturistica.com\/es\/?p=424129"},"modified":"2022-11-13T06:23:35","modified_gmt":"2022-11-13T06:23:35","slug":"un-cuervo-hecho-castillo","status":"publish","type":"post","link":"https:\/\/dimensionturistica.com\/es\/un-cuervo-hecho-castillo\/","title":{"rendered":"Un cuervo hecho castillo"},"content":{"rendered":"<p> <br \/>\n<\/p>\n<div>\n<div id=\"involveds\" class=\"involveds wrap\">\n<div class=\"involved-authors only-author\">\n<div class=\"first-author\">\n<figure class=\"thumb col-xs-3\">&#13;<img loading=\"lazy\" decoding=\"async\" src=\"https:\/\/news.google.com\/medio\/2021\/12\/15\/xell_b48658f1_600x600.png\" alt=\"Xell\" class=\"lazyload\" width=\"600\" height=\"600\" data-aspectratio=\"600\/600\"\/><noscript><img decoding=\"async\" src=\"https:\/\/news.google.com\/medio\/2021\/12\/15\/xell_b48658f1_600x600.png\" alt=\"Xell\"\/><\/noscript>&#13;<\/figure>\n<\/div>\n<\/div>\n<\/div>\n<p class=\"date\"> <time itemprop=\"dateModified\" datetime=\"2022-11-13T07:00:00+01:00\" data-timestamp=\"1668322800\">&#13;13 de noviembre de 2022 \u00b7 07:00<\/time>&#13;<\/p>\n<\/div>\n<div id=\"article-text\">\n<div class=\"txt\">\n<aside class=\"subscription-highlighted\">\n<div class=\"subscription-container\">\n<div class=\"non-subscribed\">\n<p class=\"description\">Somos de rutas, no de rutinas. Descubre Viajes Nationwide Geographic<\/p>\n<p><a rel=\"nofollow noopener\" target=\"_blank\" href=\"https:\/\/tienda.rba.es\/revistas\/viajes-national-geographic?rba_source=viajes.nationalgeographic.com.es&amp;rba_medium=referral&amp;rba_campaign=NGMV&amp;rba_content=frase-articulo\" class=\"more-link\">SABER M\u00c1S<\/a><\/div>\n<\/div>\n<\/aside>\n<p style=\"display: none;\"><img decoding=\"async\" id=\"ctl01_ctl00_phMain_phMain_ctl00_ctl02_ctl17_ctl01_imgContent\" src=\"https:\/\/news.google.com\/medio\/2022\/11\/11\/matsumoto_905adee7_800x800.jpeg\" alt=\"Matsumoto\" style=\"border-width:0px;\"\/><\/p>\n<aside class=\"add300x250 publi-interior-top ad-container-r1 ad-inline\"\/>\n<p>En el castillo de Matsumoto es f\u00e1cil imaginar c\u00f3mo period la vida de los se\u00f1ores feudales y de los samur\u00e1is gracias a su espectacular estado de preservaci\u00f3n. Catalogado como Tesoro Nacional, es uno de los pocos de Jap\u00f3n que conserva muchas partes de la estructura authentic, como su torre, la m\u00e1s antigua de 5 alturas de todas las fortalezas niponas. Se construy\u00f3 durante el siglo XVI, justo cuando los bastiones militares empezaban a adquirir prestigio como castillos.<\/p>\n<p>Se construy\u00f3 con una delicada estructura exterior de shade oscuro, que le dio el apodo de Castillo del Cuervo, as\u00ed como su ubicaci\u00f3n encima de un muro de roca rodeado por un foso. En el inside, las salas decoradas con armas y armaduras antiguas narran la historia del monumento. Desde el mirador del piso superior se disfruta de una vista sobre la ciudad que alcanza la meseta Utsukushigahara y los Alpes japoneses.<\/p>\n<aside class=\"add300x600 publi-interior-bot ad-inline ad-container-r2\"\/><\/div>\n<p><!-- START:toolbar --><!-- END:toolbar --><\/div>\n\n<p><em> &#8221; Fuentes news.google.com &#8221; <\/em><\/p>\n","protected":false},"excerpt":{"rendered":"<p>&#13;&#13; &#13;13 de noviembre de 2022 \u00b7 07:00&#13; Somos de rutas, no de rutinas. Descubre Viajes Nationwide Geographic SABER M\u00c1S En el castillo de Matsumoto es f\u00e1cil imaginar c\u00f3mo period la vida de los se\u00f1ores feudales y de los samur\u00e1is gracias a su espectacular estado de preservaci\u00f3n. Catalogado como Tesoro Nacional, es uno de los [&hellip;]<\/p>\n","protected":false},"author":4,"featured_media":424130,"comment_status":"open","ping_status":"closed","sticky":false,"template":"","format":"standard","meta":{"om_disable_all_campaigns":false,"jnews-multi-image_gallery":[],"jnews_single_post":[],"jnews_primary_category":[],"jnews_social_meta":[],"footnotes":""},"categories":[39],"tags":[47258,47257],"class_list":["post-424129","post","type-post","status-publish","format-standard","has-post-thumbnail","hentry","category-viajes","tag-cargado-desde-el-fichero-de-recursos","tag-keywords-por-defecto"],"_links":{"self":[{"href":"https:\/\/dimensionturistica.com\/es\/wp-json\/wp\/v2\/posts\/424129","targetHints":{"allow":["GET"]}}],"collection":[{"href":"https:\/\/dimensionturistica.com\/es\/wp-json\/wp\/v2\/posts"}],"about":[{"href":"https:\/\/dimensionturistica.com\/es\/wp-json\/wp\/v2\/types\/post"}],"author":[{"embeddable":true,"href":"https:\/\/dimensionturistica.com\/es\/wp-json\/wp\/v2\/users\/4"}],"replies":[{"embeddable":true,"href":"https:\/\/dimensionturistica.com\/es\/wp-json\/wp\/v2\/comments?post=424129"}],"version-history":[{"count":0,"href":"https:\/\/dimensionturistica.com\/es\/wp-json\/wp\/v2\/posts\/424129\/revisions"}],"wp:featuredmedia":[{"embeddable":true,"href":"https:\/\/dimensionturistica.com\/es\/wp-json\/wp\/v2\/media\/424130"}],"wp:attachment":[{"href":"https:\/\/dimensionturistica.com\/es\/wp-json\/wp\/v2\/media?parent=424129"}],"wp:term":[{"taxonomy":"category","embeddable":true,"href":"https:\/\/dimensionturistica.com\/es\/wp-json\/wp\/v2\/categories?post=424129"},{"taxonomy":"post_tag","embeddable":true,"href":"https:\/\/dimensionturistica.com\/es\/wp-json\/wp\/v2\/tags?post=424129"}],"curies":[{"name":"wp","href":"https:\/\/api.w.org\/{rel}","templated":true}]}}